{"id":2605,"date":"2026-05-31T00:27:59","date_gmt":"2026-05-30T21:27:59","guid":{"rendered":"https:\/\/imgist.ru\/ariya-vega-zavershaet-final-la-casa-de-los-famosos-colombia-tropicheskim-dekorom-i-otdaet-dan-uvazheniya-toto-la-mompozine\/"},"modified":"2026-05-31T00:27:59","modified_gmt":"2026-05-30T21:27:59","slug":"aria-vega-zavershaet-final-la-casa-de-los-famosos-colombia-tropicheskim-dekor-i-otdaet-dan-uvazheniya-toto-la-mompozine","status":"publish","type":"post","link":"https:\/\/imgist.ru\/es\/ariya-vega-zavershaet-final-la-casa-de-los-famosos-colombia-tropicheskim-dekorom-i-otdaet-dan-uvazheniya-toto-la-mompozine\/","title":{"rendered":"Aria Vega cierra el final de &quot;La Casa de los Famosos Colombia&quot; con ambientaci\u00f3n tropical y homenaje a Toto la Momposina"},"content":{"rendered":"<p>Como n\u00famero de cierre de la final de La Casa de los Famosos Colombia 2026, Aria Vega, apodada &quot;La Nena de Quilla&quot; por los fans, ofreci\u00f3 una en\u00e9rgica actuaci\u00f3n de m\u00fasica caribe\u00f1a, rindiendo homenaje al gran m\u00fasico colombiano Toto la Momposina.<\/p>\n<p> El artista nacido en Barranquilla dio vida a \u00e9xitos como \u00abPrende la Vela\u00bb, \u00abCULE POCO (sirena_besarico_coste\u00f1a)\u00bb, \u00abAY MAMA (mi tibur\u00f3n)\u00bb, \u00abAGUA E&#039; PANELA (cule_nota)\u2019 y \u00bbCH\u00c9VERE (joes\u00f3n_type_beat)\u00ab, dejando a todos los presentes asombrados y conmovidos.<\/p>\n<p> Un momento especialmente memorable de la actuaci\u00f3n fue c\u00f3mo Vega anim\u00f3 al p\u00fablico a bailar al ritmo del \u00e9xito viral. <\/p>\n<p> Curiosamente, esto formaba parte de la gira &quot;Cariavales&quot; de Vega, que tuvo lugar por todo el pa\u00eds. <\/p>\n<p> Otro motivo por el que Vega ha estado recibiendo tanta atenci\u00f3n \u00faltimamente es su colaboraci\u00f3n con Ryan Castro, &quot;Ch\u00e9vere (premium_remix)&quot;; el sencillo se ha mantenido en el primer puesto de la lista Billboard Colombia Hot 100 durante las \u00faltimas diez semanas y ha recibido numerosas nominaciones a premios.<\/p>\n<p> Cabe destacar que Vega gan\u00f3 popularidad gracias a su primer \u00e9xito &quot;CULE POCO (sirena_besarico_coste\u00f1a)&quot;.<\/p>\n<p> Los expertos del sector creen que la estrecha conexi\u00f3n de Vega con su p\u00fablico y su estilo \u00fanico indican que est\u00e1 destinada a alcanzar un \u00e9xito a\u00fan mayor.<\/p>\n<p> El art\u00edculo &quot;Aria Vega cierra el final de la serie &#039;La Casa de los Famosos Colombia&#039; con una actuaci\u00f3n tropical y rinde homenaje a Toto La Momposina&quot; apareci\u00f3 primero en Where Is The Buzz | Breaking News, Entertainment, Exclusive Interviews &amp; More .<\/p>","protected":false},"excerpt":{"rendered":"<p>Como tema de cierre de la final de La Casa de los Famosos Colombia 2026, Aria Vega, apodada &quot;La Nena de Quilla&quot; por los fan\u00e1ticos, brind\u00f3 una en\u00e9rgica actuaci\u00f3n de m\u00fasica caribe\u00f1a\u2026<\/p>","protected":false},"author":1,"featured_media":2606,"comment_status":"open","ping_status":"closed","sticky":false,"template":"","format":"standard","meta":{"footnotes":""},"categories":[7],"tags":[],"class_list":["post-2605","post","type-post","status-publish","format-standard","has-post-thumbnail","hentry","category-muzyka","hvn-theme-has-thumbnail"],"_links":{"self":[{"href":"https:\/\/imgist.ru\/es\/wp-json\/wp\/v2\/posts\/2605","targetHints":{"allow":["GET"]}}],"collection":[{"href":"https:\/\/imgist.ru\/es\/wp-json\/wp\/v2\/posts"}],"about":[{"href":"https:\/\/imgist.ru\/es\/wp-json\/wp\/v2\/types\/post"}],"author":[{"embeddable":true,"href":"https:\/\/imgist.ru\/es\/wp-json\/wp\/v2\/users\/1"}],"replies":[{"embeddable":true,"href":"https:\/\/imgist.ru\/es\/wp-json\/wp\/v2\/comments?post=2605"}],"version-history":[{"count":0,"href":"https:\/\/imgist.ru\/es\/wp-json\/wp\/v2\/posts\/2605\/revisions"}],"wp:featuredmedia":[{"embeddable":true,"href":"https:\/\/imgist.ru\/es\/wp-json\/wp\/v2\/media\/2606"}],"wp:attachment":[{"href":"https:\/\/imgist.ru\/es\/wp-json\/wp\/v2\/media?parent=2605"}],"wp:term":[{"taxonomy":"category","embeddable":true,"href":"https:\/\/imgist.ru\/es\/wp-json\/wp\/v2\/categories?post=2605"},{"taxonomy":"post_tag","embeddable":true,"href":"https:\/\/imgist.ru\/es\/wp-json\/wp\/v2\/tags?post=2605"}],"curies":[{"name":"wp","href":"https:\/\/api.w.org\/{rel}","templated":true}]}}