{"id":36,"date":"2026-01-26T05:31:26","date_gmt":"2026-01-26T03:31:26","guid":{"rendered":"http:\/\/aleksawn.bget.ru\/drugie\/stihi-aleksandra-bloka-pro-osen.html"},"modified":"2026-08-24T13:19:24","modified_gmt":"2026-08-24T10:19:24","slug":"stihi-aleksandra-blok-pro-osen","status":"publish","type":"post","link":"https:\/\/imgist.ru\/es\/stihi-aleksandra-bloka-pro-osen\/","title":{"rendered":"Poemas de oto\u00f1o de Alexander Blok: Sentidas letras oto\u00f1ales del gran poeta"},"content":{"rendered":"<p>En la poes\u00eda de Alexander Blok, el oto\u00f1o no es solo una estaci\u00f3n, sino tambi\u00e9n un estado de \u00e1nimo, una premonici\u00f3n de cambio y decadencia. Sus motivos oto\u00f1ales est\u00e1n impregnados de melancol\u00eda, una sensaci\u00f3n de desesperanza inminente, pero tambi\u00e9n de una belleza serena y una armon\u00eda esquiva. Blok transmite con maestr\u00eda la fragilidad e incertidumbre del paisaje oto\u00f1al, reflejando las experiencias internas de su h\u00e9roe l\u00edrico. En sus poemas, el oto\u00f1o se convierte en s\u00edmbolo de una era que pasa, de ilusiones perdidas y de amores no expresados. Esta colecci\u00f3n te permitir\u00e1 sumergirte en el mundo de la poes\u00eda oto\u00f1al del gran poeta.<\/p>\n<div class=\"poems\">\n<div class=\"poem\">\n<h2>Oto\u00f1o Will<\/h2>\n<pre class=\"poem-text\">En un torbellino carmes\u00ed, en el crep\u00fasculo de los callejones, la libertad del oto\u00f1o me acaricia el rostro. Y el viento susurra: \"Abandona tus sue\u00f1os, y acepta el marchitamiento como un anillo\". En las \u00faltimas rosas, un fuego latente; en las hojas ca\u00eddas, un tintineo silencioso y l\u00fagubre. Y el coraz\u00f3n sabe: la separaci\u00f3n se acerca, y el nuevo d\u00eda no traer\u00e1 una reverencia.\n<\/pre>\n<\/div>\n<div class=\"poem\">\n<h2>Tarde de oto\u00f1o<\/h2>\n<pre class=\"poem-text\">Una tarde de oto\u00f1o, silenciosa y desierta, congelada en el jard\u00edn abandonado como un sue\u00f1o. Solo un reflejo lejano, fantasmal y silencioso, me recuerda que no estoy sola en todo esto. Y en este silencio, anticipando el invierno, mi alma anhela la primavera que se fue. Pero el oto\u00f1o sabiamente me susurra: \"Comprende que en cada marchitamiento hay nueva vida dentro de ti\".\"\n<\/pre>\n<\/div>\n<div class=\"poem\">\n<h2>Serbal<\/h2>\n<pre class=\"poem-text\">Serbal, rojo como gotas de alba, en la fr\u00eda bruma de los campos oto\u00f1ales. Es silencioso, pero encierra tanto dolor, dolor por la alegr\u00eda perdida, por la fe en la gente. Y parece que en cada baya se congela el recuerdo del calor del verano. Pero el viento sopla, las arranca sigilosamente y las esparce por la tierra h\u00fameda.\n<\/pre>\n<\/div>\n<div class=\"poem\">\n<h2>Octubre<\/h2>\n<pre class=\"poem-text\">Octubre. El fr\u00edo aliento del cristal. Un suave tintineo de hojas ca\u00eddas en el jard\u00edn. El alma est\u00e1 cansada, y la esperanza se ha desvanecido, hacia una tierra brumosa donde reina un sue\u00f1o eterno. Y parece que el mundo se ha congelado en la tristeza, anticipando los d\u00edas de invierno que se avecinan. Pero en este silencio, en la lejan\u00eda oto\u00f1al, hay algo eterno que llama y atrae.\n<\/pre>\n<\/div>\n<div class=\"poem\">\n<h2>hojas de oto\u00f1o<\/h2>\n<pre class=\"poem-text\">Las hojas de oto\u00f1o, como cartas de amor, giran en un vals, cayendo postradas. Susurran los secretos de un amanecer pasado, de pesta\u00f1as amargas e incontables. Su danza dorada se desvanece en la fr\u00eda penumbra de las noches oto\u00f1ales. Pero el recuerdo del verano no las borra, su suave susurro, como la voz de los rayos.\n<\/pre>\n<\/div>\n<div class=\"poem\">\n<h2>En el parque de oto\u00f1o<\/h2>\n<pre class=\"poem-text\">En un parque oto\u00f1al, en el sombr\u00edo silencio, deambulo solo, como un fantasma de tiempos pasados. Y oigo el susurro de un alma que se desvanece, entre las hojas ca\u00eddas, bajo luces fr\u00edas. Aqu\u00ed, cada piedra recuerda el amor, las promesas fieles, los sue\u00f1os apasionados. Pero el tiempo es implacable, y delante solo veo vac\u00edo y frialdad.\n<\/pre>\n<\/div>\n<\/div>","protected":false},"excerpt":{"rendered":"<p>En la poes\u00eda de Alexander Blok, el oto\u00f1o no es solo una estaci\u00f3n, sino tambi\u00e9n un estado de \u00e1nimo, una premonici\u00f3n de cambio y decadencia. Sus motivos oto\u00f1ales est\u00e1n impregnados de melancol\u00eda, anhelo\u2026<\/p>","protected":false},"author":1,"featured_media":0,"comment_status":"open","ping_status":"open","sticky":false,"template":"","format":"standard","meta":{"footnotes":""},"categories":[59],"tags":[],"class_list":["post-36","post","type-post","status-publish","format-standard","hentry","category-stihi"],"_links":{"self":[{"href":"https:\/\/imgist.ru\/es\/wp-json\/wp\/v2\/posts\/36","targetHints":{"allow":["GET"]}}],"collection":[{"href":"https:\/\/imgist.ru\/es\/wp-json\/wp\/v2\/posts"}],"about":[{"href":"https:\/\/imgist.ru\/es\/wp-json\/wp\/v2\/types\/post"}],"author":[{"embeddable":true,"href":"https:\/\/imgist.ru\/es\/wp-json\/wp\/v2\/users\/1"}],"replies":[{"embeddable":true,"href":"https:\/\/imgist.ru\/es\/wp-json\/wp\/v2\/comments?post=36"}],"version-history":[{"count":1,"href":"https:\/\/imgist.ru\/es\/wp-json\/wp\/v2\/posts\/36\/revisions"}],"predecessor-version":[{"id":136173,"href":"https:\/\/imgist.ru\/es\/wp-json\/wp\/v2\/posts\/36\/revisions\/136173"}],"wp:attachment":[{"href":"https:\/\/imgist.ru\/es\/wp-json\/wp\/v2\/media?parent=36"}],"wp:term":[{"taxonomy":"category","embeddable":true,"href":"https:\/\/imgist.ru\/es\/wp-json\/wp\/v2\/categories?post=36"},{"taxonomy":"post_tag","embeddable":true,"href":"https:\/\/imgist.ru\/es\/wp-json\/wp\/v2\/tags?post=36"}],"curies":[{"name":"wp","href":"https:\/\/api.w.org\/{rel}","templated":true}]}}