{"id":3801,"date":"2026-05-31T21:20:25","date_gmt":"2026-05-31T18:20:25","guid":{"rendered":"https:\/\/imgist.ru\/hejden-panetteri-govorit-chto-v-detstve-buduchi-zvezdoj-ona-perezhila-krizis-identichnosti\/"},"modified":"2026-08-29T11:31:58","modified_gmt":"2026-08-29T08:31:58","slug":"heyden-panetteri-afirma-que-sufrio-una-crisis-de-identidad-cuando-era-una-estrella-infantil","status":"publish","type":"post","link":"https:\/\/imgist.ru\/es\/hejden-panetteri-govorit-chto-v-detstve-buduchi-zvezdoj-ona-perezhila-krizis-identichnosti\/","title":{"rendered":"Hayden Panettiere afirma que sufri\u00f3 una &quot;crisis de identidad&quot; cuando era una estrella infantil."},"content":{"rendered":"<p><strong>Hayden Panettiere<\/strong> Recientemente, habl\u00f3 abiertamente sobre el lado oscuro de la fama infantil, admitiendo que experiment\u00f3 su &quot;primera crisis de identidad&quot; a los 12 a\u00f1os.<\/p>\n<p> Durante una reciente conversaci\u00f3n sobre sus nuevas memorias,\u00ab <em>Este soy yo: Venganza, que<\/em> En un evento celebrado en West Hollywood, California, Panettiere afirm\u00f3 que pasar gran parte de su infancia frente a las c\u00e1maras y en salas de audiciones le pas\u00f3 factura incluso antes de llegar a la adolescencia. <\/p>\n<p> Hayden Panettiere experiment\u00f3 su primera &quot;crisis de identidad&quot; a los 12 a\u00f1os. MEGA<\/p>\n<p> Estrella de la serie de televisi\u00f3n &quot;\u00ab <em>H\u00e9roes&quot;\u00bb<\/em> Comenz\u00f3 su carrera siendo una ni\u00f1a peque\u00f1a, apareciendo en comerciales, y luego, en 1994 y 1998, pas\u00f3 al mundo de las telenovelas y el cine, pero la fama le cost\u00f3 caro en su infancia. &quot;Tuve mi primera crisis de identidad. Recuerdo exactamente d\u00f3nde estaba, de pie en mi habitaci\u00f3n a los 12 a\u00f1os&quot;, dijo (seg\u00fan <em>P\u00e1gina seis<\/em> ).<\/p>\n<p> Reflexionando sobre la agitaci\u00f3n emocional que experiment\u00f3 durante ese tiempo, Panetta agreg\u00f3: &quot;Interpreto a todos estos personajes y siento que son reales y forman parte de m\u00ed, pero \u00bfqui\u00e9n soy fuera de eso? \u00bfCu\u00e1l es mi identidad?&quot;.\u00ab <\/p>\n<p> Hayden Panettiere dijo que fue &quot;manipulada&quot; desde muy joven. MEGA<\/p>\n<p> Estrella <em>serie &quot;Nashville&quot;\u00ab<\/em> se\u00f1al\u00f3 que la situaci\u00f3n tom\u00f3 un giro a\u00fan m\u00e1s oscuro cuando los creadores <em>\u00abLuz gu\u00eda\u00bb<\/em> Se dio cuenta de que pod\u00eda llorar a voluntad. &quot;Una vez que lo descubrieron, simplemente dej\u00e9 de llorar... Y recibes elogios y cari\u00f1o por ello. Piensas: &#039;Dios m\u00edo, cuando siento dolor, recibo amor&#039;&quot;, explic\u00f3.<\/p>\n<p> Acostumbrada a seguir instrucciones sin cuestionarlas, Panettiere se vio obligada a complicarse mucho la vida. \u00abNo me hac\u00eda caso a m\u00ed misma. Soy perfeccionista. As\u00ed me criaron. Soy tan combativa porque desde muy peque\u00f1a me ense\u00f1aron a no hacer preguntas\u00bb, afirm\u00f3. <\/p>\n<p> En un momento de su carrera, Hayden Panettiere se sinti\u00f3 profundamente resentida, poco atractiva y frustrada. MEGA<\/p>\n<p> Seg\u00fan la actriz, en su juventud, debido a la ansiedad constante, tuvo que &quot;hacer todo lo posible para sobrellevarla&quot;. Adem\u00e1s, participar en proyectos de larga duraci\u00f3n que apenas comprend\u00eda de ni\u00f1a tambi\u00e9n le gener\u00f3 problemas de salud mental.<\/p>\n<p> \u00ab&quot;Cuando te comprometes con un proyecto, dedicas seis a\u00f1os de tu vida a un solo guion. As\u00ed que realmente no sabes qu\u00e9 esperar. No me di cuenta de cu\u00e1nto me afectaba hasta que me sent\u00ed tan herida, enfadada y angustiada, que cuando llegu\u00e9 a casa no pude levantarme de la cama&quot;, dijo Panettiere.<\/p>","protected":false},"excerpt":{"rendered":"<p>Hayden Panettiere habl\u00f3 recientemente sobre el lado oscuro de la fama infantil, admitiendo que experiment\u00f3 su &quot;primera crisis de identidad&quot; a los 12 a\u00f1os. Durante una conversaci\u00f3n reciente sobre\u2026<\/p>","protected":false},"author":1,"featured_media":3802,"comment_status":"open","ping_status":"closed","sticky":false,"template":"","format":"standard","meta":{"footnotes":""},"categories":[5],"tags":[],"class_list":["post-3801","post","type-post","status-publish","format-standard","has-post-thumbnail","hentry","category-selebriti","hvn-theme-has-thumbnail"],"_links":{"self":[{"href":"https:\/\/imgist.ru\/es\/wp-json\/wp\/v2\/posts\/3801","targetHints":{"allow":["GET"]}}],"collection":[{"href":"https:\/\/imgist.ru\/es\/wp-json\/wp\/v2\/posts"}],"about":[{"href":"https:\/\/imgist.ru\/es\/wp-json\/wp\/v2\/types\/post"}],"author":[{"embeddable":true,"href":"https:\/\/imgist.ru\/es\/wp-json\/wp\/v2\/users\/1"}],"replies":[{"embeddable":true,"href":"https:\/\/imgist.ru\/es\/wp-json\/wp\/v2\/comments?post=3801"}],"version-history":[{"count":3,"href":"https:\/\/imgist.ru\/es\/wp-json\/wp\/v2\/posts\/3801\/revisions"}],"predecessor-version":[{"id":147344,"href":"https:\/\/imgist.ru\/es\/wp-json\/wp\/v2\/posts\/3801\/revisions\/147344"}],"wp:featuredmedia":[{"embeddable":true,"href":"https:\/\/imgist.ru\/es\/wp-json\/wp\/v2\/media\/3802"}],"wp:attachment":[{"href":"https:\/\/imgist.ru\/es\/wp-json\/wp\/v2\/media?parent=3801"}],"wp:term":[{"taxonomy":"category","embeddable":true,"href":"https:\/\/imgist.ru\/es\/wp-json\/wp\/v2\/categories?post=3801"},{"taxonomy":"post_tag","embeddable":true,"href":"https:\/\/imgist.ru\/es\/wp-json\/wp\/v2\/tags?post=3801"}],"curies":[{"name":"wp","href":"https:\/\/api.w.org\/{rel}","templated":true}]}}