{"id":4178,"date":"2026-06-01T03:03:28","date_gmt":"2026-06-01T00:03:28","guid":{"rendered":"https:\/\/imgist.ru\/kerol-dzhi-namekaet-na-predstoyashhij-tur-i-zayavlyaet-o-gotovnosti-podarit-poklonnikam-vse\/"},"modified":"2026-08-29T11:40:30","modified_gmt":"2026-08-29T08:40:30","slug":"kerol-ji-anuncia-la-proxima-gira-y-declara-su-disposicion-a-darles-todo-a-sus-fans","status":"publish","type":"post","link":"https:\/\/imgist.ru\/es\/kerol-dzhi-namekaet-na-predstoyashhij-tur-i-zayavlyaet-o-gotovnosti-podarit-poklonnikam-vse\/","title":{"rendered":"Carol G insin\u00faa una pr\u00f3xima gira y declara estar lista para darles a sus fans &quot;todo&quot;."},"content":{"rendered":"<p>Karol G se prepara para su pr\u00f3xima gira llamada Viajando Por El Mundo Tropitour.<\/p>\n<p> En la alfombra roja de los American Music Awards, la cantante colombiana dijo: <em>Cartelera<\/em> , lo que sus fans pueden esperar.<\/p>\n<p> \u00ab&quot;Siempre me encanta estar de gira. Creo que el escenario es el lugar m\u00e1s feliz del mundo para m\u00ed, y siempre me preparo con mucho cuidado&quot;, dijo. &quot;No doy por sentado a todas las personas que estar\u00e1n all\u00ed. Trabajan duro, hacen grandes sacrificios para estar ah\u00ed. Por eso me preparo con mucho cuidado para darles lo mejor de m\u00ed&quot;.<\/p>\n<p> TIENDA TODO EN UNO: Compra tus marcas favoritas en cualquier momento y lugar. Descubre las \u00faltimas novedades. Compra. Colecciona. Disfruta.<\/p>\n<p> Karol anunci\u00f3 su pr\u00f3xima gira durante la segunda de sus dos hist\u00f3ricas presentaciones como cabeza de cartel en Coachella. Este a\u00f1o, se convirti\u00f3 en la primera latinoamericana en encabezar el festival, clausur\u00e1ndolo los d\u00edas 12 y 19 de abril. El mensaje &quot;Nos Vamos de Tour&quot; apareci\u00f3 en las pantallas del festival durante su interpretaci\u00f3n de su \u00faltima canci\u00f3n, &quot;Provenza&quot;.<\/p>\n<p> Carol tambi\u00e9n dedic\u00f3 sus actuaciones en Coachella a la comunidad latina.<\/p>\n<p> \u00ab&quot;Esto es para mis compatriotas latinos que \u00faltimamente han estado pasando por dificultades en este pa\u00eds. Los apoyamos, apoyo a mi comunidad latina y, al mismo tiempo, me enorgullece que esto resalte nuestras mejores cualidades: unidad, resiliencia y un esp\u00edritu fuerte&quot;, dijo el 12 de abril.<\/p>\n<p> \u00abQueremos que todos se sientan bienvenidos a nuestra cultura, a nuestras ra\u00edces, a nuestra m\u00fasica. As\u00ed que solo quiero que todos se sientan orgullosos de sus or\u00edgenes, por favor\u00bb, a\u00f1adi\u00f3. \u00abNo tengan miedo, si\u00e9ntanse orgullosos\u00bb.<\/p>\n<h3> Noticias relacionadas <\/h3>\n<p> Karol G anuncia gira mundial tras su hist\u00f3rica actuaci\u00f3n en Coachella: todo lo que necesitas saber. Karol G dedic\u00f3 su hist\u00f3rica presentaci\u00f3n en Coachella a la comunidad latina. Karol G habl\u00f3 con franqueza sobre sentirse sola tras su ruptura con Fade: &quot;Estoy dejando ir&quot;.<\/p>\n<h2> Noticias relacionadas<\/h2>\n<p> En su nuevo video, &quot;White Flag&quot;, Vince Staples dispara un rifle de asalto contra una bandera estadounidense.<\/p>\n<p> aespa, Explicaci\u00f3n: Dentro de la m\u00fasica, los miembros y el mundo virtual de un grupo de K-Pop<\/p>\n<p> TIENDA TODO EN UNO: Compra tus marcas favoritas en cualquier momento y lugar. Descubre las \u00faltimas novedades. Compra. Colecciona. Disfruta.<\/p>\n<p> Hacemos que la cultura sea vibrante. Aqu\u00ed encontrar\u00e1s las \u00faltimas noticias del mundo del entretenimiento, as\u00ed como el mejor contenido sobre m\u00fasica, cultura pop, zapatillas, estilo y programas originales.<\/p>","protected":false},"excerpt":{"rendered":"<p>Karol G se est\u00e1 preparando para su pr\u00f3xima gira, &quot;Viajando Por El Mundo Tropitour&quot;. En la alfombra roja de los American Music Awards, la cantante colombiana\u2026<\/p>","protected":false},"author":1,"featured_media":4179,"comment_status":"open","ping_status":"closed","sticky":false,"template":"","format":"standard","meta":{"footnotes":""},"categories":[7],"tags":[],"class_list":["post-4178","post","type-post","status-publish","format-standard","has-post-thumbnail","hentry","category-muzyka","hvn-theme-has-thumbnail"],"_links":{"self":[{"href":"https:\/\/imgist.ru\/es\/wp-json\/wp\/v2\/posts\/4178","targetHints":{"allow":["GET"]}}],"collection":[{"href":"https:\/\/imgist.ru\/es\/wp-json\/wp\/v2\/posts"}],"about":[{"href":"https:\/\/imgist.ru\/es\/wp-json\/wp\/v2\/types\/post"}],"author":[{"embeddable":true,"href":"https:\/\/imgist.ru\/es\/wp-json\/wp\/v2\/users\/1"}],"replies":[{"embeddable":true,"href":"https:\/\/imgist.ru\/es\/wp-json\/wp\/v2\/comments?post=4178"}],"version-history":[{"count":3,"href":"https:\/\/imgist.ru\/es\/wp-json\/wp\/v2\/posts\/4178\/revisions"}],"predecessor-version":[{"id":147998,"href":"https:\/\/imgist.ru\/es\/wp-json\/wp\/v2\/posts\/4178\/revisions\/147998"}],"wp:featuredmedia":[{"embeddable":true,"href":"https:\/\/imgist.ru\/es\/wp-json\/wp\/v2\/media\/4179"}],"wp:attachment":[{"href":"https:\/\/imgist.ru\/es\/wp-json\/wp\/v2\/media?parent=4178"}],"wp:term":[{"taxonomy":"category","embeddable":true,"href":"https:\/\/imgist.ru\/es\/wp-json\/wp\/v2\/categories?post=4178"},{"taxonomy":"post_tag","embeddable":true,"href":"https:\/\/imgist.ru\/es\/wp-json\/wp\/v2\/tags?post=4178"}],"curies":[{"name":"wp","href":"https:\/\/api.w.org\/{rel}","templated":true}]}}