{"id":4231,"date":"2026-06-01T03:18:52","date_gmt":"2026-06-01T00:18:52","guid":{"rendered":"https:\/\/imgist.ru\/dzhenku-ujguru-iz-organizaczii-molodye-turki-zapreshhen-vezd-v-velikobritaniyu\/"},"modified":"2026-06-01T03:18:52","modified_gmt":"2026-06-01T00:18:52","slug":"jenku-ujguru-de-la-organizacion-young-turks-tiene-prohibida-la-entrada-al-reino-unido","status":"publish","type":"post","link":"https:\/\/imgist.ru\/es\/dzhenku-ujguru-iz-organizaczii-molodye-turki-zapreshhen-vezd-v-velikobritaniyu\/","title":{"rendered":"A Cenk Uygur, de la organizaci\u00f3n J\u00f3venes Turcos, se le ha prohibido la entrada al Reino Unido."},"content":{"rendered":"<p>(Foto cortes\u00eda del canal de YouTube The Young Turks)<\/p>\n<p> Tal como inform\u00f3 el peri\u00f3dico el domingo, <em>Veces<\/em> , experto principal y cofundador de The Young Turks <strong>Jenku Uyghur<\/strong> Se le prohibi\u00f3 la entrada al Reino Unido debido a la preocupaci\u00f3n del gobierno de que su presencia no ser\u00eda &quot;contributiva al bien p\u00fablico&quot;.<\/p>\n<p> Uyghur ten\u00eda previsto actuar en el festival SXSW de Londres a finales de esta semana. Pero el Ministro del Interior del Reino Unido <strong>Shabana Mahmud<\/strong> Decidieron que el comentarista de izquierdas no era apto para entrar al pa\u00eds, en parte debido a sus duros comentarios sobre Israel.<\/p>\n<p> <em>El peri\u00f3dico The Times<\/em> reportado:<\/p>\n<blockquote>\n<p> Seg\u00fan se informa, la decisi\u00f3n de prohibir la entrada de Uyghur al Reino Unido se bas\u00f3 en varios motivos, entre ellos la preocupaci\u00f3n de que su presencia pudiera exacerbar el antisemitismo debido a su ret\u00f3rica tras los atentados del 7 de octubre de 2023.<\/p>\n<p> Esto inclu\u00eda repetir t\u00f3picos antisemitas cl\u00e1sicos, como la afirmaci\u00f3n de que Israel controla Estados Unidos. En julio pasado, en su podcast, afirm\u00f3 falsamente que el lobby israel\u00ed donaba m\u00e1s al Congreso que cualquier otro grupo.<\/p>\n<\/blockquote>\n<p> El domingo, Uyghur confirm\u00f3 en una publicaci\u00f3n en X-Stop que se le hab\u00eda prohibido la entrada al Reino Unido. Aleg\u00f3 que se deb\u00eda a que hab\u00eda &quot;criticado a Israel&quot;.<\/p>\n<p> \u00ab\u00bfSeguimos siendo libres?\u00bb, continu\u00f3. \u00ab\u00a1Esto es opresi\u00f3n de los ciudadanos occidentales por parte de nuestros propios gobiernos en nombre de otro pa\u00eds!\u00bb<\/p>\n<p> Su sobrino, un popular streamer y ex comentarista de TYT <strong>Hasan Payker<\/strong> , dijo durante una transmisi\u00f3n en vivo el domingo que tambi\u00e9n ten\u00eda prohibida la entrada al Reino Unido.<\/p>\n<p> \u00ab&quot;No quer\u00eda hablar de ello, pero, bueno, a m\u00ed tambi\u00e9n me cancelaron la visa&quot;, dijo Piker. &quot;Nos acabamos de enterar... No s\u00e9 con qui\u00e9n hablar de esto&quot;.<\/p>\n<p> Piker ha sido noticia a lo largo de los a\u00f1os por varias declaraciones, entre ellas que Estados Unidos &quot;merec\u00eda&quot; los ataques del 11 de septiembre.<\/p>\n<p> Tambi\u00e9n calific\u00f3 a Ham\u00e1s como &quot;el menor de dos males&quot;, comparando a la organizaci\u00f3n terrorista con Israel. Y el mes pasado, durante su participaci\u00f3n en el podcast Pod Save America, Piker afirm\u00f3 que el Partido Republicano era &quot;la mayor organizaci\u00f3n terrorista nacional del mundo&quot; y &quot;la mayor organizaci\u00f3n terrorista internacional del mundo&quot;.<\/p>\n<p> El art\u00edculo &quot;Cenk Uygur de The Young Turks tiene prohibida la entrada al Reino Unido&quot; apareci\u00f3 por primera vez en el sitio web Mediaite.<\/p>","protected":false},"excerpt":{"rendered":"<p>(Foto cortes\u00eda del canal de YouTube de The Young Turks) Como inform\u00f3 The Times el domingo, Cenk Uygur, experto principal y cofundador de The Young Turks\u2026<\/p>","protected":false},"author":1,"featured_media":4232,"comment_status":"open","ping_status":"closed","sticky":false,"template":"","format":"standard","meta":{"footnotes":""},"categories":[5],"tags":[],"class_list":["post-4231","post","type-post","status-publish","format-standard","has-post-thumbnail","hentry","category-selebriti","hvn-theme-has-thumbnail"],"_links":{"self":[{"href":"https:\/\/imgist.ru\/es\/wp-json\/wp\/v2\/posts\/4231","targetHints":{"allow":["GET"]}}],"collection":[{"href":"https:\/\/imgist.ru\/es\/wp-json\/wp\/v2\/posts"}],"about":[{"href":"https:\/\/imgist.ru\/es\/wp-json\/wp\/v2\/types\/post"}],"author":[{"embeddable":true,"href":"https:\/\/imgist.ru\/es\/wp-json\/wp\/v2\/users\/1"}],"replies":[{"embeddable":true,"href":"https:\/\/imgist.ru\/es\/wp-json\/wp\/v2\/comments?post=4231"}],"version-history":[{"count":0,"href":"https:\/\/imgist.ru\/es\/wp-json\/wp\/v2\/posts\/4231\/revisions"}],"wp:featuredmedia":[{"embeddable":true,"href":"https:\/\/imgist.ru\/es\/wp-json\/wp\/v2\/media\/4232"}],"wp:attachment":[{"href":"https:\/\/imgist.ru\/es\/wp-json\/wp\/v2\/media?parent=4231"}],"wp:term":[{"taxonomy":"category","embeddable":true,"href":"https:\/\/imgist.ru\/es\/wp-json\/wp\/v2\/categories?post=4231"},{"taxonomy":"post_tag","embeddable":true,"href":"https:\/\/imgist.ru\/es\/wp-json\/wp\/v2\/tags?post=4231"}],"curies":[{"name":"wp","href":"https:\/\/api.w.org\/{rel}","templated":true}]}}