{"id":4761,"date":"2026-06-01T14:05:11","date_gmt":"2026-06-01T11:05:11","guid":{"rendered":"https:\/\/imgist.ru\/dzhon-rich-vyzvalsya-vystupit-na-festivale-freedom-250-fair-posle-togo-kak-drugie-uchastniki-otkazalis-ot-uchastiya\/"},"modified":"2026-06-01T14:05:11","modified_gmt":"2026-06-01T11:05:11","slug":"john-rich-se-ha-ofrecido-voluntario-para-actuar-en-la-feria-freedom-250-despues-de-que-otros-artistas-se-retiraran","status":"publish","type":"post","link":"https:\/\/imgist.ru\/es\/dzhon-rich-vyzvalsya-vystupit-na-festivale-freedom-250-fair-posle-togo-kak-drugie-uchastniki-otkazalis-ot-uchastiya\/","title":{"rendered":"John Rich se ofreci\u00f3 como voluntario para actuar en la Feria Freedom 250 despu\u00e9s de que otros artistas declinaran."},"content":{"rendered":"<p>El m\u00fasico de m\u00fasica country John Rich ha anunciado su disposici\u00f3n a actuar en la celebraci\u00f3n prevista del 250 aniversario de la Independencia, despu\u00e9s de que otros artistas se retiraran.<\/p>\n<p> Estas declaraciones se produjeron tras un llamamiento p\u00fablico del representante Tim Burchett, quien inst\u00f3 al presidente Donald Trump a que incorporara a Rich para dirigir el programa musical.<\/p>\n<h2> Burchett ha invitado a John Rich, Kid Rock y Lee Greenwood a actuar.<\/h2>\n<p> En un mensaje de v\u00eddeo dirigido a Trump, Burchett se ofreci\u00f3 a ayudar a Rich a inaugurar el evento.<\/p>\n<p> \u00ab&quot;Deber\u00edamos invitar a tu amigo y amigo m\u00edo, John Rich, un m\u00fasico maravilloso, para que abra el espect\u00e1culo. Ha compuesto unas canciones patri\u00f3ticas estupendas y canta de maravilla&quot;, dijo Burchett.<\/p>\n<p> Tambi\u00e9n mencion\u00f3 a Kid Rock y Lee Greenwood como otros artistas que le gustar\u00eda ver en las festividades.<\/p>\n<p> En respuesta, Rich escribi\u00f3 en X: \u00a1Oye @timburchett, no amenaces mi diversi\u00f3n! (Tengo una guitarra y estoy listo para viajar :)<\/p>\n<h2> Los participantes en las actuaciones se negaron a tomar parte en las celebraciones previstas.<\/h2>\n<p> Seg\u00fan lo informado por <em>Newsweek<\/em> , En las \u00faltimas semanas, se han producido una serie de cancelaciones en el marco de las celebraciones del 250 aniversario previstas en virtud de una de las \u00f3rdenes ejecutivas del presidente Donald Trump.<\/p>\n<p> En las pr\u00f3ximas semanas, la &quot;Gran Feria Estatal Americana&quot;, que durar\u00e1 16 d\u00edas, dar\u00e1 comienzo en el National Mall de Washington, D.C. Se espera que el evento incluya actuaciones musicales e instalaciones tem\u00e1ticas que conmemoren el 250 aniversario de los Estados Unidos.<\/p>\n<h2> John Rich responde en l\u00ednea<\/h2>\n<p> Tras los comentarios de Burchett, Rich comparti\u00f3 un mensaje en X instando a Trump a que se pusiera en contacto con \u00e9l, sugiriendo que podr\u00eda reunir r\u00e1pidamente un equipo de artistas.<\/p>\n<p> La publicaci\u00f3n dec\u00eda que Trump podr\u00eda &quot;invitar a los m\u00fasicos m\u00e1s geniales y patriotas de Nashville y de otros lugares para organizar una celebraci\u00f3n inolvidable del 250 aniversario&quot;, y a\u00f1ad\u00eda: &quot;\u00a1HAG\u00c1MOSLO!&quot;.<\/p>\n<p> Rich a\u00f1adi\u00f3 a la publicaci\u00f3n compartida: &quot;Esto es cierto&quot;, y luego coment\u00f3: &quot;Siempre estoy encantado de ayudar&quot;.<\/p>\n<h2> Trump insin\u00faa que podr\u00eda convertirse en el participante principal del evento.<\/h2>\n<p> Ante la creciente incertidumbre sobre la lista de participantes, Trump sugiri\u00f3 el s\u00e1bado que podr\u00eda encabezar personalmente el mitin en Washington.<\/p>\n<p> Dijo que algunos artistas parec\u00edan tener problemas para asimilar la realidad tras las cancelaciones, y critic\u00f3 a lo que \u00e9l llam\u00f3 &quot;artistas de tercera categor\u00eda muy bien pagados&quot;.<\/p>\n<p> Trump tambi\u00e9n baraj\u00f3 la idea de sustituir las actuaciones musicales por lo que \u00e9l denomin\u00f3 &quot;la mayor atracci\u00f3n del mundo&quot;, refiri\u00e9ndose a s\u00ed mismo.<\/p>\n<p> <strong>Art\u00edculos relacionados<\/strong><\/p>\n<ul>\n<li>\n<p> Paul McCartney ha hablado abiertamente de cu\u00e1nto sigue echando de menos a John Lennon y George Harrison.<\/p>\n<\/li>\n<li>\n<p> La hija de Dave Grohl, Violet Grohl, ha publicado un videoclip para su canci\u00f3n &quot;Bug in the Cake&quot;.<\/p>\n<\/li>\n<li>\n<p> Skrillex ha lanzado un sencillo sorpresa, &quot;Thistle&quot;, que es una combinaci\u00f3n de diferentes sonidos.<\/p>\n<\/li>\n<\/ul>\n<p> Comienza tu prueba gratuita ilimitada de Newsweek.<\/p>","protected":false},"excerpt":{"rendered":"<p>El m\u00fasico de country John Rich ha anunciado su disposici\u00f3n a actuar en la celebraci\u00f3n del 250 aniversario de la Independencia, luego de que varios otros artistas se retiraran. Estos\u2026<\/p>","protected":false},"author":1,"featured_media":4762,"comment_status":"open","ping_status":"closed","sticky":false,"template":"","format":"standard","meta":{"footnotes":""},"categories":[7],"tags":[],"class_list":["post-4761","post","type-post","status-publish","format-standard","has-post-thumbnail","hentry","category-muzyka","hvn-theme-has-thumbnail"],"_links":{"self":[{"href":"https:\/\/imgist.ru\/es\/wp-json\/wp\/v2\/posts\/4761","targetHints":{"allow":["GET"]}}],"collection":[{"href":"https:\/\/imgist.ru\/es\/wp-json\/wp\/v2\/posts"}],"about":[{"href":"https:\/\/imgist.ru\/es\/wp-json\/wp\/v2\/types\/post"}],"author":[{"embeddable":true,"href":"https:\/\/imgist.ru\/es\/wp-json\/wp\/v2\/users\/1"}],"replies":[{"embeddable":true,"href":"https:\/\/imgist.ru\/es\/wp-json\/wp\/v2\/comments?post=4761"}],"version-history":[{"count":0,"href":"https:\/\/imgist.ru\/es\/wp-json\/wp\/v2\/posts\/4761\/revisions"}],"wp:featuredmedia":[{"embeddable":true,"href":"https:\/\/imgist.ru\/es\/wp-json\/wp\/v2\/media\/4762"}],"wp:attachment":[{"href":"https:\/\/imgist.ru\/es\/wp-json\/wp\/v2\/media?parent=4761"}],"wp:term":[{"taxonomy":"category","embeddable":true,"href":"https:\/\/imgist.ru\/es\/wp-json\/wp\/v2\/categories?post=4761"},{"taxonomy":"post_tag","embeddable":true,"href":"https:\/\/imgist.ru\/es\/wp-json\/wp\/v2\/tags?post=4761"}],"curies":[{"name":"wp","href":"https:\/\/api.w.org\/{rel}","templated":true}]}}