{"id":5328,"date":"2026-06-01T19:11:05","date_gmt":"2026-06-01T16:11:05","guid":{"rendered":"https:\/\/imgist.ru\/robert-de-niro-rasskazyvaet-o-tom-kak-martin-skorseze-i-dzhordzh-lukas-pomogli-zapustit-pervyj-festival-tribeca-posle-sobytij-11-sentyabrya\/"},"modified":"2026-08-29T11:50:24","modified_gmt":"2026-08-29T08:50:24","slug":"robert-de-niro-explica-como-martin-scorsese-y-george-lucas-ayudaron-a-lanzar-el-primer-festival-de-tribeca-despues-del-11-de-septiembre","status":"publish","type":"post","link":"https:\/\/imgist.ru\/es\/robert-de-niro-rasskazyvaet-o-tom-kak-martin-skorseze-i-dzhordzh-lukas-pomogli-zapustit-pervyj-festival-tribeca-posle-sobytij-11-sentyabrya\/","title":{"rendered":"Robert De Niro habla de c\u00f3mo Martin Scorsese y George Lucas ayudaron a lanzar el primer Festival de Cine de Tribeca despu\u00e9s del 11 de septiembre."},"content":{"rendered":"<h3>Puntos clave<\/h3>\n<ul>\n<li>\n<p> Robert De Niro y Jane Rosenthal conversan sobre c\u00f3mo Martin Scorsese ayud\u00f3 a crear un elemento clave del Festival de Cine de Tribeca inaugural en 2002.<\/p>\n<\/li>\n<li>\n<p> De Niro afirma que a\u00fan no ha hablado con Scorsese sobre una futura colaboraci\u00f3n.<\/p>\n<\/li>\n<li>\n<p> El d\u00fao tambi\u00e9n explica c\u00f3mo el festival cambi\u00f3 sus planes para dar cabida a la pel\u00edcula de George Lucas.\u00ab <em>El ataque de los clones\u00bb<\/em> .<\/p>\n<\/li>\n<\/ul>\n<p> El \u00e9xito del primer Festival de Tribeca dependi\u00f3 en gran medida de la presencia de grandes estrellas.<\/p>\n<p> Robert De Niro y su socia productora de toda la vida, Jane Rosenthal, celebran el 25 aniversario del Festival de Cine de Tribeca y reflexionan sobre c\u00f3mo dos cineastas prominentes llevaron sus aclamados proyectos al primer festival despu\u00e9s de los ataques del 11 de septiembre contra el World Trade Center.<\/p>\n<p> De Niro dijo <em>Entretenimiento Semanal<\/em> , Cuando \u00e9l y Rosenthal estaban preparando el programa del primer Festival de Tribeca, sab\u00eda que su viejo amigo y colaborador Martin Scorsese podr\u00eda ser un poderoso aliado en la organizaci\u00f3n del festival. &quot;Teniendo en cuenta todo lo que hace para preservar el cine, no es de extra\u00f1ar que Marty estuviera involucrado&quot;, explica la estrella.\u00ab <em>Taxista<\/em> \u00bb.<\/p>\n<p> A principios de 2002, mientras De Niro y Rosenthal se preparaban para el festival, Scorsese estaba ocupado con la postproducci\u00f3n de su tan esperada epopeya hist\u00f3rica de crimen.\u00ab <em>&quot;Pandillas de Nueva York&quot;.<\/em> \u00ab&quot;Intent\u00e9 tener la pel\u00edcula lista a tiempo para el festival, pero se supon\u00eda que iba a ir a Cannes&quot;, dice, y se\u00f1ala que el productor de la pel\u00edcula, Harvey Weinstein, quer\u00eda que se estrenara en el aclamado festival franc\u00e9s. <\/p>\n<p> Martin Scorsese y Robert De Niro en el Festival de Cine de Tribeca de 2025 en la ciudad de Nueva York, el 5 de junio de 2025. Foto: Michael Loccisano\/Getty.<\/p>\n<p> \u00ab&quot;Harvey Weinstein no quer\u00eda mostrarnos la pel\u00edcula completa&quot;, confirma Rosenthal en una entrevista con EW. &quot;Quer\u00edan mostrarla en Cannes, y eso es comprensible&quot;.<\/p>\n<p> \u00ab&quot;Intent\u00e9 conseguir el estreno ejerciendo la m\u00e1xima presi\u00f3n&quot;, dice De Niro. &quot;Pero al mismo tiempo, sab\u00eda que hab\u00eda otros factores a tener en cuenta. As\u00ed que nos dieron una especie de tr\u00e1iler para mostrar&quot;.<\/p>\n<p> Como resultado, se proyectaron unos 20 minutos de la pel\u00edcula en el Festival de Cine de Tribeca. <em>\u00abBandas de Nueva York\u00bb<\/em> como adelanto de la \u00e9pica de 168 minutos. &quot;Sali\u00f3 bien&quot;, dice De Niro. &quot;No fue la pel\u00edcula en s\u00ed, pero fue un bonito gesto, digamos&quot;.<\/p>\n<p> \u00ab&quot;Marty nos ayud\u00f3 a poner en marcha el festival, y siempre ha sido una parte importante del mismo&quot;, a\u00f1ade Rosenthal.<\/p>\n<p> \u00bfHa hablado De Niro sobre la posibilidad de volver a trabajar con Scorsese en otra pel\u00edcula? &quot;Podr\u00edamos, pero todav\u00eda no&quot;, responde.<\/p>\n<p> Mientras tanto, al concluir el primer festival, De Niro y Rosenthal se volcaron en otra obra importante del legendario director de Hollywood: <em>\u00abStar Wars: Episodio II \u2013 El ataque de los clones\u00bb<\/em> , dirigida por George Lucas, cuyo estreno mundial estaba programado para el 16 de mayo.<\/p>\n<p> \u00abLe pregunt\u00e9 a George si pod\u00edamos tenerlo\u00bb, recuerda De Niro. Lucas accedi\u00f3, pero hab\u00eda un problema importante: la pel\u00edcula a\u00fan no estaba completamente terminada en la posproducci\u00f3n. \u00ab\u00c9l dijo: &quot;Bueno, quiero que est\u00e9 terminada para entonces&quot;\u201e. <\/p>\n<p> Star Wars: Episodio II \u2013 El ataque de los clones se estren\u00f3 en el Festival de Cine de Tribeca en la ciudad de Nueva York en mayo de 2002. Foto: Jim Spellman\/WireImage<\/p>\n<p> Rosenthal decidi\u00f3 que la espera hab\u00eda valido la pena. <em>estreno de &quot;El ataque de los clones&quot;<\/em> \u00bb&quot;Recuerdo que Bob entr\u00f3 y dijo: &#039;Bueno, la pel\u00edcula no estar\u00e1 lista hasta dentro de dos semanas&#039;&quot;, recuerda el productor. &quot;Y yo dije: &#039;De acuerdo, cambiaremos la fecha del festival&#039;, \u00a1porque no hab\u00eda nadie esper\u00e1ndonos!&quot;.\u00ab<\/p>\n<p> Estreno <em>pel\u00edcula &quot;El ataque de los clones&quot;\u00ab<\/em> Se estren\u00f3 en el Festival de Cine de Tribeca el 12 de mayo de 2002, cuatro d\u00edas antes de su estreno mundial. Las proyecciones en Tribeca tambi\u00e9n sirvieron como eventos ben\u00e9ficos para la Sociedad de Ayuda a la Infancia, una organizaci\u00f3n que brind\u00f3 asistencia a los hijos de las v\u00edctimas de los atentados del 11 de septiembre. <\/p>\n<p> Robert De Niro y Jane Rosenthal en el Festival de Cine de Tribeca en la ciudad de Nueva York el 7 de mayo de 2002. Foto: Richard Corkery\/New York Daily News v\u00eda Getty.<\/p>\n<p> Rosenthal a\u00fan recuerda con v\u00edvido detalle el d\u00eda de los ataques, cuando en la ma\u00f1ana del 11 de septiembre se dirig\u00eda apresuradamente a la oficina para una reuni\u00f3n y el primer avi\u00f3n impact\u00f3 contra el edificio norte de las Torres Gemelas.<\/p>\n<p> \u00ab&quot;Mi coche estaba parado en un sem\u00e1foro en amarillo a una cuadra y media de la torre cuando el avi\u00f3n lo impact\u00f3&quot;, cuenta. &quot;As\u00ed que para m\u00ed, todo se redujo a salir corriendo, llegar a casa con mis hijos, y ese miedo, y ver a la gente corriendo hacia adentro. Y me inquietaba un poco el hecho de que la gente corriera, \u00bfy qui\u00e9nes somos nosotros para estar corriendo todo el tiempo? Y pensaba, \u00bfqu\u00e9 podemos hacer para ayudar a nuestra comunidad? No somos bomberos, no somos trabajadores de campo, no somos personal de primera respuesta&quot;.<\/p>\n<p> Rosenthal y De Niro recuerdan c\u00f3mo los ataques ahuyentaron a muchos neoyorquinos del Bajo Manhattan. &quot;Vivo en la calle 72, y mis vecinos no se atrev\u00edan a ir al centro&quot;, dice Rosenthal. &quot;Hab\u00eda una enorme divisi\u00f3n entre el Alto y el Bajo Manhattan&quot;. <\/p>\n<p> Jane Rosenthal. Foto: OK McCausland<\/p>\n<p> El d\u00fao quer\u00eda organizar un festival para revitalizar la zona. &quot;As\u00ed que la pregunta era: &#039;\u00bfQu\u00e9 podemos hacer y con qu\u00e9 rapidez?&#039;&quot;, recuerda Rosenthal. &quot;Creo que nuestro papel, inicialmente, era ayudar a nuestra comunidad, atraer de nuevo a la gente al centro de la ciudad&quot;.<\/p>\n<p> Veinticinco a\u00f1os despu\u00e9s, el festival se ha convertido en un evento imprescindible de la cultura del centro de Manhattan, y este a\u00f1o se inaugurar\u00e1 con el estreno del nuevo documental de Ahmir &quot;Questlove&quot; Thompson. <em>\u00ab&quot;Tierra, viento y fuego (Ser celestial vs. Ese es el peso del mundo)&quot;.<\/em> C\u00f3mo cree De Niro que se desarrollar\u00e1 el festival a lo largo del tiempo <em>siguiente<\/em> \u00bfVeinticinco a\u00f1os?<\/p>\n<p> \u00abJam\u00e1s habr\u00eda imaginado que me encontrar\u00eda en una posici\u00f3n pol\u00edtica como esta, en la ciudad, en el pa\u00eds, en toda esta situaci\u00f3n\u00bb, reflexiona la estrella de la pel\u00edcula. <em>\u00abUno de los nuestros<\/em> \u00bb&quot;As\u00ed que solo quiero que el festival siga siendo parte de la tradici\u00f3n aqu\u00ed en la ciudad, pase lo que pase, en la ciudad, incluso en el pa\u00eds y en cualquier otro lugar. Y espero que cambie, que se transforme, que se adapte a ciertas cosas, que cuestione y afronte lo que est\u00e1 mal, y que defienda lo que hace, como siempre lo ha hecho.&quot;.<\/p>\n<p> <strong><em>Recibe tu dosis diaria de noticias de entretenimiento, actualizaciones de celebridades y recomendaciones de visualizaci\u00f3n con nuestro<\/em><\/strong> <strong><em>Boletines informativos de EW Dispatch<\/em><\/strong> <strong><em>.<\/em><\/strong> <\/p>\n<p> Jane Rosenthal y Robert De Niro en la ciudad de Nueva York el 25 de abril de 2012. Foto: Cindy Ord\/Getty.<\/p>\n<p> De Niro sigue estando incre\u00edblemente orgulloso de la longevidad del Festival de Tribeca y su impacto en la ciudad. &quot;Es asombroso que haya durado tantos a\u00f1os y que la gente se identifique tanto con \u00e9l y se sienta parte de \u00e9l, ya sean participantes del festival, miembros del jurado, espectadores o cualquier otra persona&quot;, afirma. &quot;Todo eso me llena de alegr\u00eda, porque no ten\u00edamos ni idea de que durar\u00eda tanto ni de que tendr\u00eda tan buena acogida. Y para m\u00ed, es parte esencial de la ciudad, una tradici\u00f3n que perdurar\u00e1 mientras exista la ciudad&quot;.<\/p>\n<p> Concluye: &quot;Es una parte fundamental de mi legado. \u00bfC\u00f3mo podr\u00eda ser de otra manera? Ni siquiera s\u00e9 por d\u00f3nde empezar. El hecho de que est\u00e9n celebrando 25 a\u00f1os... \u00bfqu\u00e9 m\u00e1s puedo decir?&quot;.\u00ab<\/p>\n<p> El Festival de Cine de Tribeca de 2026 tendr\u00e1 lugar del 3 al 14 de junio en la ciudad de Nueva York.<\/p>\n<p> <em>Estas entrevistas han sido editadas para mayor claridad y brevedad.<\/em><\/p>\n<p> Lee el art\u00edculo original en Entertainment Weekly.<\/p>","protected":false},"excerpt":{"rendered":"<p>Momentos clave: Robert De Niro y Jane Rosenthal conversan sobre c\u00f3mo Martin Scorsese ayud\u00f3 a crear un elemento clave del Festival de Cine de Tribeca inaugural en 2002\u2026<\/p>","protected":false},"author":1,"featured_media":5329,"comment_status":"open","ping_status":"closed","sticky":false,"template":"","format":"standard","meta":{"footnotes":""},"categories":[6],"tags":[],"class_list":["post-5328","post","type-post","status-publish","format-standard","has-post-thumbnail","hentry","category-kinoindustriya","hvn-theme-has-thumbnail"],"_links":{"self":[{"href":"https:\/\/imgist.ru\/es\/wp-json\/wp\/v2\/posts\/5328","targetHints":{"allow":["GET"]}}],"collection":[{"href":"https:\/\/imgist.ru\/es\/wp-json\/wp\/v2\/posts"}],"about":[{"href":"https:\/\/imgist.ru\/es\/wp-json\/wp\/v2\/types\/post"}],"author":[{"embeddable":true,"href":"https:\/\/imgist.ru\/es\/wp-json\/wp\/v2\/users\/1"}],"replies":[{"embeddable":true,"href":"https:\/\/imgist.ru\/es\/wp-json\/wp\/v2\/comments?post=5328"}],"version-history":[{"count":5,"href":"https:\/\/imgist.ru\/es\/wp-json\/wp\/v2\/posts\/5328\/revisions"}],"predecessor-version":[{"id":149278,"href":"https:\/\/imgist.ru\/es\/wp-json\/wp\/v2\/posts\/5328\/revisions\/149278"}],"wp:featuredmedia":[{"embeddable":true,"href":"https:\/\/imgist.ru\/es\/wp-json\/wp\/v2\/media\/5329"}],"wp:attachment":[{"href":"https:\/\/imgist.ru\/es\/wp-json\/wp\/v2\/media?parent=5328"}],"wp:term":[{"taxonomy":"category","embeddable":true,"href":"https:\/\/imgist.ru\/es\/wp-json\/wp\/v2\/categories?post=5328"},{"taxonomy":"post_tag","embeddable":true,"href":"https:\/\/imgist.ru\/es\/wp-json\/wp\/v2\/tags?post=5328"}],"curies":[{"name":"wp","href":"https:\/\/api.w.org\/{rel}","templated":true}]}}