{"id":5633,"date":"2026-06-01T21:12:49","date_gmt":"2026-06-01T18:12:49","guid":{"rendered":"https:\/\/imgist.ru\/stiven-spilberg-rasskazal-o-dopolnitelnom-zarabotke-kotoryj-pomog-emu-nachat-kareru\/"},"modified":"2026-08-29T11:50:55","modified_gmt":"2026-08-29T08:50:55","slug":"steven-spielberg-revelo-el-trabajo-secundario-que-le-ayudo-a-comenzar-su-carrera","status":"publish","type":"post","link":"https:\/\/imgist.ru\/es\/stiven-spilberg-rasskazal-o-dopolnitelnom-zarabotke-kotoryj-pomog-emu-nachat-kareru\/","title":{"rendered":"Steven Spielberg ha revelado los ingresos extra que le ayudaron a impulsar su carrera."},"content":{"rendered":"<p>El art\u00edculo original fue publicado en el sitio web de E! Online.<\/p>\n<p> <strong>Steven Spielberg<\/strong> No siempre he vivido en una regi\u00f3n azucarera.<\/p>\n<p> De hecho, el legendario director dijo que su pel\u00edcula debut <em>\u00abLuz de fuego -<\/em> Realiz\u00f3 una pel\u00edcula de ciencia ficci\u00f3n sobre su encuentro con extraterrestres a los 17 a\u00f1os con un presupuesto de 500 d\u00f3lares, que gan\u00f3 trabajando a tiempo parcial con el apoyo de su difunto padre. <strong>Arnold<\/strong> <strong>Spielberg<\/strong> .<\/p>\n<p> \u00ab&quot;Me lo gan\u00e9&quot;, declar\u00f3 Spielberg en exclusiva a E! News el 29 de mayo. &quot;Sol\u00eda pintar \u00e1rboles de c\u00edtricos en Scottsdale, Arizona, para ganar dinero. Hice muchas cosas, pero mi padre siempre me dec\u00eda: &#039;Si ganas dinero para financiar algunas de tus pel\u00edculas, y algunas cuestan 25 o 30 d\u00f3lares, yo har\u00e9 lo mismo&#039;&quot;.<\/p>\n<p> \u00ab&quot;Si tu pel\u00edcula de 8 mm costaba 50 d\u00f3lares y ganabas 25, yo le a\u00f1ad\u00eda otros 25&quot;, record\u00f3. &quot;As\u00ed que gan\u00e9 unos 250 d\u00f3lares, mi padre me a\u00f1adi\u00f3 otros 25, y tuve suficiente dinero para rodar mi cortometraje de dos horas en 8 mm&quot;.<\/p>\n<p> <strong>M\u00e1s noticias de E! Online<\/strong><\/p>\n<ul>\n<li>\n<p> Zaya Wade ha hablado abiertamente sobre los desaf\u00edos que supuso estar separada de Dwyane Wade y Gabrielle Union durante su primer a\u00f1o de universidad.<\/p>\n<\/li>\n<li>\n<p> En el final de la temporada 3 <em>\u00abEuforia\u00bb<\/em> Se ha revelado la impactante muerte de un personaje.<\/p>\n<\/li>\n<li>\n<p> Alexa Demie planea retirarse de la actuaci\u00f3n despu\u00e9s de <em>Serie de televisi\u00f3n &quot;Euphoria&quot;\u00ab<\/em> Ella dice que s\u00ed...<\/p>\n<\/li>\n<\/ul>\n<p> Aunque el director <em>\u00abFauces\u00bb<\/em> Ha recorrido un largo camino desde entonces, y la influencia de su padre a\u00fan pesa mucho en sus proyectos. Despu\u00e9s de todo, Spielberg revel\u00f3 c\u00f3mo su padre lo inspir\u00f3 a crear el pr\u00f3ximo thriller de ciencia ficci\u00f3n sobre ovnis.\u00ab <em>D\u00eda de la Revelaci\u00f3n<\/em> \u00bb&quot;, que se estrenar\u00e1 en cines el 12 de junio.<\/p>\n<p> \u00ab&quot;Mi padre le\u00eda mucha ciencia ficci\u00f3n&quot;, explic\u00f3 el hombre de 79 a\u00f1os, &quot;as\u00ed que nac\u00ed creyendo que hab\u00eda vida ah\u00ed fuera en el universo, vida inteligente&quot;. <\/p>\n<p> Fotograf\u00eda de David Becker\/Getty Images para CinemaCon<\/p>\n<p> Esta escalofriante pel\u00edcula est\u00e1 protagonizada por... <strong>Emily Blunt<\/strong> , <strong>Colman Domingo<\/strong> \u0438 <strong>Josh O&#039;Connor<\/strong> , Entre otras cosas, explora qu\u00e9 podr\u00eda sucederle a la humanidad si tuviera evidencia de vida extraterrestre.<\/p>\n<p> Y aunque este proyecto ser\u00e1 su 35.\u00ba largometraje como director, Spielberg sigue siendo tan exigente consigo mismo como lo era el d\u00eda en que comenz\u00f3 su carrera.<\/p>\n<p> \u00ab&quot;Nunca creo que nada sea brillante&quot;, admiti\u00f3. &quot;Es lo \u00faltimo en lo que pienso. Es decir, empiezo pregunt\u00e1ndome: &#039;\u00bfFuncionar\u00e1 siquiera? \u00bfAlguien lo comprar\u00e1?&#039;&quot;\u00bb<\/p>\n<p> \u00abNo me propuse hacer una pel\u00edcula incre\u00edble a partir de <em>\u00abD\u00eda de la divulgaci\u00f3n de informaci\u00f3n<\/em> \u00ab\u2014\u201cQuer\u00eda quit\u00e1rmelo\u201d, a\u00f1adi\u00f3. <em>plausible<\/em> pel\u00edcula&quot;.<\/p>\n<p> Para conocer m\u00e1s pel\u00edculas que se estrenar\u00e1n este a\u00f1o, sigue leyendo\u2026<\/p>\n<p> <em>Pel\u00edcula de Super Mario Galaxy\u00ab<\/em> - 1 de abril de 2026. <\/p>\n<p><img alt=\"&lt;p&gt;&lt;em&gt;&lt;\/...&gt;\" src=\"https:\/\/s.yimg.com\/ny\/api\/res\/1.2\/EiZeQG6Kn77mXerNCazS6A--\/YXBwaWQ9aGlnaGxhbmRlcjt3PTk2MDtoPTE1MTk7Y2Y9d2VicA--\/https:\/\/media.zenfs.com\/en\/e__181\/b60cbf8d85b41ace3944aef860122ed8\"><\/p>\n<p> Mario, Luigi y la Princesa Peach emprenden una nueva aventura a trav\u00e9s de la galaxia.<\/p>\n<p> <strong>D\u00f3nde verlo:<\/strong> En los cines<\/p>\n<p> Puedes comprar tu entrada AQU\u00cd.<\/p>\n<\/p>\n<p> <em>Drama<\/em> - 3 de abril de 2026 <\/p>\n<p><img alt=\"&lt;p&gt;&lt;em&gt;&lt;\/them&gt;\" src=\"https:\/\/s.yimg.com\/ny\/api\/res\/1.2\/VNGqGaqLfcLcMwDMfGmCdA--\/YXBwaWQ9aGlnaGxhbmRlcjt3PTk2MDtoPTE0OTY7Y2Y9d2VicA--\/https:\/\/media.zenfs.com\/en\/e__181\/ee6124cd00d34ee921fb07019cabaa46\">\n<p> <strong>Zendaya<\/strong> \u0438 <strong>Robert Pattinson<\/strong> Interpreta a una pareja felizmente comprometida que se ve puesta a prueba cuando un giro inesperado de los acontecimientos trastoca sus planes para la semana de su boda.<\/p>\n<p> <strong>D\u00f3nde ver<\/strong> : En cines<\/p>\n<p> Puedes comprar tu entrada AQU\u00cd.<\/p>\n<\/p>\n<p> <em>T\u00fa, yo y la Toscana<\/em> - 10 de abril de 2026 <\/p>\n<p><img alt=\"&lt;p&gt;&lt;em&gt;T&uacute;, yo y la Toscana&lt;\/em&gt; - 10 de abril de 2026.&lt;\/p&gt;&lt;p&gt;&raquo; src=&raquo;https:\/\/s.yimg.com\/ny\/api\/res\/1.2\/ZC75S54x7PNoA2BwBVagKg&mdash;\/YXBwaWQ9aGlnaGxhbmRlcjt3PTk2 MDtoPTE1MTk7Y2Y9d2VicA&mdash;\/https:\/\/media.zenfs.com\/es\/e__181\/a5f88ad4b3bf38a3fc23a84496acc742&Prime;&amp;gt;&lt;\/p&gt;&lt;p&gt; Ambientada en el hermoso paisaje de los vi&ntilde;edos de Italia, esta comedia rom&aacute;ntica est&aacute; protagonizada por... &lt;strong&gt;Halle Bailey&lt;\/strong&gt; \u0438 &lt;strong&gt;Reg&eacute;-Jean Page&lt;\/strong&gt; .&lt;\/p&gt;&lt;p&gt; &lt;strong&gt;D&oacute;nde verlo:&lt;\/strong&gt; En los cines&lt;\/p&gt;&lt;p&gt; Puedes comprar tu entrada AQU&Iacute;.&lt;\/p&gt;&lt;\/p&gt;&lt;p&gt; &lt;em&gt;Resultado&lt;\/em&gt; &ndash; 10 de abril de 2026. &lt;\/p&gt;&lt;p&gt;&amp;lt;img alt=\"\n\n<p><em>Resultado<\/em> - 10 de abril de 2026.<\/p>\n<p>\u00bb src=\u00bbhttps:\/\/s.yimg.com\/ny\/api\/res\/1.2\/K.p1NBjfLjHfz9yfigzirw\u2014\/YXBwaWQ9aGlnaGxhbmRlcjt3PTk 2MDtoPTY0MDtjZj13ZWJw\/https:\/\/media.zenfs.com\/es\/e__181\/282fc7e1f668be08b894b21543870558\u2033&gt;<\/p>\n<p> Esta comedia negra fue filmada <strong>John Hill<\/strong> , habla de su estrella favorita de Hollywood ( <strong>Keanu Reeves<\/strong> ), quien es chantajeado con un v\u00eddeo misterioso y se ve obligado a enmendar sus errores con todos aquellos a quienes pudo haber ofendido para evitar ser &quot;cancelado&quot;.<\/p>\n<p> <strong>D\u00f3nde verlo:<\/strong> Disponible en streaming en Apple TV.<\/p>\n<\/p>\n<p> <em>Bolas arriba<\/em> - 15 de abril de 2026. <\/p>\n<p><img alt=\"&lt;p&gt;&lt;em&gt;&amp;lt;balls Up&lt;\/em&gt; - 15 de abril de 2026.&lt;\/p&gt;&lt;p&gt;&raquo; src=&raquo;https:\/\/s.yimg.com\/ny\/api\/res\/1.2\/kpdj3JMmYS7N2xIymHN9Eg&mdash;\/YXBwaWQ9aGlnaGxhbmRlcjt3PTk 2MDtoPTcxMjtjZj13ZWJw\/https:\/\/media.zenfs.com\/es\/e__181\/50d597ac1eb71c268c596702417d96e5&Prime;&amp;gt;&lt;\/p&gt;&lt;p&gt; En esta atrevida comedia &lt;strong&gt;Mark Wahlberg&lt;\/strong&gt; \u0438 &lt;strong&gt;Paul Walter Hauser&lt;\/strong&gt; Interpretan a publicistas que proponen un arriesgado acuerdo de patrocinio para vender condones durante el Mundial. Pero tras una celebraci&oacute;n desenfrenada que desata un esc&aacute;ndalo mundial, deben huir de aficionados furiosos, criminales y funcionarios ambiciosos para salvar sus carreras y regresar a casa con vida.&lt;\/p&gt;&lt;p&gt; &lt;strong&gt;D&oacute;nde verlo:&lt;\/strong&gt; Disponible en Prime Video&lt;\/p&gt;&lt;\/p&gt;&lt;p&gt; &lt;em&gt;La pel&iacute;cula de Lee Cronin &amp;quot;La Momia&amp;quot;&laquo;&lt;\/em&gt; - 17 de abril de 2026. &lt;\/p&gt;&lt;p&gt;&amp;lt;img alt=\"\n\n<p><em>La momia Lee Cronin<\/em> - 17 de abril de 2026.<\/p>\n<p>\u00bb src=\u00bbhttps:\/\/s.yimg.com\/ny\/api\/res\/1.2\/8Y5QZrRewYpeeq7dfhby3Q\u2014\/YXBwaWQ9aGlnaGxhbmRlcjt3PTk2 MDtoPTE0MjM7Y2Y9d2VicA\u2014\/https:\/\/media.zenfs.com\/es\/e__181\/b677f687887f90b395bb328ae00b5336\u2033&gt;<\/p>\n<p> Ocho a\u00f1os despu\u00e9s de desaparecer en el desierto, una joven reaparece\u2026 Pero lo que deber\u00eda haber sido un alegre reencuentro familiar se convierte r\u00e1pidamente en una pesadilla aterradora.<\/p>\n<p> <strong>D\u00f3nde verlo:<\/strong> En los cines<\/p>\n<p> Puedes comprar tu entrada AQU\u00cd.<\/p>\n<\/p>\n<p> <em>\u00c1pex<\/em> - 24 de abril de 2026. <\/p>\n<p><img alt=\"&lt;p&gt;&lt;em&gt;&Aacute;pex&lt;\/em&gt; &mdash; 24 de abril de 2026.&lt;\/p&gt;&lt;p&gt;&raquo; src=&raquo;https:\/\/s.yimg.com\/ny\/api\/res\/1.2\/nmk.Gfbn2HEV4uYw5Rgz4A&mdash;\/YXBwaWQ9aGlnaGxhbmRlcjt3PTk 2MDtoPTY0MDtjZj13ZWJw\/https:\/\/media.zenfs.com\/es\/e__181\/4ad1c67e519b99ba61c4fb8a2f6bad60&Prime;&amp;gt;&lt;\/p&gt;&lt;p&gt; &lt;strong&gt;Charlize Theron&lt;\/strong&gt; interpreta a una mujer afligida que busca consuelo en el interior de Australia, pero se encuentra atrapada en una brutal lucha por la supervivencia contra un depredador despiadado ( &lt;strong&gt;Taron Egerton&lt;\/strong&gt; ).&lt;\/p&gt;&lt;p&gt; &lt;strong&gt;D&oacute;nde ver&lt;\/strong&gt; : disponible en Netflix.&lt;\/p&gt;&lt;\/p&gt;&lt;p&gt; &lt;em&gt;Miguel&lt;\/em&gt; &mdash; 24 de abril de 2026. &lt;\/p&gt;&lt;p&gt;&amp;lt;img alt=\"\n\n<p><em>Miguel<\/em> - 24 de abril de 2026.<\/p>\n<p>\u00bb src=\u00bbhttps:\/\/s.yimg.com\/ny\/api\/res\/1.2\/9WAW7cuXqPcXFISkOWUPnQ\u2014\/YXBwaWQ9aGlnaGxhbmRlcjt3PTk 2MDtoPTcxMjtjZj13ZWJw\/https:\/\/media.zenfs.com\/es\/e__181\/0a1d4cb7061c17c7b9aac10277b0b75d&quot;&gt;<\/p>\n<p> En esta pel\u00edcula biogr\u00e1fica sobre el &quot;Rey del Pop&quot;\u00ab <strong>Jaafar Jackson<\/strong> interpreta el papel de su t\u00edo, <strong>Michael Jackson<\/strong> .<\/p>\n<p> <strong>D\u00f3nde verlo:<\/strong> En los cines<\/p>\n<p> Puedes comprar tu entrada AQU\u00cd.<\/p>\n<\/p>\n<p> <em>\u00abEl diablo viste de Prada 2\u00bb<\/em> - 1 de mayo de 2026 <\/p>\n<p><img alt=\"&lt;p&gt;&lt;em&gt;&lt;\/...&gt;\" src=\"https:\/\/s.yimg.com\/ny\/api\/res\/1.2\/MX9JvfwH9xaXCDYoh2JYfw--\/YXBwaWQ9aGlnaGxhbmRlcjt3PTk2MDtoPTY0MDtjZj13ZWJw\/https:\/\/media.zenfs.com\/en\/e__181\/636c5eb75478b75e46d00bae1737ac12\"><\/p>\n<p> <strong>Meryl Streep<\/strong> , <strong>Anne Hathaway, Emily Blunt<\/strong> \u0438 <strong>Stanley Tucci<\/strong> regresar\u00e1n a sus papeles emblem\u00e1ticos y a la redacci\u00f3n. <em>Revista Runway<\/em> en esta esperada secuela de la fenomenal pel\u00edcula de 2006. Tambi\u00e9n protagonizada por <strong>Justin Theroux<\/strong> , <strong>Lucy Liu<\/strong> , <strong>Simone Ashley<\/strong> \u0438 <strong>Kenneth Branagh<\/strong> .<\/p>\n<p> <strong>D\u00f3nde verlo:<\/strong> En los cines<\/p>\n<p> Puedes comprar tu entrada AQU\u00cd.<\/p>\n<\/p>\n<p> <em>Mortal Kombat II<\/em> - 8 de mayo de 2026 <\/p>\n<p><img alt=\"&lt;p&gt;&lt;em&gt;&lt;mortal kombat ii&gt; &mdash; 8 de mayo de 2026.&lt;\/p&gt;&lt;p&gt;&raquo; src=&raquo;https:\/\/s.yimg.com\/ny\/api\/res\/1.2\/5bNEl.xqWK9F_h6AkIJqRA&mdash;\/YXBwaWQ9aGlnaGxhbmRlcjt3PTk 2MDtoPTYyMjtjZj13ZWJw\/https:\/\/media.zenfs.com\/es\/e__181\/be65c6234b4640ca7e21809673751003&Prime;&amp;gt;&lt;\/p&gt;&lt;p&gt; En la &uacute;ltima entrega de la franquicia de juegos (despu&eacute;s del reinicio) &lt;em&gt;Mortal Kombat&lt;\/em&gt; (En 2021), los campeones favoritos de los fans luchan entre s&iacute; para derrotar el oscuro reinado de Shao Kahn. Protagonizada por: &lt;strong&gt;Karl Urban&lt;\/strong&gt; , &lt;strong&gt;Hiroyuki Sanada&lt;\/strong&gt; , &lt;strong&gt;Tati Gabrielle&lt;\/strong&gt; , &lt;strong&gt;Mehcad Brooks&lt;\/strong&gt; , &lt;strong&gt;Lewis Tan&lt;\/strong&gt; y otros.&lt;\/p&gt;&lt;p&gt; &lt;strong&gt;D&oacute;nde verlo:&lt;\/strong&gt; En los cines&lt;\/p&gt;&lt;p&gt; Puedes comprar tu entrada AQU&Iacute;.&lt;\/p&gt;&lt;\/p&gt;&lt;p&gt; &lt;em&gt;detectives de ovejas&lt;\/em&gt; &mdash; 8 de mayo de 2026. &lt;\/p&gt;&lt;p&gt;&amp;lt;img alt=\"\n\n<p><em><\/...\"><\/p>\n<p> En esta comedia, donde <strong>Hugh Jackman<\/strong> Protagonizada por un elenco estelar, la pel\u00edcula narra la historia de un pastor que lee novelas polic\u00edacas a sus queridas ovejas todas las noches, hasta que un crimen local obliga a las ovejas a darse cuenta de que deben convertirse en detectives ellas mismas.<\/p>\n<p> <strong>D\u00f3nde verlo:<\/strong> En los cines<\/p>\n<p> Puedes comprar tu entrada AQU\u00cd.<\/p>\n<\/p>\n<p> <em>Billie Eilish: Hit Me Hard and Soft \u2013 Gira (En vivo en 3D)<\/em> - 8 de mayo de 2026 <\/p>\n<p><img alt=\"&lt;p&gt;&lt;em&gt;&amp;lt;billie Eilish: Hit Me Hard and Soft - The Tour (Live in 3D)&lt;\/em&gt;&lt;\/m&gt; &mdash; 8 de mayo de 2026.&lt;\/p&gt;&lt;p&gt;&lt;\/m&gt;&raquo; src=&raquo;https:\/\/s.yimg.com\/ny\/api\/res\/1.2\/EsKH3IbymeHmLyj0DS84BQ&mdash;\/YXBwaWQ9aGlnaGxhbmRlcjt3PTk 2MDtoPTcxMjtjZj13ZWJw\/https:\/\/media.zenfs.com\/es\/e__181\/455e49e86ba24e61fa158b4201c94d13&Prime;&amp;gt;&lt;\/p&gt;&lt;p&gt; Esta pel&iacute;cula inmersiva en 3D, filmada durante la gira mundial con entradas agotadas de Billy y dirigida por &lt;strong&gt;James Cameron&lt;\/strong&gt; , Lleva la innovadora experiencia de ver conciertos a la gran pantalla.&lt;\/p&gt;&lt;p&gt; &lt;strong&gt;D&oacute;nde verlo:&lt;\/strong&gt; En los cines&lt;\/p&gt;&lt;p&gt; Puedes comprar tu entrada AQU&Iacute;.&lt;\/p&gt;&lt;\/p&gt;&lt;p&gt; &lt;em&gt;En color gris&lt;\/em&gt; &mdash; 15 de mayo de 2026. &lt;\/p&gt;&lt;p&gt;&amp;lt;img alt=\"\n\n<p><em><\/em>En gris<\/em> \u2014 15 de mayo de 2026.<\/p>\n<p>\u00bb src=\u00bbhttps:\/\/s.yimg.com\/ny\/api\/res\/1.2\/gTQQzihpM5hVmrA6K.4Upg\u2014\/YXBwaWQ9aGlnaGxhbmRlcjt3PTk 2MDtoPTU2MztjZj13ZWJw\/https:\/\/media.zenfs.com\/es\/e__181\/4207d6c8b6385b75ff588a3f70d61320\u2033&gt;<\/p>\n<p> El director de este thriller lleno de acci\u00f3n, protagonizado por... <strong>Eiza Gonz\u00e1lez<\/strong> , <strong>Jake Gyllenhaal<\/strong> \u0438 <strong>Henry Cavill,<\/strong> es <strong>Guy Ritchie.<\/strong> La pel\u00edcula est\u00e1 protagonizada por un equipo de agentes secretos encargados de recuperar una inmensa fortuna robada por un tirano despiadado.<\/p>\n<p> <strong>D\u00f3nde verlo:<\/strong> En los cines<\/p>\n<p> Puedes comprar tu entrada AQU\u00cd.<\/p>\n<\/p>\n<p> <em>\u00ab&quot;El Mandaloriano&quot; y Grogu<\/em> - 22 de mayo de 2026 <\/p>\n<p><img alt=\"&lt;p&gt;&lt;em&gt;&lt;\/...&gt;\" src=\"https:\/\/s.yimg.com\/ny\/api\/res\/1.2\/3d4VtZTq6nalNFFf.C9wTQ--\/YXBwaWQ9aGlnaGxhbmRlcjt3PTk2MDtoPTcxMjtjZj13ZWJw\/https:\/\/media.zenfs.com\/en\/e__181\/02a39f996dd517c3c74c48fc65d6b9dc\"><\/p>\n<p> El cazarrecompensas Din Djarin ( <strong>Pedro Pascal<\/strong> ) y su joven aprendiz Grogu llevan sus aventuras gal\u00e1cticas a la gran pantalla. La pel\u00edcula tambi\u00e9n cuenta con la participaci\u00f3n de <strong>Sigourney Weaver<\/strong> .<\/p>\n<p> <strong>D\u00f3nde verlo:<\/strong> En los cines<\/p>\n<p> Puedes comprar tu entrada AQU\u00cd.<\/p>\n<\/p>\n<p> <em>Amos del Universo<\/em> - 5 de junio de 2026 <\/p>\n<p><img alt=\"&lt;p&gt;&lt;em&gt;Amos del Universo&lt;\/em&gt; &mdash; 5 de junio de 2026.&lt;\/p&gt;&lt;p&gt;&raquo; src=&raquo;https:\/\/s.yimg.com\/ny\/api\/res\/1.2\/Sod.j3UJyczmkOU_qVTHuA&mdash;\/YXBwaWQ9aGlnaGxhbmRlcjt3PTk 2MDtoPTUwMztjZj13ZWJw\/https:\/\/media.zenfs.com\/es\/e__181\/e4a1463a56b92f5cb20873b46baa6cd5&Prime;&amp;gt;&lt;\/p&gt;&lt;p&gt; La legendaria franquicia de los 80 regresa a la gran pantalla en esta &eacute;pica aventura de acci&oacute;n real, donde el Pr&iacute;ncipe Adam\/He-Man y sus aliados vuelven a luchar contra el malvado Skeletor. Protagonizada por: &lt;strong&gt;Nicol&aacute;s Galitzine&lt;\/strong&gt; , &lt;strong&gt;Camila Mendes&lt;\/strong&gt; , &lt;strong&gt;Alison Brie&lt;\/strong&gt; , &lt;strong&gt;Kristen Wiig&lt;\/strong&gt; , &lt;strong&gt;Jared Leto&lt;\/strong&gt; \u0438 &lt;strong&gt;Idris Elba&lt;\/strong&gt; .&lt;\/p&gt;&lt;p&gt; &lt;strong&gt;D&oacute;nde verlo:&lt;\/strong&gt; En los cines&lt;\/p&gt;&lt;p&gt; Puedes comprar tu entrada AQU&Iacute;.&lt;\/p&gt;&lt;\/p&gt;&lt;p&gt; &lt;em&gt;Fecha de divulgaci&oacute;n&lt;\/em&gt; - 12 de junio de 2026. &lt;\/p&gt;&lt;p&gt;&amp;lt;img alt=\"\n\n<p><em>D\u00eda de la Revelaci\u00f3n<\/em> \u2014 12 de junio de 2026.<\/p>\n<p>\u00bb src=\u00bbhttps:\/\/s.yimg.com\/ny\/api\/res\/1.2\/kj7UzXhIVvb0SJsdBflpyw\u2014\/YXBwaWQ9aGlnaGxhbmRlcjt3PTk 2MDtoPTcxMjtjZj13ZWJw\/https:\/\/media.zenfs.com\/es\/e__181\/b88fd80de1c595f0a69dbbf7e26df99e&quot;&gt;<\/p>\n<p> Director legendario <strong>Steven Spielberg<\/strong> regresa con este thriller de ciencia ficci\u00f3n protagonizado por <strong>Emily Blunt<\/strong> , <strong>Josh O&#039;Connor<\/strong> , <strong>Colin Firth<\/strong> \u0438 <strong>Colman Domingo<\/strong> .<\/p>\n<p> <strong>D\u00f3nde verlo:<\/strong> En los cines<\/p>\n<p> Puedes comprar tu entrada AQU\u00cd.<\/p>\n<\/p>\n<p> <em>Toy Story 5<\/em> \u2014 19 de junio de 2026 <\/p>\n<p><img alt=\"&lt;p&gt;&lt;em&gt;Toy Story 5&lt;\/em&gt; &mdash; 19 de junio de 2026.&lt;\/p&gt;&lt;p&gt;&raquo; src=&raquo;https:\/\/s.yimg.com\/ny\/api\/res\/1.2\/HAeK9DC3V.d2y0GiGQZQRg&mdash;\/YXBwaWQ9aGlnaGxhbmRlcjt3PTk2 MDtoPTE0MjM7Y2Y9d2VicA&mdash;\/https:\/\/media.zenfs.com\/es\/e__181\/e61612ebd77d66c4567ffcb726ee26f9&Prime;&amp;gt;&lt;\/p&gt;&lt;p&gt; Woody ( &lt;strong&gt;Tom Hanks&lt;\/strong&gt; ), Buzz Lightyear ( &lt;strong&gt;Tim Allen&lt;\/strong&gt; ), Jessie ( &lt;strong&gt;Joan Cusack&lt;\/strong&gt; ) y toda la pandilla est&aacute; de vuelta, y ahora los juguetes est&aacute;n adoptando la tecnolog&iacute;a en forma de una tableta inteligente con forma de rana, con la voz de &lt;strong&gt;Greta Lee&lt;\/strong&gt; .&lt;\/p&gt;&lt;p&gt; &lt;strong&gt;D&oacute;nde verlo:&lt;\/strong&gt; En los cines&lt;\/p&gt;&lt;p&gt; Puedes comprar tu entrada AQU&Iacute;.&lt;\/p&gt;&lt;\/p&gt;&lt;p&gt; &lt;em&gt;Supergirl&lt;\/em&gt; &mdash; 26 de junio de 2026 &lt;\/p&gt;&lt;p&gt;&amp;lt;img alt=\"\n\n<p><em><supergirl> \u2014 26 de junio de 2026.<\/p>\n<p>\u00bb src=\u00bbhttps:\/\/s.yimg.com\/ny\/api\/res\/1.2\/4Fkoz6v3UzI7ofZWO5MKeg\u2014\/YXBwaWQ9aGlnaGxhbmRlcjt3PTk2 MDtoPTE0MjM7Y2Y9d2VicA\u2014\/https:\/\/media.zenfs.com\/es\/e__181\/76bfd6555a6c88b1855ce6c4b3dbb58f&quot;&gt;<\/p>\n<p> Cuando un adversario despiadado ataca demasiado cerca de casa, Kara Zor-El, tambi\u00e9n conocida como Supergirl ( <strong>Millie Alcock<\/strong> ), a rega\u00f1adientes, une fuerzas con un compa\u00f1ero inesperado en un viaje interestelar de venganza y justicia.<\/p>\n<p> <strong>D\u00f3nde verlo:<\/strong> En los cines<\/p>\n<p> Puedes comprar tu entrada AQU\u00cd.<\/p>\n<\/p>\n<p> <em>Moana<\/em> - 10 de julio de 2026 <\/p>\n<p><img alt=\"&lt;p&gt;&lt;em&gt;&lt;moana&gt; - 10 de julio de 2026.&lt;\/p&gt;&lt;p&gt;&raquo; src=&raquo;https:\/\/s.yimg.com\/ny\/api\/res\/1.2\/.6WZBR0TjMsBAIp.UdZpwg&mdash;\/YXBwaWQ9aGlnaGxhbmRlcjt3PTk 2MDtoPTcxMjtjZj13ZWJw\/https:\/\/media.zenfs.com\/es\/e__181\/360670415879fb4be9ae61a975125e94&Prime;&amp;gt;&lt;\/p&gt;&lt;p&gt; Disney ampl&iacute;a su colecci&oacute;n de remakes con actores reales con esta nueva versi&oacute;n del &eacute;xito animado de 2016. &lt;strong&gt;Dwayne Johnson&lt;\/strong&gt; una vez m&aacute;s interpreta el papel del semidi&oacute;s Maui, y &lt;strong&gt;Katherine Lagaaia&lt;\/strong&gt; interpreta a Moana.&lt;\/p&gt;&lt;p&gt; &lt;strong&gt;D&oacute;nde verlo:&lt;\/strong&gt; En los cines&lt;\/p&gt;&lt;p&gt; Puedes comprar tu entrada AQU&Iacute;.&lt;\/p&gt;&lt;\/p&gt;&lt;p&gt; &lt;em&gt;Spider-Man: Un nuevo d&iacute;a&lt;\/em&gt; - 31 de julio de 2026 &lt;\/p&gt;&lt;p&gt;&amp;lt;img alt=\"\n\n<p><em>Spider-Man: Un nuevo d\u00eda<\/em> \u2014 31 de julio de 2026.<\/p>\n<p>\u00bb src=\u00bbhttps:\/\/s.yimg.com\/ny\/api\/res\/1.2\/.8HK_90hGhqGP1iCAABu.w\u2014\/YXBwaWQ9aGlnaGxhbmRlcjt3PTk 2MDtoPTcxMjtjZj13ZWJw\/https:\/\/media.zenfs.com\/es\/e__181\/1a7dc2376aa163ced586f9889eb759d7\u2033&gt;<\/p>\n<p> En este nuevo cap\u00edtulo de la franquicia de superh\u00e9roes, Peter Parker ( <strong>Tom Holland<\/strong> Vive y lucha contra el crimen solo en la ciudad de Nueva York, habi\u00e9ndose borrado de la vida y de los recuerdos de sus seres queridos. <strong>Zendaya<\/strong> regresa como MJ, y al elenco se une <strong>Sadie Sink<\/strong> .<\/p>\n<p> <strong>D\u00f3nde verlo:<\/strong> En los cines<\/p>\n<p> Puedes comprar tu entrada AQU\u00cd.<\/p>\n<\/p>\n<p> <em>El gato con sombrero<\/em> - 6 de noviembre de 2026 <\/p>\n<p><img alt=\"&lt;p&gt;&lt;em&gt;El gato con sombrero&lt;\/em&gt; &mdash; 6 de noviembre de 2026.&lt;\/p&gt;&lt;p&gt;&raquo; src=&raquo;https:\/\/s.yimg.com\/ny\/api\/res\/1.2\/VfoJ8jB4jicesnxnvagBVA&mdash;\/YXBwaWQ9aGlnaGxhbmRlcjt3PTk 2MDtoPTcxMjtjZj13ZWJw\/https:\/\/media.zenfs.com\/es\/e__181\/d225dee4c87ef160c340a6f3777694b5&Prime;&amp;gt;&lt;\/p&gt;&lt;p&gt; En esta adaptaci&oacute;n animada basada en el querido &lt;strong&gt;El libro del Dr. Seuss&lt;\/strong&gt; , participar&aacute; &lt;strong&gt;Bill Hader&lt;\/strong&gt; , &lt;strong&gt;Quinta Brunson&lt;\/strong&gt; , &lt;strong&gt;Bowen Young&lt;\/strong&gt; \u0438 &lt;strong&gt;Am&eacute;rica Ferrera&lt;\/strong&gt; .&lt;\/p&gt;&lt;p&gt; &lt;strong&gt;D&oacute;nde verlo:&lt;\/strong&gt; En los cines&lt;\/p&gt;&lt;p&gt; Puedes comprar tu entrada AQU&Iacute;.&lt;\/p&gt;&lt;\/p&gt;&lt;p&gt; &lt;em&gt;Los Juegos del Hambre: Amanecer en la Cosecha&lt;\/em&gt; - 20 de noviembre de 2026 &lt;\/p&gt;&lt;p&gt;&amp;lt;img alt=\"\n\n<p><em><\/p>\n<p>Los Juegos del Hambre: Amanecer en la Cosecha<\/em> \u2014 20 de noviembre de 2026.<\/p>\n<p>\u00bb src=\u00bbhttps:\/\/s.yimg.com\/ny\/api\/res\/1.2\/NQ5PGvYi_LsNRzqfd.ET3Q\u2014\/YXBwaWQ9aGlnaGxhbmRlcjt3PTk 2MDtoPTY0MDtjZj13ZWJw\/https:\/\/media.zenfs.com\/es\/e__181\/ef3d1a43b919f796f2d167e1bcbff7fb&quot;&gt;<\/p>\n<p> Esta precuela largamente esperada nos lleva de vuelta al mundo de Panem y sigue a un joven Haymitch Abernathy ( <strong>Jos\u00e9 Zada<\/strong> ) veinticuatro a\u00f1os antes de los eventos de Los Juegos del Hambre. La pel\u00edcula tambi\u00e9n est\u00e1 protagonizada por <strong>Glenn Close<\/strong> , <strong>Pico Whitney<\/strong> , <strong>Elle Fanning<\/strong> , <strong>Ralph Fiennes<\/strong> , <strong>McKenna Grace<\/strong> \u0438 <strong>Maya Hawke<\/strong> .<\/p>\n<p> <strong>D\u00f3nde verlo:<\/strong> En los cines<\/p>\n<p> Puedes comprar tu entrada AQU\u00cd.<\/p>\n<\/p>\n<p> <em>Vengadores: El d\u00eda del juicio final<\/em> - 18 de diciembre de 2026 <\/p>\n<p><img alt=\"&lt;p&gt;&lt;em&gt;Vengadores: El d&iacute;a del juicio final&lt;\/em&gt; &mdash; 18 de diciembre de 2026.&lt;\/p&gt;&lt;p&gt;&raquo; src=&raquo;https:\/\/s.yimg.com\/ny\/api\/res\/1.2\/XXim2Kfry3sHf7ED3UTBKQ&mdash;\/YXBwaWQ9aGlnaGxhbmRlcjt3PTk2 MDtoPTE0MjM7Y2Y9d2VicA&mdash;\/https:\/\/media.zenfs.com\/es\/e__181\/dfb57baefa1d6bb6a2e31a8b79197327&Prime;&amp;gt;&lt;\/p&gt;&lt;p&gt; En la quinta parte de la serie de pel&iacute;culas &lt;em&gt;&laquo;Los vengadores&raquo;&lt;\/em&gt; Un reparto estelar de personajes favoritos de los fans del Universo Cinematogr&aacute;fico de Marvel regresa a nuestras pantallas.&lt;\/p&gt;&lt;p&gt; &lt;strong&gt;D&oacute;nde verlo:&lt;\/strong&gt; En los cines&lt;\/p&gt;&lt;p&gt; Puedes comprar tu entrada AQU&Iacute;.&lt;\/p&gt;&lt;\/p&gt;&lt;p&gt; &lt;em&gt;Dune: Tercera parte&lt;\/em&gt; - 18 de diciembre de 2026 &lt;\/p&gt;&lt;p&gt;&amp;lt;img alt=\"\n\n<p><em>&lt;Dune: Part Three<\/em> \u2014 18 de diciembre de 2026.<\/p>\n<p>\u00bb src=\u00bbhttps:\/\/s.yimg.com\/ny\/api\/res\/1.2\/jIchsxxjP98c2xlJ7GGWOQ\u2014\/YXBwaWQ9aGlnaGxhbmRlcjt3PTk 2MDtoPTY2OTtjZj13ZWJw\/https:\/\/media.zenfs.com\/es\/e__181\/6659dd0fe0a26015412c2e38035f1fb2\u2033&gt;<\/p>\n<p> <strong>Zendaya<\/strong> \u0438 <strong>Timoth\u00e9e Chalamet<\/strong> regresa para presentar la \u00e9pica conclusi\u00f3n de la trilog\u00eda del director. <strong>Denis Villeneuve<\/strong> . La pel\u00edcula tambi\u00e9n est\u00e1 protagonizada por <strong>Jason Momoa<\/strong> , <strong>Florence Pugh<\/strong> , <strong>Rebecca Ferguson<\/strong> , <strong>Anya Taylor-Joy<\/strong> , <strong>Robert Pattinson<\/strong> \u0438 <strong>Javier Bardem<\/strong> .<\/p>\n<p> <strong>D\u00f3nde verlo:<\/strong> en cines e IMAX.<\/p>\n<p> Puedes comprar tu entrada AQU\u00cd.<\/p>\n<p> Para estar al tanto de las \u00faltimas noticias, haga clic aqu\u00ed para descargar la aplicaci\u00f3n de E! News.<\/p>","protected":false},"excerpt":{"rendered":"<p>El art\u00edculo original se public\u00f3 en E! Online. Steven Spielberg no siempre ha vivido en una burbuja de dulzura. De hecho, el legendario director revel\u00f3 que su pel\u00edcula debut, &quot;Fuego...&quot;<\/p>","protected":false},"author":1,"featured_media":5634,"comment_status":"open","ping_status":"closed","sticky":false,"template":"","format":"standard","meta":{"footnotes":""},"categories":[6],"tags":[],"class_list":["post-5633","post","type-post","status-publish","format-standard","has-post-thumbnail","hentry","category-kinoindustriya","hvn-theme-has-thumbnail"],"_links":{"self":[{"href":"https:\/\/imgist.ru\/es\/wp-json\/wp\/v2\/posts\/5633","targetHints":{"allow":["GET"]}}],"collection":[{"href":"https:\/\/imgist.ru\/es\/wp-json\/wp\/v2\/posts"}],"about":[{"href":"https:\/\/imgist.ru\/es\/wp-json\/wp\/v2\/types\/post"}],"author":[{"embeddable":true,"href":"https:\/\/imgist.ru\/es\/wp-json\/wp\/v2\/users\/1"}],"replies":[{"embeddable":true,"href":"https:\/\/imgist.ru\/es\/wp-json\/wp\/v2\/comments?post=5633"}],"version-history":[{"count":1,"href":"https:\/\/imgist.ru\/es\/wp-json\/wp\/v2\/posts\/5633\/revisions"}],"predecessor-version":[{"id":149536,"href":"https:\/\/imgist.ru\/es\/wp-json\/wp\/v2\/posts\/5633\/revisions\/149536"}],"wp:featuredmedia":[{"embeddable":true,"href":"https:\/\/imgist.ru\/es\/wp-json\/wp\/v2\/media\/5634"}],"wp:attachment":[{"href":"https:\/\/imgist.ru\/es\/wp-json\/wp\/v2\/media?parent=5633"}],"wp:term":[{"taxonomy":"category","embeddable":true,"href":"https:\/\/imgist.ru\/es\/wp-json\/wp\/v2\/categories?post=5633"},{"taxonomy":"post_tag","embeddable":true,"href":"https:\/\/imgist.ru\/es\/wp-json\/wp\/v2\/tags?post=5633"}],"curies":[{"name":"wp","href":"https:\/\/api.w.org\/{rel}","templated":true}]}}