{"id":6849,"date":"2026-06-02T12:03:53","date_gmt":"2026-06-02T09:03:53","guid":{"rendered":"https:\/\/imgist.ru\/dzhon-styuart-otmechaet-chto-dzheff-epshtejn-ne-yavlyaetsya-predstavitelem-grupp-otkazavshihsya-ot-uchastiya-v-konczerte-v-chest-250-letiya-svobody-chto-za-hren\/"},"modified":"2026-08-29T11:56:00","modified_gmt":"2026-08-29T08:56:00","slug":"john-stewart-senala-que-jeff-epstein-no-representa-a-los-grupos-que-se-negaron-a-participar-en-el-concierto-en-honor-al-250-aniversario-de-la-libertad-que-barbaridad","status":"publish","type":"post","link":"https:\/\/imgist.ru\/es\/dzhon-styuart-otmechaet-chto-dzheff-epshtejn-ne-yavlyaetsya-predstavitelem-grupp-otkazavshihsya-ot-uchastiya-v-konczerte-v-chest-250-letiya-svobody-chto-za-hren\/","title":{"rendered":"Jon Stewart se\u00f1ala que Jeff Epstein no es un representante de las bandas que se retiraron del concierto del 250 aniversario de la libertad: &quot;\u00bfQu\u00e9 carajo?&quot;\u00ab"},"content":{"rendered":"<h3>Disposiciones b\u00e1sicas<\/h3>\n<ul>\n<li>\n<p> El presentador del programa <em>El<\/em> <em>Programa diario<\/em> Jon Stewart se\u00f1al\u00f3 que &quot;Jeff Epstein&quot; era el nombre de un agente de contrataci\u00f3n utilizado por muchos de los artistas en el fallido concierto Freedom 250, seg\u00fan se supo el lunes.<\/p>\n<\/li>\n<li>\n<p> Algunos participantes se retiraron del evento alegando que lo consideraban parcial, a pesar de las afirmaciones en contrario de los organizadores.<\/p>\n<\/li>\n<li>\n<p> El fallecido Jeffrey Epstein, condenado por delitos sexuales contra menores, ha creado problemas pol\u00edticos para el presidente Donald Trump.<\/p>\n<\/li>\n<\/ul>\n<p> En el programa del lunes <em>Jon Stewart, de The Daily Show, estaba desconcertado.,<\/em> se\u00f1alando que muchos de los artistas que se hab\u00edan negado a participar en los conciertos programados por la organizaci\u00f3n gubernamental Freedom 250 hab\u00edan sido invitados por un agente llamado &quot;Jeff Epstein&quot;.<\/p>\n<p> \u00ab\u00a1\u00bfQu\u00e9 demonios?! \u2014exclam\u00f3 Stewart\u2014. Jeff Epstein, de Universal Attractions, est\u00e1 a cargo \u2014perd\u00f3n\u2014 de contratar personal para la fiesta de Donald Trump. \u00a1\u00bfMe est\u00e1s diciendo eso?!\u00bb<\/p>\n<p> Jeffrey Epstein, condenado por abuso sexual infantil, falleci\u00f3 en 2019. Las preguntas sobre lo que el presidente Donald Trump sab\u00eda y desconoc\u00eda acerca de la vida del difunto Epstein y su manejo de los documentos relacionados con el caso siguen acosando pol\u00edticamente al presidente en su segundo mandato. <\/p>\n<p> Jon Stewart en el episodio del lunes de &quot;The Daily Show&quot;. Foto: Comedy Central<\/p>\n<p> \u00abCuando estaban planeando la celebraci\u00f3n del 250 aniversario de nuestro pa\u00eds, alguien ten\u00eda que entrar en la oficina de Donald Trump y decir: &quot;\u00a1Conozco al hombre perfecto!&quot;\u201e, dijo Stewart, mientras aparec\u00eda en pantalla una imagen del organizador del evento. \u201c\u00bfCu\u00e1nta l\u00e1stima sientes por este tipo? Despu\u00e9s de a\u00f1os diciendo: &quot;No, ese Epstein no&quot;, por fin est\u00e1 consiguiendo todas sus conferencias. Todo est\u00e1 saliendo seg\u00fan el plan de Epstein. Y las apariciones se est\u00e1n cancelando. Por fin cre\u00eda que iba a tener su final feliz\u00bb.<\/p>\n<p> Despu\u00e9s de esto, el comediante fingi\u00f3 entender lo que hab\u00eda dicho.<\/p>\n<p> Lo intent\u00f3 de nuevo: \u00abPero no, no, una vez m\u00e1s fue abandonado a su suerte\u00bb.<\/p>\n<p> Cuando la multitud abuche\u00f3 a Stewart, \u00e9l respondi\u00f3 con fingida indignaci\u00f3n: &quot;\u00bfDemasiado pronto?&quot;.\u00ab<\/p>\n<p> La semana pasada, varios artistas se retiraron de los pr\u00f3ximos eventos del D\u00eda de la Independencia organizados por la administraci\u00f3n, entre ellos Martina McBride, Young MC, Bret Michaels, Morris Day and The Time y The Commodores.<\/p>\n<p> Por ejemplo, la estrella de la m\u00fasica country McBride dijo que se supon\u00eda que el evento ser\u00eda apartidista, pero termin\u00f3 siendo diferente.<\/p>\n<p> \u00ab&quot;Me ofrecieron la oportunidad de actuar en un evento apartidista, pero result\u00f3 ser una estafa&quot;, declar\u00f3 el jueves. &quot;Hice muchas preguntas y me aseguraron que era un evento apartidista que celebraba a los 50 estados. Pens\u00e9 que ser\u00eda una excelente manera de celebrar los estados y unir a la gente como solo la m\u00fasica puede hacerlo. Lo imagin\u00e9 como una versi\u00f3n a gran escala de las numerosas ferias estatales en las que he actuado a lo largo de los a\u00f1os, celebrando la comunidad y lo que hace especial a cada estado. Suena divertido, \u00bfverdad? Incluso saludable. Ayer, las cosas empezaron a cambiar, y lo que nos dijeron result\u00f3 ser falso&quot;.<\/p>\n<p> <strong><em>Recibe tu dosis diaria de noticias de entretenimiento, actualizaciones de celebridades y recomendaciones de visualizaci\u00f3n con nuestro<\/em><\/strong> <strong><em>Boletines informativos de EW Dispatch<\/em><\/strong> <strong><em>.<\/em><\/strong><\/p>\n<p> Young MC, el primero en rechazar participar, dijo pr\u00e1cticamente lo mismo: &quot;Los artistas nunca fueron informados de ninguna implicaci\u00f3n pol\u00edtica en el evento&quot;.<\/p>\n<p> La portavoz de Freedom 250, Rachel Reisner, declar\u00f3 a la publicaci\u00f3n <em>Entretenimiento Semanal<\/em> La semana pasada: &quot;Freedom 250 es una organizaci\u00f3n sin fines de lucro 501(c)(3) sin afiliaci\u00f3n pol\u00edtica, dedicada a unir a los estadounidenses en torno al 250 aniversario de nuestro pa\u00eds. Freedom 250 se centra en sus eventos y celebraciones emblem\u00e1ticas que honran nuestra historia e involucran a todos los estadounidenses, dando la bienvenida a todos aquellos que comparten nuestro objetivo de conmemorar esta ocasi\u00f3n trascendental de una manera que inspire y una a Estados Unidos&quot;.<\/p>\n<p> Morris Day estaba totalmente en contra.<\/p>\n<p> \u00ab&quot;Esto me resulta inaceptable&quot;, escribi\u00f3 Day. &quot;Contrariamente a los rumores, Morris Day y The Time no se presentar\u00e1n en la Gran Feria Estatal Americana&quot;.<\/p>\n<p> Lee el art\u00edculo original en Entertainment Weekly.<\/p>","protected":false},"excerpt":{"rendered":"<p>El presentador de The Daily Show, Jon Stewart, coment\u00f3 el lunes la revelaci\u00f3n de que &quot;Jeff Epstein&quot; es el nombre de un agente...<\/p>","protected":false},"author":1,"featured_media":6850,"comment_status":"open","ping_status":"closed","sticky":false,"template":"","format":"standard","meta":{"footnotes":""},"categories":[7],"tags":[],"class_list":["post-6849","post","type-post","status-publish","format-standard","has-post-thumbnail","hentry","category-muzyka","hvn-theme-has-thumbnail"],"_links":{"self":[{"href":"https:\/\/imgist.ru\/es\/wp-json\/wp\/v2\/posts\/6849","targetHints":{"allow":["GET"]}}],"collection":[{"href":"https:\/\/imgist.ru\/es\/wp-json\/wp\/v2\/posts"}],"about":[{"href":"https:\/\/imgist.ru\/es\/wp-json\/wp\/v2\/types\/post"}],"author":[{"embeddable":true,"href":"https:\/\/imgist.ru\/es\/wp-json\/wp\/v2\/users\/1"}],"replies":[{"embeddable":true,"href":"https:\/\/imgist.ru\/es\/wp-json\/wp\/v2\/comments?post=6849"}],"version-history":[{"count":1,"href":"https:\/\/imgist.ru\/es\/wp-json\/wp\/v2\/posts\/6849\/revisions"}],"predecessor-version":[{"id":150626,"href":"https:\/\/imgist.ru\/es\/wp-json\/wp\/v2\/posts\/6849\/revisions\/150626"}],"wp:featuredmedia":[{"embeddable":true,"href":"https:\/\/imgist.ru\/es\/wp-json\/wp\/v2\/media\/6850"}],"wp:attachment":[{"href":"https:\/\/imgist.ru\/es\/wp-json\/wp\/v2\/media?parent=6849"}],"wp:term":[{"taxonomy":"category","embeddable":true,"href":"https:\/\/imgist.ru\/es\/wp-json\/wp\/v2\/categories?post=6849"},{"taxonomy":"post_tag","embeddable":true,"href":"https:\/\/imgist.ru\/es\/wp-json\/wp\/v2\/tags?post=6849"}],"curies":[{"name":"wp","href":"https:\/\/api.w.org\/{rel}","templated":true}]}}