{"id":6991,"date":"2026-06-02T14:10:33","date_gmt":"2026-06-02T11:10:33","guid":{"rendered":"https:\/\/imgist.ru\/entoni-anderson-otkrovenno-rasskazal-o-svoem-vozvrashhenii-v-film-uzhasov-posle-togo-kak-marlon-i-shon-uejans-vernuli-sebe-prava-na-franshizu-eksklyuziv\/"},"modified":"2026-08-29T11:56:25","modified_gmt":"2026-08-29T08:56:25","slug":"anthony-anderson-hablo-con-franqueza-sobre-su-regreso-al-cine-de-terror-despues-de-que-marlon-y-shawn-wejans-recuperaran-los-derechos-exclusivos-de-la-franquicia","status":"publish","type":"post","link":"https:\/\/imgist.ru\/es\/entoni-anderson-otkrovenno-rasskazal-o-svoem-vozvrashhenii-v-film-uzhasov-posle-togo-kak-marlon-i-shon-uejans-vernuli-sebe-prava-na-franshizu-eksklyuziv\/","title":{"rendered":"Anthony Anderson habla abiertamente sobre su regreso a la franquicia de terror despu\u00e9s de que Marlon y Shawn Wayans &quot;recuperaran la franquicia&quot; (Exclusiva)."},"content":{"rendered":"<h3>LO QUE NECESITA SABER<\/h3>\n<ul>\n<li>\n<p> Anthony Anderson declar\u00f3 a la revista PEOPLE que desconoc\u00eda que Marlon Wayans y Shawn Wayans no estuvieran involucrados con la franquicia. <em>\u00abPel\u00edcula de terror\u00bb<\/em> en la d\u00e9cada de 2000 hasta que se uni\u00f3 al proyecto para <em>rodaje de &quot;Scary Movie 3&quot;.<\/em><\/p>\n<\/li>\n<li>\n<p> Anderson regresa al trabajo en un nuevo proyecto. <em>La pel\u00edcula &quot;Scary Movie&quot;<\/em> \u00bb&quot;y dice que Marlon lo llam\u00f3 poco despu\u00e9s de que \u00e9l &quot;volviera a poner la franquicia bajo el nombre de la familia&quot;.<\/p>\n<\/li>\n<li>\n<p> <em>\u00abPel\u00edcula de terror\u00bb<\/em> , La primera entrega de la saga desde 2013 llega a los cines el 5 de junio.<\/p>\n<\/li>\n<\/ul>\n<p> Anthony Anderson regresa a la franquicia. <em>\u00abPel\u00edcula de terror\u00bb<\/em> Tal como lo hab\u00eda planeado originalmente: con Marlon Wayans y Shawn Wayans al volante.<\/p>\n<p> Anderson, de 55 a\u00f1os, es conocido por su participaci\u00f3n en la tercera y cuarta entrega de la franquicia. <em>\u00abPel\u00edcula de terror\u00bb<\/em> A mediados de la d\u00e9cada de 2000, en la alfombra roja de los premios Peabody en Beverly Hills, California, el domingo 31 de mayo, le dijo a PEOPLE que firm\u00f3 contratos para protagonizar las pel\u00edculas en ese momento, sin saber que los creadores de la franquicia, Marlon, de 53 a\u00f1os, y Shawn, de 55, no ten\u00edan ninguna participaci\u00f3n.<\/p>\n<p> \u00abEs genial\u00bb, dice Anderson sobre la nueva entrega de la franquicia, que llega a los cines el viernes 5 de junio. \u00abSabes, cuando acept\u00e9 trabajar en <em>\u00abPel\u00edcula de terror 3\u00bb<\/em> , Estaba tan emocionado porque pens\u00e9 que trabajar\u00eda con mis amigos Marlon y Shawn y toda la familia Wayans. No ten\u00eda ni idea de que hab\u00edan dejado la franquicia y que ahora era solo una producci\u00f3n de Miramax. As\u00ed que fue genial para m\u00ed trabajar en <em>\u00abPel\u00edcula de terror 3\u00bb<\/em> \u0438 <em>\u00abPel\u00edcula de terror 4\u00bb<\/em> , Pero pens\u00e9 que lo har\u00eda con mis amigos.&quot;.<\/p>\n<p> \u00ab&quot;Y luego se lo quitaron <em>\u00abPel\u00edcula de terror 5\u00bb<\/em> , y luego Marlon trajo de vuelta la franquicia bajo el nombre de la familia, y yo fui una de las primeras personas a las que llam\u00f3&quot;, dice Anderson. &quot;Me dijo: &#039;Oye, Ant, \u00bfquieres estar en... <em>\u00abPel\u00edcula de terror 6\u00bb<\/em> \u2014Respond\u00ed: \u201cPor supuesto, es hora de que trabajemos juntos\u201e. <\/p>\n<p> Anthony Anderson, Simon Rex y Charlie Sheen en &quot;Scary Movie 3&quot;. Foto: Rob McEwen\/Dimension\/Miramax\/Kobal\/Shutterstock<\/p>\n<p> Shawn y Marlon fundaron la franquicia.\u00ab <em>&quot;Pel\u00edcula de terror&quot;\u00bb<\/em> con la pel\u00edcula original de 2000, una parodia de las populares pel\u00edculas slasher de los 90 como <em>\u00ab&quot;Gritar&quot;\u00bb<\/em> , y su secuela de 2001 <em>\u00abPel\u00edcula de terror 2<\/em> \u00bbSu hermano mayor, Keenen Ivory Wayans, dirigi\u00f3 las dos pel\u00edculas originales.<\/p>\n<p> Miramax, el estudio que en su d\u00eda perteneci\u00f3 a Harvey Weinstein y a su hermano Bob Weinstein, ha comenzado a trabajar en la tercera entrega. <em>\u00abPel\u00edcula de terror\u00bb<\/em> En 2002, justo despu\u00e9s de que Keenan, Sean y Marlon firmaran un acuerdo de colaboraci\u00f3n con otro estudio cinematogr\u00e1fico, como inform\u00f3 la publicaci\u00f3n en aquel momento. <em>Entretenimiento Semanal<\/em> .<\/p>\n<p> Marlon dijo en una entrevista el 25 de mayo <em>Variedad<\/em> Seg\u00fan se inform\u00f3, los hermanos Weinstein se hab\u00edan negado a acceder a las exigencias de los hermanos Wayans de recibir salarios m\u00e1s altos por la tercera pel\u00edcula. <em>pel\u00edcula &quot;Scary Movie&quot;\u00ab<\/em> y posteriormente robaron su idea para <em>\u00abPel\u00edcula de terror 3\u00bb<\/em> . &quot;Nos quitaron la franquicia&quot;, dijo en esa entrevista. &quot;Y nosotros simplemente ped\u00edamos lo que nos correspond\u00eda&quot;.<\/p>\n<p> El actor, guionista y comediante anunci\u00f3 que \u00e9l y sus hermanos regresar\u00e1n para filmar una nueva entrega. <em>\u00abPel\u00edcula de terror\u00bb<\/em> en octubre de 2024. La nueva pel\u00edcula retomar\u00e1 sus papeles principales, Regina Hall y Anna Faris, y Waynes en una entrevista <em>Variedad<\/em> Lo denominaron un &quot;reinicio&quot; en lugar de la sexta parte de la serie.<\/p>\n<p> <strong>No te pierdas ninguna noticia: suscr\u00edbete a<\/strong> <strong>Bolet\u00edn informativo diario gratuito PEOPLE<\/strong> <strong>, Para estar al d\u00eda de lo mejor que ofrece PEOPLE, desde noticias de famosos hasta conmovedoras historias humanas.<\/strong> <\/p>\n<p> Anthony Anderson en Scary Movie (Cr\u00e9dito: Dimension Films)<\/p>\n<p> En la alfombra roja de los premios Peabody, Anderson le dijo a PEOPLE que ya se est\u00e1n llevando a cabo conversaciones sobre la creaci\u00f3n de una s\u00e9ptima <em>pel\u00edcula<\/em> \u00ab&quot;Muy <em>aterrador<\/em> &quot;cine&quot; y &quot;el regreso de todos los participantes de la franquicia desde el principio&quot;.<\/p>\n<p> \u00ab&quot;Todo sali\u00f3 de maravilla&quot;, dice sobre el proceso de filmaci\u00f3n. &quot;No puedo decirles qu\u00e9 pasa en la pel\u00edcula, pero se divertir\u00e1n mucho. Solo les puedo decir una cosa: no hay restricciones&quot;.<\/p>\n<p> <em>La pel\u00edcula &quot;Scary Movie&quot;\u00ab<\/em> Se estrenar\u00e1 en cines el 5 de junio.<\/p>\n<p> Lee el art\u00edculo original en People.<\/p>","protected":false},"excerpt":{"rendered":"<p>DATOS CLAVE: Anthony Anderson declar\u00f3 a PEOPLE que desconoc\u00eda que Marlon Wayans y Shawn Wayans no estuvieran involucrados en la franquicia de Scary Movie.<\/p>","protected":false},"author":1,"featured_media":0,"comment_status":"open","ping_status":"closed","sticky":false,"template":"","format":"standard","meta":{"footnotes":""},"categories":[6],"tags":[],"class_list":["post-6991","post","type-post","status-publish","format-standard","hentry","category-kinoindustriya"],"_links":{"self":[{"href":"https:\/\/imgist.ru\/es\/wp-json\/wp\/v2\/posts\/6991","targetHints":{"allow":["GET"]}}],"collection":[{"href":"https:\/\/imgist.ru\/es\/wp-json\/wp\/v2\/posts"}],"about":[{"href":"https:\/\/imgist.ru\/es\/wp-json\/wp\/v2\/types\/post"}],"author":[{"embeddable":true,"href":"https:\/\/imgist.ru\/es\/wp-json\/wp\/v2\/users\/1"}],"replies":[{"embeddable":true,"href":"https:\/\/imgist.ru\/es\/wp-json\/wp\/v2\/comments?post=6991"}],"version-history":[{"count":2,"href":"https:\/\/imgist.ru\/es\/wp-json\/wp\/v2\/posts\/6991\/revisions"}],"predecessor-version":[{"id":150792,"href":"https:\/\/imgist.ru\/es\/wp-json\/wp\/v2\/posts\/6991\/revisions\/150792"}],"wp:attachment":[{"href":"https:\/\/imgist.ru\/es\/wp-json\/wp\/v2\/media?parent=6991"}],"wp:term":[{"taxonomy":"category","embeddable":true,"href":"https:\/\/imgist.ru\/es\/wp-json\/wp\/v2\/categories?post=6991"},{"taxonomy":"post_tag","embeddable":true,"href":"https:\/\/imgist.ru\/es\/wp-json\/wp\/v2\/tags?post=6991"}],"curies":[{"name":"wp","href":"https:\/\/api.w.org\/{rel}","templated":true}]}}