{"id":7418,"date":"2026-06-02T18:11:26","date_gmt":"2026-06-02T15:11:26","guid":{"rendered":"http:\/\/imgist.ru\/trejler-filma-ix-xi-zhiteli-nyu-jorka-delyatsya-yarkimi-vospominaniyami-o-sobytiyah-11-sentyabrya-v-preddverii-vazhnoj-godovshhiny-festival-tribeka\/"},"modified":"2026-08-29T11:57:19","modified_gmt":"2026-08-29T08:57:19","slug":"los-neoyorquinos-comparten-vividos-recuerdos-de-los-sucesos-del-11-de-septiembre-en-visperas-del-importante-aniversario-del-festival-de-tribeca","status":"publish","type":"post","link":"https:\/\/imgist.ru\/es\/trejler-filma-ix-xi-zhiteli-nyu-jorka-delyatsya-yarkimi-vospominaniyami-o-sobytiyah-11-sentyabrya-v-preddverii-vazhnoj-godovshhiny-festival-tribeka\/","title":{"rendered":"Tr\u00e1iler de &#039;IX XI&#039;: Neoyorquinos comparten v\u00edvidos recuerdos del 11-S antes del aniversario de este hito \u2013 Festival de Cine de Tribeca"},"content":{"rendered":"<p><strong>EXCLUSIVO:<\/strong> El 11 de septiembre, el pa\u00eds conmemorar\u00e1 el 25 aniversario de los ataques terroristas contra el World Trade Center y el Pent\u00e1gono, un suceso horrible que quedar\u00e1 grabado para siempre en la memoria de todos los estadounidenses que lo vivieron.<\/p>\n<p> Los esfuerzos de revitalizaci\u00f3n del Bajo Manhattan dieron origen al Festival de Tribeca, y el documental se estrenar\u00e1 en Tribeca. <em>IX XI<\/em> El director Sean Wilsey, que cuenta una docena de historias personales &quot;a trav\u00e9s de conversaciones profundamente \u00edntimas con neoyorquinos de toda la ciudad&quot;. Algunos de los que comparten sus historias son muy conocidos, como el dibujante <em>revista New Yorker<\/em> Roz Chast y el actor Griffin Dunne; otros son inmigrantes que hicieron de Nueva York su hogar, como el restaurador Amadeus Brougher, la ex empleada de EF Hutton Irma Ellis y el bailar\u00edn Kevin Langford.<\/p>\n<p> <strong>M\u00e1s noticias de Deadline<\/strong><\/p>\n<ul>\n<li>\n<p> El drama con inteligencia artificial &quot;Sue\u00f1os de violetas&quot; se estrenar\u00e1 en el Festival de Cine de Tribeca.<\/p>\n<\/li>\n<li>\n<p> Aubrey Plaza, Paul Rudd, Quentin Tarantino y otros encabezan la 25\u00aa edici\u00f3n del Festival de Cine de Tribeca, que presenta un r\u00e9cord de 103 estrenos mundiales.<\/p>\n<\/li>\n<li>\n<p> El documental de Questlove sobre Earth, Wind &amp; Fire inaugurar\u00e1 la 25\u00aa edici\u00f3n del Festival de Cine de Tribeca.<\/p>\n<\/li>\n<\/ul>\n<p> \u00abCada uno de ellos relata v\u00edvidamente su historia en el momento en que un acontecimiento hist\u00f3rico mundial los uni\u00f3\u00bb, se\u00f1ala la sinopsis. \u00abEstas entrevistas se complementan con material de archivo in\u00e9dito y noticieros que transmiten los estados internos de los entrevistados y hacen referencia a las im\u00e1genes que todos compartimos en la cultura cinematogr\u00e1fica\u00bb.<\/p>\n<p> Les presentamos el primer tr\u00e1iler del documental, que pueden ver arriba. <\/p>\n<p> La instalaci\u00f3n lum\u00ednica &quot;Tributo en Luz&quot; ilumina el horizonte del Bajo Manhattan y el World Trade Center en la ciudad de Nueva York el 10 de septiembre de 2025.<\/p>\n<p> \u00ab&quot;Ning\u00fan evento ha tenido un mayor impacto en la ciudad de Nueva York que el 11 de septiembre&quot;, dijo Wilsey en un comunicado a Deadline. &quot;Pero para los millones que presenciaron la tragedia, ese recuerdo se est\u00e1 desvaneciendo lentamente, y ahora toda una generaci\u00f3n de adultos solo tiene un conocimiento indirecto. La pel\u00edcula <em>\u00abIX XI\u00bb<\/em> &quot;[La pel\u00edcula] pretende recrear la intensidad emocional de aquel d\u00eda. Las doce personas que participan en ella, a trav\u00e9s de sus diversas perspectivas, transmiten sentimientos profundos que trascienden las barreras culturales, pol\u00edticas y de clase, transportando a los espectadores a aquel d\u00eda tan significativo en la historia de la ciudad de Nueva York con sinceridad y una nueva comprensi\u00f3n.&quot;.<\/p>\n<p> <em>Pel\u00edcula &quot;IX XI&quot;\u00ab<\/em> Dirigida por Sean Wilsey y producida por Krista Parris y Sean Wilsey. Productora ejecutiva: Paula Grant Berry. Montaje: Zara Serabyan Arthur, Otie Carlisle, Nick Seago, Liam Walsh, Tristan Daly, KD Davison y John Allen. Fotograf\u00eda: Otie Carlisle, Ethan Palmer y Kurt Vincent; m\u00fasica: Milena Ercke, Randall Poster y Mira Wilsey.<\/p>\n<p> La pel\u00edcula se estrenar\u00e1 el jueves en la secci\u00f3n de documentales del Festival de Cine de Tribeca, con proyecciones adicionales el viernes y el s\u00e1bado, as\u00ed como el domingo 14 de junio. Visit Films ha adquirido los derechos y se encarga de la distribuci\u00f3n.<\/p>\n<p> La directora del Festival de Tribeca, Kara Cusumano, escribe en el programa del festival: \u00abSi bien hay muchos h\u00e9roes documentados y actos de valent\u00eda humana el 11 de septiembre, <em>pel\u00edcula IX XI<\/em> El documental destaca la cotidianidad de la vida antes de este d\u00eda, as\u00ed como la singularidad de la experiencia de cada persona ante esta tragedia. Wilsey construye su documental utilizando material de archivo y grabaciones cinematogr\u00e1ficas, profundizando en la idea de que los eventos traum\u00e1ticos pueden unir a las personas de maneras inesperadas. <em>IX XI<\/em> Se hace un llamamiento a un debate abierto sobre el impacto que este suceso sigue teniendo.&quot;.<\/p>\n<p> Mira el tr\u00e1iler de la pel\u00edcula. <em>\u00abIX XI\u00bb<\/em> m\u00e1s alto.<\/p>\n<p> <strong>Lo mejor de Deadline<\/strong><\/p>\n<ul>\n<li>\n<p> Todo lo que sabemos hasta ahora sobre Toy Story 5.<\/p>\n<\/li>\n<li>\n<p> \u00bfQu\u00e9 libros de Emily Henry ser\u00e1n adaptados al cine? &quot;The Happy Place&quot;, &quot;The Book Lovers&quot; y otros.<\/p>\n<\/li>\n<li>\n<p> Todo lo que sabemos hasta ahora sobre la adaptaci\u00f3n cinematogr\u00e1fica de &quot;Beach Read&quot; de Emily Henry.\u00ab<\/p>\n<\/li>\n<\/ul>\n<p> Suscr\u00edbete al bolet\u00edn de noticias de Deadline. Para estar al d\u00eda de las \u00faltimas novedades, s\u00edguenos en Facebook, Twitter e Instagram.<\/p>","protected":false},"excerpt":{"rendered":"<p>EXCLUSIVA: El 11 de septiembre, el pa\u00eds conmemorar\u00e1 el 25 aniversario de los ataques terroristas contra el World Trade Center y el Pent\u00e1gono, un suceso horrible que quedar\u00e1 grabado para siempre en la memoria de todos los estadounidenses que lo vivieron\u2026<\/p>","protected":false},"author":1,"featured_media":0,"comment_status":"open","ping_status":"closed","sticky":false,"template":"","format":"standard","meta":{"footnotes":""},"categories":[6],"tags":[],"class_list":["post-7418","post","type-post","status-publish","format-standard","hentry","category-kinoindustriya"],"_links":{"self":[{"href":"https:\/\/imgist.ru\/es\/wp-json\/wp\/v2\/posts\/7418","targetHints":{"allow":["GET"]}}],"collection":[{"href":"https:\/\/imgist.ru\/es\/wp-json\/wp\/v2\/posts"}],"about":[{"href":"https:\/\/imgist.ru\/es\/wp-json\/wp\/v2\/types\/post"}],"author":[{"embeddable":true,"href":"https:\/\/imgist.ru\/es\/wp-json\/wp\/v2\/users\/1"}],"replies":[{"embeddable":true,"href":"https:\/\/imgist.ru\/es\/wp-json\/wp\/v2\/comments?post=7418"}],"version-history":[{"count":1,"href":"https:\/\/imgist.ru\/es\/wp-json\/wp\/v2\/posts\/7418\/revisions"}],"predecessor-version":[{"id":151174,"href":"https:\/\/imgist.ru\/es\/wp-json\/wp\/v2\/posts\/7418\/revisions\/151174"}],"wp:attachment":[{"href":"https:\/\/imgist.ru\/es\/wp-json\/wp\/v2\/media?parent=7418"}],"wp:term":[{"taxonomy":"category","embeddable":true,"href":"https:\/\/imgist.ru\/es\/wp-json\/wp\/v2\/categories?post=7418"},{"taxonomy":"post_tag","embeddable":true,"href":"https:\/\/imgist.ru\/es\/wp-json\/wp\/v2\/tags?post=7418"}],"curies":[{"name":"wp","href":"https:\/\/api.w.org\/{rel}","templated":true}]}}