{"id":7464,"date":"2026-06-02T18:18:40","date_gmt":"2026-06-02T15:18:40","guid":{"rendered":"https:\/\/imgist.ru\/kajli-dzhenner-otpravilas-v-roskoshnyj-otpusk-na-ostrova-terks-i-kajkos-na-chastnom-samolete-so-svoimi-detmi-8-letnej-stormi-i-4-letnej-ejr\/"},"modified":"2026-08-29T11:57:32","modified_gmt":"2026-08-29T08:57:32","slug":"kylie-jenner-se-fue-de-vacaciones-de-lujo-a-las-islas-turcas-y-caicos-en-un-jet-privado-con-sus-hijos-storm-de-8-anos-y-eyre-de-4-anos","status":"publish","type":"post","link":"https:\/\/imgist.ru\/es\/kajli-dzhenner-otpravilas-v-roskoshnyj-otpusk-na-ostrova-terks-i-kajkos-na-chastnom-samolete-so-svoimi-detmi-8-letnej-stormi-i-4-letnej-ejr\/","title":{"rendered":"Kylie Jenner viaj\u00f3 en jet privado a las Islas Turcas y Caicos para disfrutar de unas lujosas vacaciones con sus hijos, Stormi, de 8 a\u00f1os, y Air, de 4."},"content":{"rendered":"<h3>LO QUE NECESITA SABER<\/h3>\n<ul>\n<li>\n<p> Kylie Jenner, de 28 a\u00f1os, comparti\u00f3 fotos de sus lujosas vacaciones en las Islas Turcas y Caicos con sus hijos, Stormi, de 8 a\u00f1os, y Air, de 4 a\u00f1os.<\/p>\n<\/li>\n<li>\n<p> El viaje, que fue una r\u00e9plica de las vacaciones promocionales de 2019, incluy\u00f3 la presencia de la marca Kylie Cosmetics en todo el complejo tur\u00edstico.<\/p>\n<\/li>\n<li>\n<p> Stormi se reencontr\u00f3 con su amiga Isla en un jet privado, y Jenner captur\u00f3 el emotivo momento en v\u00eddeo.<\/p>\n<\/li>\n<\/ul>\n<p> \u00a1A Kylie Jenner sin duda le encanta viajar con estilo junto a sus dos adorables hijos!<\/p>\n<p> La empresaria de 28 a\u00f1os comparti\u00f3 fotos en Instagram el martes 5 de mayo de sus lujosas vacaciones de verano en las Islas Turcas y Caicos, que pas\u00f3 con sus dos hijos, Stormi Webster, de 8 a\u00f1os, y Air Webster, de 4 a\u00f1os.<\/p>\n<p> Public\u00f3 una serie de fotos en las que se la ve subiendo a un jet privado con sus amigas, entre ellas Anastasia &quot;Stassie&quot; Karanikolaou, y su familia, todas luciendo ch\u00e1ndales de terciopelo rosa pastel a juego de Kylie Cosmetics. <\/p>\n<p> Kylie Jenner pos\u00f3 con un bikini triangular rosa. Foto: Kylie Jenner\/Instagram<\/p>\n<p> <strong>No te pierdas ninguna noticia: suscr\u00edbete a<\/strong> <strong>Bolet\u00edn informativo diario gratuito PEOPLE<\/strong> <strong>, Para estar al d\u00eda de lo mejor que ofrece PEOPLE, desde noticias de famosos hasta conmovedoras historias humanas.<\/strong><\/p>\n<p> En la foto, su hijo Air vest\u00eda un ch\u00e1ndal gris con capucha y sonre\u00eda dulcemente mientras posaba para una selfie con su madre, sentado en su regazo en el avi\u00f3n.<\/p>\n<p> Jenner sorprendi\u00f3 a su hija Stormi invitando a Isla, la hija de Iris Palmer, al viaje y grab\u00f3 su conmovedora reacci\u00f3n al verla por primera vez en el avi\u00f3n. <\/p>\n<p> Kylie con Stormi (en el centro de la foto) e Isla. Foto: Kylie Jenner\/Instagram<\/p>\n<p> Stormy camina por el pasillo y ve a Isla, de 9 a\u00f1os, sentada en uno de los asientos, gritando de alegr\u00eda mientras corre a abrazarla.<\/p>\n<p> Tras el emotivo encuentro, su hija mayor fue grabada en v\u00eddeo, radiante de felicidad, y la orgullosa madre lo inmortaliz\u00f3 con su c\u00e1mara. Palmer es una de las amigas m\u00e1s cercanas de Jenner.<\/p>\n<p> Jenner comparte la crianza de sus hijos, Stormi y Air, con su exmarido, el cantante y rapero Travis Scott, de 35 a\u00f1os. Su relaci\u00f3n ha sido inestable desde que fueron vistos juntos por primera vez en Coachella en abril de 2017. <\/p>\n<p> En esta foto, Stormi abraza a Isla despu\u00e9s de la sorpresa. Foto: Kylie Jenner\/Instagram<\/p>\n<p> Tras viajar en avi\u00f3n a un lugar ex\u00f3tico, Jenner se relaj\u00f3 luciendo un diminuto bikini rosa del mismo color que la tipograf\u00eda de su marca.<\/p>\n<p> Los cosm\u00e9ticos Kylie estaban por todas partes, desde los espejos del resort hasta las c\u00e1scaras de coco que se usaban para beber, incluso en las sombrillas y las tumbonas. En su publicaci\u00f3n de Instagram escribi\u00f3: &quot;\u00a1El viaje de verano de Kylie! @kyliecosmetics&quot;.<\/p>\n<p> Los 382 millones de seguidores de Jenner se apresuraron a comentar las fotos, y uno escribi\u00f3: &quot;Stormi tiene la sonrisa m\u00e1s linda del mundo \ud83d\ude0d&quot;. Otro agreg\u00f3: &quot;\u00a1Me encanta que lleves a tus beb\u00e9s contigo en estos viajes! \u00a1La mejor mam\u00e1 del mundo!&quot;.<\/p>\n<p> Un tercer comentarista escribi\u00f3: &quot;La vida que vivo \ud83d\ude0d&quot;, mientras que un cuarto agreg\u00f3: &quot;Ese es el estilo de Kylie \ud83d\udc95&quot;.<\/p>\n<p> Sin embargo, esta no es la primera vez que Stormi viaja en un jet privado. En 2019, Jenner mostr\u00f3 a su hija de 22 meses viajando por el mundo en un jet privado. <\/p>\n<p> Kylie y su hijo, Air. Foto: Kylie Jenner\/Instagram<\/p>\n<p> \u00ab&quot;La compa\u00f1era de viaje m\u00e1s adorable \ud83d\udc7c\ud83c\udffd\ud83d\udee9&quot;, escribi\u00f3 la madre de dos hijos junto a una foto de su hija con una linda chaqueta de plumas durante el vuelo.<\/p>\n<p> En un v\u00eddeo publicado tambi\u00e9n el martes, Jenner mostr\u00f3 a sus seguidores c\u00f3mo son sus vacaciones con la ayuda de Stormi.<\/p>\n<p> Explic\u00f3 que hab\u00eda organizado el viaje en 2019, pero que quer\u00eda recrearlo mostrando a sus seguidores el complejo tur\u00edstico en el que se alojaron. <\/p>\n<p> Los amigos y familiares de Kylie con ch\u00e1ndales a juego. Foto: Kylie Jenner\/Instagram<\/p>\n<p> Stormi, una modelo nata, se rob\u00f3 el protagonismo con encanto y le arrebat\u00f3 el micr\u00f3fono a su madre, diciendo: &quot;Bueno, vamos a ir a ver todas las habitaciones y os lo ense\u00f1aremos todo&quot;.<\/p>\n<p> Stormi e Isla ayudaron a Jenner a mostrar a sus seguidores el lujoso complejo tur\u00edstico, donde Jenner revel\u00f3 que hab\u00eda bordado el logotipo de su marca en casi todo, desde s\u00e1banas hasta bikinis, un encendedor e incluso una c\u00e1mara desechable.<\/p>\n<p> Lee el art\u00edculo original en People.<\/p>","protected":false},"excerpt":{"rendered":"<p>LO QUE DEBES SABER: Kylie Jenner, de 28 a\u00f1os, comparti\u00f3 fotos de sus lujosas vacaciones en las Islas Turcas y Caicos con sus hijos, Stormi, de 8 a\u00f1os, y Air, de 4. El viaje, que\u2026<\/p>","protected":false},"author":1,"featured_media":7465,"comment_status":"open","ping_status":"closed","sticky":false,"template":"","format":"standard","meta":{"footnotes":""},"categories":[5],"tags":[],"class_list":["post-7464","post","type-post","status-publish","format-standard","has-post-thumbnail","hentry","category-selebriti","hvn-theme-has-thumbnail"],"_links":{"self":[{"href":"https:\/\/imgist.ru\/es\/wp-json\/wp\/v2\/posts\/7464","targetHints":{"allow":["GET"]}}],"collection":[{"href":"https:\/\/imgist.ru\/es\/wp-json\/wp\/v2\/posts"}],"about":[{"href":"https:\/\/imgist.ru\/es\/wp-json\/wp\/v2\/types\/post"}],"author":[{"embeddable":true,"href":"https:\/\/imgist.ru\/es\/wp-json\/wp\/v2\/users\/1"}],"replies":[{"embeddable":true,"href":"https:\/\/imgist.ru\/es\/wp-json\/wp\/v2\/comments?post=7464"}],"version-history":[{"count":5,"href":"https:\/\/imgist.ru\/es\/wp-json\/wp\/v2\/posts\/7464\/revisions"}],"predecessor-version":[{"id":151237,"href":"https:\/\/imgist.ru\/es\/wp-json\/wp\/v2\/posts\/7464\/revisions\/151237"}],"wp:featuredmedia":[{"embeddable":true,"href":"https:\/\/imgist.ru\/es\/wp-json\/wp\/v2\/media\/7465"}],"wp:attachment":[{"href":"https:\/\/imgist.ru\/es\/wp-json\/wp\/v2\/media?parent=7464"}],"wp:term":[{"taxonomy":"category","embeddable":true,"href":"https:\/\/imgist.ru\/es\/wp-json\/wp\/v2\/categories?post=7464"},{"taxonomy":"post_tag","embeddable":true,"href":"https:\/\/imgist.ru\/es\/wp-json\/wp\/v2\/tags?post=7464"}],"curies":[{"name":"wp","href":"https:\/\/api.w.org\/{rel}","templated":true}]}}