{"id":7472,"date":"2026-06-02T18:19:18","date_gmt":"2026-06-02T15:19:18","guid":{"rendered":"https:\/\/imgist.ru\/mishel-obama-vspominaet-svoj-stil-v-kachestve-pervoj-ledi-i-obyasnyaet-chto-ej-prihodilos-dejstvovat-ochen-czelenapravlenno\/"},"modified":"2026-06-02T18:19:18","modified_gmt":"2026-06-02T15:19:18","slug":"michelle-obama-recuerda-su-estilo-como-primera-dama-y-explica-que-tenia-que-actuar-con-mucha-determinacion","status":"publish","type":"post","link":"https:\/\/imgist.ru\/es\/mishel-obama-vspominaet-svoj-stil-v-kachestve-pervoj-ledi-i-obyasnyaet-chto-ej-prihodilos-dejstvovat-ochen-czelenapravlenno\/","title":{"rendered":"Michelle Obama reflexiona sobre su estilo como Primera Dama y explica que &quot;tuvo que ser muy intencional&quot;."},"content":{"rendered":"<p><strong>Michelle Obama<\/strong> Ella consider\u00f3 cuidadosamente sus elecciones de vestimenta durante la presidencia de su esposo, <strong>Barack Obama<\/strong> .<\/p>\n<p> En un nuevo v\u00eddeo publicado el martes 2 de junio en la p\u00e1gina de Instagram de la Fundaci\u00f3n Obama, la ex primera dama, de 62 a\u00f1os, record\u00f3 sus atuendos durante su estancia en la Casa Blanca entre 2009 y 2017 como parte de la promoci\u00f3n del Centro Presidencial Obama, cuya inauguraci\u00f3n est\u00e1 prevista para el viernes 19 de junio en Chicago.<\/p>\n<p> \u00abDesde el principio me di cuenta de que la ropa que usaba en la Casa Blanca nunca ser\u00eda percibida simplemente como ropa. Ten\u00eda que pensarlo todo con mucho cuidado\u00bb, coment\u00f3 Michelle fuera de c\u00e1mara. \u00abCon la ayuda de mi talentoso equipo, consider\u00e9 cuidadosamente cada opci\u00f3n \u2014dise\u00f1ador, color, silueta, estilo\u2014 antes de aparecer en p\u00fablico\u00bb. <\/p>\n<p><img Agency<\/span>\u00bb src=\u00bbhttps:\/\/s.yimg.com\/ny\/api\/res\/1.2\/.n.hR4_lKK3RNA._yPdg5w\u2014\/YXBwaWQ9aGlnaGxhbmRlcjt3PTk2MDtoPTE3OTQ 7Y2Y9d2VicA\u2014\/https:\/\/media.zenfs.com\/en\/first_for_women_articles_145\/207e5594badbd4a21792940d74241487\u2033&gt; Foto: Dennis Brack\/Newscom\/The Mega Agency<\/p>\n<p> Autor <em>libros &quot;La mirada&quot;\u00ab<\/em> Tambi\u00e9n dijo que, al elegir su ropa, pensaba en la alegr\u00eda, el color y la confianza, y que quer\u00eda usar prendas pr\u00e1cticas para su trabajo.<\/p>\n<p> Respecto a las prendas de su guardarropa que se exhibir\u00e1n en el museo, Michelle coment\u00f3 que cuentan &quot;una historia de estilo, pero tambi\u00e9n una historia de determinaci\u00f3n, autoconfianza y de c\u00f3mo, aqu\u00ed en este pa\u00eds, nadie puede dictar lo que significa sentirse bella. Nosotras mismas lo elegimos&quot;.<\/p>\n<p> Lee m\u00e1s art\u00edculos de First For Women.<\/p>\n<ul>\n<li>\n<p> Melissa Etheridge explic\u00f3 qu\u00e9 la inspir\u00f3 a finalmente salir del armario p\u00fablicamente: &quot;Todos lo celebramos&quot;.<\/p>\n<\/li>\n<li>\n<p> Kimberly Schlapman, de Little Big Town, ha hablado abiertamente sobre el diagn\u00f3stico de Parkinson de su madre: &quot;No hay nada de qu\u00e9 avergonzarse&quot;.<\/p>\n<\/li>\n<li>\n<p> Caroline Kennedy recuerda la &quot;maravillosa, maravillosa y demasiado corta vida&quot; de su difunta hija Tatiana Schlossberg.<\/p>\n<\/li>\n<\/ul>\n<p> El art\u00edculo &quot;Michelle Obama recuerda su estilo como Primera Dama y explica que &#039;ten\u00eda que ser muy decidida&#039;&quot; apareci\u00f3 originalmente en First For Women. Suscr\u00edbete a <strong>Primero para las mujeres<\/strong> en <strong>Yahoo<\/strong> , para no perderse las pr\u00f3ximas publicaciones.<\/p>","protected":false},"excerpt":{"rendered":"<p>Michelle Obama consider\u00f3 cuidadosamente sus elecciones de vestuario durante la presidencia de su esposo, Barack Obama. En un nuevo video publicado el martes 2 de junio en la p\u00e1gina\u2026<\/p>","protected":false},"author":1,"featured_media":7473,"comment_status":"open","ping_status":"closed","sticky":false,"template":"","format":"standard","meta":{"footnotes":""},"categories":[5],"tags":[],"class_list":["post-7472","post","type-post","status-publish","format-standard","has-post-thumbnail","hentry","category-selebriti","hvn-theme-has-thumbnail"],"_links":{"self":[{"href":"https:\/\/imgist.ru\/es\/wp-json\/wp\/v2\/posts\/7472","targetHints":{"allow":["GET"]}}],"collection":[{"href":"https:\/\/imgist.ru\/es\/wp-json\/wp\/v2\/posts"}],"about":[{"href":"https:\/\/imgist.ru\/es\/wp-json\/wp\/v2\/types\/post"}],"author":[{"embeddable":true,"href":"https:\/\/imgist.ru\/es\/wp-json\/wp\/v2\/users\/1"}],"replies":[{"embeddable":true,"href":"https:\/\/imgist.ru\/es\/wp-json\/wp\/v2\/comments?post=7472"}],"version-history":[{"count":0,"href":"https:\/\/imgist.ru\/es\/wp-json\/wp\/v2\/posts\/7472\/revisions"}],"wp:featuredmedia":[{"embeddable":true,"href":"https:\/\/imgist.ru\/es\/wp-json\/wp\/v2\/media\/7473"}],"wp:attachment":[{"href":"https:\/\/imgist.ru\/es\/wp-json\/wp\/v2\/media?parent=7472"}],"wp:term":[{"taxonomy":"category","embeddable":true,"href":"https:\/\/imgist.ru\/es\/wp-json\/wp\/v2\/categories?post=7472"},{"taxonomy":"post_tag","embeddable":true,"href":"https:\/\/imgist.ru\/es\/wp-json\/wp\/v2\/tags?post=7472"}],"curies":[{"name":"wp","href":"https:\/\/api.w.org\/{rel}","templated":true}]}}