{"id":7837,"date":"2026-06-02T21:05:52","date_gmt":"2026-06-02T18:05:52","guid":{"rendered":"https:\/\/imgist.ru\/eto-ne-to-na-chto-ya-rasschityval-uchastnik-milli-vanilli-otkazalsya-ot-uchastiya-v-konczerte-v-chest-250-letiya-alboma-freedom\/"},"modified":"2026-08-29T11:58:14","modified_gmt":"2026-08-29T08:58:14","slug":"esto-no-es-lo-que-esperaba-un-miembro-de-milli-vanilli-se-ha-negado-a-participar-en-el-concierto-para-conmemorar-el-250-aniversario-del-album-freedom","status":"publish","type":"post","link":"https:\/\/imgist.ru\/es\/eto-ne-to-na-chto-ya-rasschityval-uchastnik-milli-vanilli-otkazalsya-ot-uchastiya-v-konczerte-v-chest-250-letiya-alboma-freedom\/","title":{"rendered":"\u00ab&quot;Esto no es lo que esperaba&quot;: Un miembro de Milli Vanilli se retira del concierto del 250 aniversario de Freedom."},"content":{"rendered":"<h2> \u00bfTe gust\u00f3 este art\u00edculo? Apoya el periodismo independiente. Apoya a HuffPost.<\/h2>\n<p> Fab Morvan, uno de los fundadores de Milli Vanilli, se ha unido a un n\u00famero creciente de m\u00fasicos que no cantar\u00e1n en la fiesta del 250 aniversario de Estados Unidos.<\/p>\n<p> Morvan declar\u00f3 a CNN que, cuando se inscribi\u00f3 para actuar en la Gran Feria Estatal Americana, ten\u00eda la impresi\u00f3n de que el evento era apol\u00edtico. Despu\u00e9s de que otros artistas declinaran actuar, alegando que no era del todo apol\u00edtico, empez\u00f3 a dudar.<\/p>\n<p> \u00ab&quot;No contaba con ello&quot;, declar\u00f3 Morvan a CNN. &quot;Cuando vi que sacaban a Young MC, pens\u00e9: &#039;Qu\u00e9 raro... \u00bfQu\u00e9 sabe \u00e9l que yo no sepa?&#039;. As\u00ed que me preocup\u00e9 un poco, y luego, poco a poco, la gente empez\u00f3 a marcharse&quot;.<\/p>\n<p> \u00ab&quot;Pero en una semana, todo se convirti\u00f3 en un circo&quot;, a\u00f1adi\u00f3. &quot;No me interesa la pol\u00edtica, as\u00ed que lo oir\u00e1n aqu\u00ed primero: no asistir\u00e9 a las celebraciones del 26 de junio&quot;.<\/p>\n<p> Morvan se uni\u00f3 a Martina McBride, Brett Michaels, The Commodores, Young MC y Morris Day &amp; The Time, quienes tambi\u00e9n se retiraron del festival. Seg\u00fan el New York Times, C+C Music Factory a\u00fan est\u00e1 considerando su participaci\u00f3n. Solo dos artistas del cartel original permanecen: Flo Rida y Vanilla Ice.<\/p>\n<p> <strong>Tambi\u00e9n en las noticias: El sheriff de Los \u00c1ngeles comparte informaci\u00f3n importante sobre las preocupaciones relacionadas con la Copa Mundial de la FIFA.<\/strong><\/p>\n<p> \u00ab&quot;Ni siquiera voto, as\u00ed que me da igual&quot;, declar\u00f3 Vanilla Ice, quien tambi\u00e9n actu\u00f3 en Mar-a-Lago, a TMZ. &quot;Ir\u00e9 a tocar para Putin, y tocar\u00e9 en Ir\u00e1n si quieren. Me da igual&quot;.<\/p>\n<p> Durante el fin de semana, el presidente Donald Trump intent\u00f3 frenar la ca\u00edda de sus \u00edndices de aprobaci\u00f3n compar\u00e1ndose con Elvis y ofreci\u00e9ndose a &quot;dar un gran discurso&quot;.<\/p>\n<h3> Noticias pol\u00edticas<\/h3>\n<ul>\n<li>\n<p> Trump planea apelar el fallo que permite a todos los importadores que pagaron los aranceles cancelados solicitar reembolsos.<\/p>\n<\/li>\n<li>\n<p> La Casa Blanca ha publicado un memor\u00e1ndum sobre el examen m\u00e9dico de Donald Trump.<\/p>\n<\/li>\n<li>\n<p> Un candidato respaldado por Trump est\u00e1 tomando la delantera en las elecciones presidenciales de Colombia, mientras que el partido gobernante siembra dudas sobre el resultado.<\/p>\n<\/li>\n<li>\n<p> Trump est\u00e1 indignado con el juez que bloque\u00f3 la renovaci\u00f3n del Kennedy Center y furioso por el fracaso de sus batallas legales.<\/p>\n<\/li>\n<li>\n<p> C\u00f3mo la Corte Suprema est\u00e1 cambiando el rumbo de las elecciones de mitad de mandato en Estados Unidos.<\/p>\n<\/li>\n<\/ul>\n<h3> Este art\u00edculo se public\u00f3 originalmente en HuffPost. Apoya el periodismo valiente e intransigente que exige responsabilidades al poder y busca incansablemente la verdad. Hazte miembro de HuffPost hoy mismo.<\/h3>","protected":false},"excerpt":{"rendered":"<p>\u00bfTe gust\u00f3 este art\u00edculo? Apoya el periodismo independiente. Apoya a HuffPost. Fab Morvan, uno de los fundadores de Milli Vanilli, se ha unido al creciente n\u00famero de m\u00fasicos que no cantar\u00e1n en la fiesta\u2026<\/p>","protected":false},"author":1,"featured_media":7838,"comment_status":"open","ping_status":"closed","sticky":false,"template":"","format":"standard","meta":{"footnotes":""},"categories":[7],"tags":[],"class_list":["post-7837","post","type-post","status-publish","format-standard","has-post-thumbnail","hentry","category-muzyka","hvn-theme-has-thumbnail"],"_links":{"self":[{"href":"https:\/\/imgist.ru\/es\/wp-json\/wp\/v2\/posts\/7837","targetHints":{"allow":["GET"]}}],"collection":[{"href":"https:\/\/imgist.ru\/es\/wp-json\/wp\/v2\/posts"}],"about":[{"href":"https:\/\/imgist.ru\/es\/wp-json\/wp\/v2\/types\/post"}],"author":[{"embeddable":true,"href":"https:\/\/imgist.ru\/es\/wp-json\/wp\/v2\/users\/1"}],"replies":[{"embeddable":true,"href":"https:\/\/imgist.ru\/es\/wp-json\/wp\/v2\/comments?post=7837"}],"version-history":[{"count":1,"href":"https:\/\/imgist.ru\/es\/wp-json\/wp\/v2\/posts\/7837\/revisions"}],"predecessor-version":[{"id":151643,"href":"https:\/\/imgist.ru\/es\/wp-json\/wp\/v2\/posts\/7837\/revisions\/151643"}],"wp:featuredmedia":[{"embeddable":true,"href":"https:\/\/imgist.ru\/es\/wp-json\/wp\/v2\/media\/7838"}],"wp:attachment":[{"href":"https:\/\/imgist.ru\/es\/wp-json\/wp\/v2\/media?parent=7837"}],"wp:term":[{"taxonomy":"category","embeddable":true,"href":"https:\/\/imgist.ru\/es\/wp-json\/wp\/v2\/categories?post=7837"},{"taxonomy":"post_tag","embeddable":true,"href":"https:\/\/imgist.ru\/es\/wp-json\/wp\/v2\/tags?post=7837"}],"curies":[{"name":"wp","href":"https:\/\/api.w.org\/{rel}","templated":true}]}}