{"id":8268,"date":"2026-06-03T00:10:20","date_gmt":"2026-06-02T21:10:20","guid":{"rendered":"https:\/\/imgist.ru\/anna-faris-dumala-chto-gollivud-otpravlyaet-eyo-na-pensiyu-no-perezapusk-ochen-strashnogo-kino-vsyo-izmenil\/"},"modified":"2026-08-29T11:59:11","modified_gmt":"2026-08-29T08:59:11","slug":"anna-faris-pensaba-que-hollywood-la-estaba-mandando-a-retirarse-pero-el-reinicio-de-una-pelicula-muy-aterradora-lo-cambio-todo","status":"publish","type":"post","link":"https:\/\/imgist.ru\/es\/anna-faris-dumala-chto-gollivud-otpravlyaet-eyo-na-pensiyu-no-perezapusk-ochen-strashnogo-kino-vsyo-izmenil\/","title":{"rendered":"Anna Faris pensaba que Hollywood la estaba &quot;retirando&quot;, pero el reinicio de Scary Movie lo cambi\u00f3 todo."},"content":{"rendered":"<h3>LO QUE NECESITA SABER<\/h3>\n<ul>\n<li>\n<p> Anna Faris dijo que pensaba que su carrera hab\u00eda terminado antes de recibir la llamada para protagonizar una nueva pel\u00edcula. <em>en la pel\u00edcula &quot;Scary Movie&quot;.<\/em><\/p>\n<\/li>\n<li>\n<p> \u00ab&quot;Casi he aceptado la idea de que Hollywood pr\u00e1cticamente me ha retirado&quot;, dijo Faris.<\/p>\n<\/li>\n<li>\n<p> Faris declar\u00f3 anteriormente a PEOPLE que estaba &quot;conmocionada&quot; por la llamada y calific\u00f3 el \u00faltimo comunicado como <em>pel\u00edcula &quot;Scary Movie&quot;<\/em> \u00bb&quot; &quot;victoria&quot;.<\/p>\n<\/li>\n<\/ul>\n<p> Anna Faris se estaba adaptando a su nueva vida tras su paso por Hollywood cuando una vieja amiga la llam\u00f3.<\/p>\n<p> Esa amiga era Cindy Campbell, la torpe hero\u00edna de la franquicia. <em>\u00abPel\u00edcula de terror\u00bb<\/em> , quien trabaja junto a Brenda Meeks (Regina Hall). Faris, de 49 a\u00f1os, dice que casi se hab\u00eda resignado a la idea de dejar la actuaci\u00f3n antes de que le pidieran que trajera de vuelta a Cindy de su retiro.<\/p>\n<p> \u00ab&quot;Empec\u00e9 a pensar que Hollywood pr\u00e1cticamente me hab\u00eda retirado. Y eso me parec\u00eda bien&quot;, declar\u00f3 a la publicaci\u00f3n. <em>Entretenimiento Semanal<\/em> junto con Hall, las estrellas y los coguionistas <em>\u00abPel\u00edcula de terror\u00bb<\/em> Marlon Wayans y Shawn Wayans, y el director Michael Tiddes.<\/p>\n<p> Faris fue elegida para participar en la \u00faltima entrega de la franquicia de terror par\u00f3dico \u2014la primera en 13 a\u00f1os y la primera en 20 a\u00f1os protagonizada por ella misma, Hall y los hermanos Wayans\u2014 a principios de 2025, seg\u00fan declar\u00f3. <em>EW<\/em> . La llamada lleg\u00f3 en un momento emotivo, justo despu\u00e9s de que su casa se incendiara en el incendio de Palisades. <\/p>\n<p> Anna Faris como Cindy en &quot;Scary Movie 6&quot;. Foto: Quantrell Colbert.<\/p>\n<p> Una vez en el plat\u00f3, no paraba de expresar su gratitud, declar\u00f3 Faris en una entrevista.<\/p>\n<p> \u00abDespu\u00e9s de que la casa se incendiara, reflexionamos mucho. As\u00ed que la oportunidad de darles las gracias... puedo agradec\u00e9rselo todos los d\u00edas\u00bb, declar\u00f3 a la publicaci\u00f3n. \u00abProbablemente estaban muy enfadados conmigo\u00bb.<\/p>\n<p> Hablando sobre el futuro de la franquicia <em>\u00abPel\u00edcula de terror\u00bb<\/em> Despu\u00e9s de la sexta pel\u00edcula, la actriz dijo: <em>publicaci\u00f3n EW<\/em> &quot;No creo que vaya a morir. No lo s\u00e9, al menos no por m\u00ed.&quot;.<\/p>\n<p> \u00ab&quot;Dije esto cuando Marlon llam\u00f3, y puede sonar arrogante de mi parte, pero la ciudad siempre ha subestimado y nunca ha entendido realmente &quot;Muy <em>pel\u00edcula de terror<\/em> \u00bb&quot;Los hermanos Wayans tienen algo especial&quot;, dijo Faris. &quot;Tienen una cualidad muy humana y crean una atm\u00f3sfera que hace que la gente empatice con ellos&quot;. <\/p>\n<p> Anna Faris en mayo de 2026. Foto: Eloisa Sanchez\/Getty.<\/p>\n<p> \u00ab&quot;Estoy muy contenta de formar parte de este proyecto&quot;, dijo. <em>publicaci\u00f3n EW<\/em> . &quot;Es un gran honor para m\u00ed recorrer este camino junto a ustedes.&quot;.<\/p>\n<p> <strong>No te pierdas ninguna noticia: suscr\u00edbete a<\/strong> <strong>Bolet\u00edn informativo diario gratuito PEOPLE<\/strong> <strong>, Para estar al d\u00eda de lo mejor que ofrece PEOPLE, desde noticias de famosos hasta conmovedoras historias humanas.<\/strong><\/p>\n<p> <em>\u00abPel\u00edcula de terror\u00bb<\/em> fue la primera pel\u00edcula importante de Faris. Cuando recibi\u00f3 la oferta para unirse al elenco de la nueva entrega de la querida franquicia, dirigida por Tiddes, Faris le dijo previamente a PEOPLE que estaba &quot;impactada e inmediatamente emocionada&quot;.<\/p>\n<p> Dio a entender que la sexta pel\u00edcula es &quot;una celebraci\u00f3n de los hermanos Wayans&quot;. Tambi\u00e9n describi\u00f3 el proceso de rodaje como &quot;sanador&quot; y el proyecto en s\u00ed como &quot;una victoria&quot;. <\/p>\n<p> Anna Faris y Jane Trka en &quot;Scary Movie&quot;. Foto: Chris Large\/Dimension Films<\/p>\n<p> \u00abPara m\u00ed, que nos reuni\u00e9ramos todos fue una verdadera victoria\u00bb, dijo refiri\u00e9ndose a la sexta entrega. \u00abNo importaba lo que pasara, ni c\u00f3mo fuera recibida la pel\u00edcula. En ese momento, personalmente me sent\u00ed de maravilla. Es como la guinda del pastel: que el p\u00fablico est\u00e9 tan emocionado por verla. Es un momento realmente especial en mi vida. Me siento muy agradecida\u00bb.<\/p>\n<p> Tambi\u00e9n declar\u00f3 a PEOPLE: &quot;Es una especie de sanaci\u00f3n en el sentido de que volvemos a estar juntos. Es algo personal para m\u00ed porque pude darles las gracias. Nunca antes les hab\u00eda dado las gracias como es debido&quot;.<\/p>\n<p> <em>La pel\u00edcula &quot;Scary Movie&quot;\u00ab<\/em> Se estrena en cines el viernes.<\/p>\n<p> Lee el art\u00edculo original en People.<\/p>","protected":false},"excerpt":{"rendered":"<p>LO QUE DEBES SABER Anna Faris revel\u00f3 que pensaba que su carrera hab\u00eda terminado antes de recibir la llamada para protagonizar la nueva pel\u00edcula, &quot;Very...<\/p>","protected":false},"author":1,"featured_media":8269,"comment_status":"open","ping_status":"closed","sticky":false,"template":"","format":"standard","meta":{"footnotes":""},"categories":[6],"tags":[],"class_list":["post-8268","post","type-post","status-publish","format-standard","has-post-thumbnail","hentry","category-kinoindustriya","hvn-theme-has-thumbnail"],"_links":{"self":[{"href":"https:\/\/imgist.ru\/es\/wp-json\/wp\/v2\/posts\/8268","targetHints":{"allow":["GET"]}}],"collection":[{"href":"https:\/\/imgist.ru\/es\/wp-json\/wp\/v2\/posts"}],"about":[{"href":"https:\/\/imgist.ru\/es\/wp-json\/wp\/v2\/types\/post"}],"author":[{"embeddable":true,"href":"https:\/\/imgist.ru\/es\/wp-json\/wp\/v2\/users\/1"}],"replies":[{"embeddable":true,"href":"https:\/\/imgist.ru\/es\/wp-json\/wp\/v2\/comments?post=8268"}],"version-history":[{"count":3,"href":"https:\/\/imgist.ru\/es\/wp-json\/wp\/v2\/posts\/8268\/revisions"}],"predecessor-version":[{"id":152076,"href":"https:\/\/imgist.ru\/es\/wp-json\/wp\/v2\/posts\/8268\/revisions\/152076"}],"wp:featuredmedia":[{"embeddable":true,"href":"https:\/\/imgist.ru\/es\/wp-json\/wp\/v2\/media\/8269"}],"wp:attachment":[{"href":"https:\/\/imgist.ru\/es\/wp-json\/wp\/v2\/media?parent=8268"}],"wp:term":[{"taxonomy":"category","embeddable":true,"href":"https:\/\/imgist.ru\/es\/wp-json\/wp\/v2\/categories?post=8268"},{"taxonomy":"post_tag","embeddable":true,"href":"https:\/\/imgist.ru\/es\/wp-json\/wp\/v2\/tags?post=8268"}],"curies":[{"name":"wp","href":"https:\/\/api.w.org\/{rel}","templated":true}]}}