{"id":8387,"date":"2026-06-03T01:09:56","date_gmt":"2026-06-02T22:09:56","guid":{"rendered":"https:\/\/imgist.ru\/nikolas-galiczin-chut-ne-izmenil-prichesku-hi-mena-boba-v-vlastelinah-vselennoj-pochemu-ot-etogo-otkazalis\/"},"modified":"2026-08-29T11:59:32","modified_gmt":"2026-08-29T08:59:32","slug":"nikolas-galiczin-casi-se-cambia-el-peinado-hola-soy-bob-en-senores-del-universo-por-que-lo-abandonaron","status":"publish","type":"post","link":"https:\/\/imgist.ru\/es\/nikolas-galiczin-chut-ne-izmenil-prichesku-hi-mena-boba-v-vlastelinah-vselennoj-pochemu-ot-etogo-otkazalis\/","title":{"rendered":"Nicholas Galitzine estuvo a punto de cambiar el peinado bob de He-Man en Masters of the Universe. \u00bfPor qu\u00e9 decidi\u00f3 no hacerlo?"},"content":{"rendered":"<p>Cuando usted realiza una compra a trav\u00e9s de los enlaces de nuestros art\u00edculos, Future y sus socios de distribuci\u00f3n pueden ganar una comisi\u00f3n. <\/p>\n<p> Fuente: MGM<\/p>\n<p> Tras el rotundo \u00e9xito <em>\u00ab&quot;Barbie&quot;\u00bb<\/em> Mattel trae otra franquicia ic\u00f3nica a la gran pantalla.\u00ab <em>Amos del Universo\u00bb<\/em> Travis Knight. En la pel\u00edcula, Nicholas Galitzine interpreta a Adam Glenn\/He-Man, y el actor aument\u00f3 su masa muscular para lograr su aspecto de superh\u00e9roe. Resulta que casi adopt\u00f3 su caracter\u00edstico corte bob, y Galitzine le cont\u00f3 a CinemaBlend por qu\u00e9 decidieron cambiar su peinado para la gran pantalla.<\/p>\n<p> Informaci\u00f3n sobre <em>en la pel\u00edcula &quot;Masters of the Universe&quot;\u00ab<\/em> es bastante limitado, pero los actores hablaron con Jeff McCobb de CinemaBlend antes del estreno de la pel\u00edcula. Como puedes ver en el video de arriba, a Nicholas Galitzin le preguntaron sobre el corte de pelo caricaturesco de He-Man, y el actor, conocido por su trabajo en la pel\u00edcula, <em>\u00abLa idea de ti\u00bb<\/em> , \u00c9l respondi\u00f3:<\/p>\n<blockquote>\n<p> Mira, hablamos mucho sobre el peinado. El corte bob de He-Man es ic\u00f3nico, sin duda, pero en el contexto de la historia que quer\u00edamos contar, no encajaba del todo. As\u00ed que imagin\u00e9 algo m\u00e1s majestuoso, m\u00e1s heroico. En cierto modo, pero tambi\u00e9n algo que pudiera desarrollarse m\u00e1s.<\/p>\n<\/blockquote>\n<p> Hubo algunos comentarios. Aunque las rese\u00f1as <em>en &quot;Masters of the Universe&quot;\u00ab<\/em> Si bien se elogi\u00f3 el humor de la pel\u00edcula, el peinado estilo bob de Galitzin como He-Man, propio de los dibujos animados, desentonaba un poco. Aunque conserva su larga melena rubia, esta versi\u00f3n es ligeramente menos extravagante que la de la pel\u00edcula original.<\/p>\n<p> Es obvio que la aparici\u00f3n de He-Man en <em>\u00abAmos del Universo\u00bb<\/em> Se prest\u00f3 especial atenci\u00f3n, incluso sin tener en cuenta los atributos f\u00edsicos del actor. M\u00e1s tarde, le cont\u00f3 a CinemaBlend sobre la diferencia entre el peinado de He-Man y el de Adam cuando no est\u00e1 transformado. Galitzine dijo:<\/p>\n<blockquote>\n<p> Porque, obviamente, cuando conocemos a Adam en la Tierra, su cabello est\u00e1 un poco m\u00e1s grasiento, un poco m\u00e1s lacio. Tiene menos vida. As\u00ed que decidimos crear una especie de evoluci\u00f3n para, dir\u00eda yo, simular la creciente fuerza y confianza en s\u00ed mismo de Adam.<\/p>\n<\/blockquote>\n<p> Como alguien que tuvo la suerte de ver <em>\u00abAmos del Universo\u00bb<\/em> Antes que nada, debo decir que el trabajo en el cabello de He-Man realmente vali\u00f3 la pena. Adam no solo se volvi\u00f3 m\u00e1s musculoso durante la transformaci\u00f3n, sino que su cabello tambi\u00e9n cambi\u00f3. Y no pude evitar admirar el cabello de He-Man mientras ve\u00eda la pel\u00edcula en la pantalla grande.<\/p>\n<p> Fue muy interesante ver c\u00f3mo se adaptaron varios personajes de pel\u00edculas de acci\u00f3n real para la nueva pel\u00edcula. <em>\u00abAmos del Universo\u00bb<\/em> . Aunque Teela luce un nuevo traje menos revelador, He-Man se mantiene m\u00e1s fiel al material original. Solo nos queda esperar la secuela y ver si el personaje principal de Nicholas Galitzine tendr\u00e1 un nuevo aspecto.<\/p>\n<p> <em>La pel\u00edcula &quot;Masters of the Universe&quot;\u00ab<\/em> Se estrenar\u00e1 en cines el 5 de junio y estar\u00e1 incluida en el calendario de estrenos de 2026, que tambi\u00e9n incluye a He-Man y su peinado un poco menos rid\u00edculo.<\/p>","protected":false},"excerpt":{"rendered":"<p>Cuando compras algo a trav\u00e9s de los enlaces de nuestros art\u00edculos, Future y sus socios de distribuci\u00f3n pueden ganar una comisi\u00f3n. Fuente: MGM Tras el rotundo \u00e9xito de Barbie\u2026<\/p>","protected":false},"author":1,"featured_media":8388,"comment_status":"open","ping_status":"closed","sticky":false,"template":"","format":"standard","meta":{"footnotes":""},"categories":[6],"tags":[],"class_list":["post-8387","post","type-post","status-publish","format-standard","has-post-thumbnail","hentry","category-kinoindustriya","hvn-theme-has-thumbnail"],"_links":{"self":[{"href":"https:\/\/imgist.ru\/es\/wp-json\/wp\/v2\/posts\/8387","targetHints":{"allow":["GET"]}}],"collection":[{"href":"https:\/\/imgist.ru\/es\/wp-json\/wp\/v2\/posts"}],"about":[{"href":"https:\/\/imgist.ru\/es\/wp-json\/wp\/v2\/types\/post"}],"author":[{"embeddable":true,"href":"https:\/\/imgist.ru\/es\/wp-json\/wp\/v2\/users\/1"}],"replies":[{"embeddable":true,"href":"https:\/\/imgist.ru\/es\/wp-json\/wp\/v2\/comments?post=8387"}],"version-history":[{"count":1,"href":"https:\/\/imgist.ru\/es\/wp-json\/wp\/v2\/posts\/8387\/revisions"}],"predecessor-version":[{"id":152169,"href":"https:\/\/imgist.ru\/es\/wp-json\/wp\/v2\/posts\/8387\/revisions\/152169"}],"wp:featuredmedia":[{"embeddable":true,"href":"https:\/\/imgist.ru\/es\/wp-json\/wp\/v2\/media\/8388"}],"wp:attachment":[{"href":"https:\/\/imgist.ru\/es\/wp-json\/wp\/v2\/media?parent=8387"}],"wp:term":[{"taxonomy":"category","embeddable":true,"href":"https:\/\/imgist.ru\/es\/wp-json\/wp\/v2\/categories?post=8387"},{"taxonomy":"post_tag","embeddable":true,"href":"https:\/\/imgist.ru\/es\/wp-json\/wp\/v2\/tags?post=8387"}],"curies":[{"name":"wp","href":"https:\/\/api.w.org\/{rel}","templated":true}]}}