{"id":9091,"date":"2026-06-03T12:10:26","date_gmt":"2026-06-03T09:10:26","guid":{"rendered":"https:\/\/imgist.ru\/anna-faris-blagodarna-za-vozvrashhenie-v-kino-posle-spada-v-karere\/"},"modified":"2026-08-29T12:00:59","modified_gmt":"2026-08-29T09:00:59","slug":"anna-faris-agradece-su-regreso-al-cine-tras-un-periodo-de-declive-en-su-carrera","status":"publish","type":"post","link":"https:\/\/imgist.ru\/es\/anna-faris-blagodarna-za-vozvrashhenie-v-kino-posle-spada-v-karere\/","title":{"rendered":"Anna Faris agradece su regreso al cine tras un periodo de declive en su carrera."},"content":{"rendered":"<p><strong>Anna Faris<\/strong> Habl\u00f3 con franqueza sobre su regreso a la franquicia de Scary Movie, calific\u00e1ndolo como un momento significativo en su carrera. La actriz salt\u00f3 a la fama tras su papel de Cindy Campbell en la pel\u00edcula Scary Movie del a\u00f1o 2000, que le abri\u00f3 las puertas de Hollywood.<\/p>\n<p> La actriz se tom\u00f3 un descanso del trabajo en 2020 para centrarse en su familia, pero ahora est\u00e1 agradecida por la oportunidad de reunirse con los hermanos Wayans y retomar el papel que tanto marc\u00f3 su carrera.<\/p>\n<p> Anna Faris expres\u00f3 su gratitud a los hermanos Wayans. O&#039;Connor\/AFF-USA.com \/ MEGA<\/p>\n<p> Marlon, Shawn y Keenan Wayans han recuperado el control de la franquicia de Scary Movie dos d\u00e9cadas despu\u00e9s de que, seg\u00fan se inform\u00f3, fueran apartados de su propio proyecto. En la pr\u00f3xima sexta entrega, el reparto original se reunir\u00e1 para parodiar pel\u00edculas de terror y la cultura pop.<\/p>\n<p> En una entrevista <em>Entretenimiento Semanal<\/em> Anna Faris, quien retoma su papel de Cindy Campbell, la \u00faltima superviviente, describi\u00f3 la importancia de esta oportunidad para ella, tanto a nivel profesional como personal. &quot;Empezaba a pensar que Hollywood me estaba retirando, y no me importaba&quot;, dijo Faris, refiri\u00e9ndose a su carrera antes de que le ofrecieran el papel en Scary Movie 6.<\/p>\n<h2> La actriz perdi\u00f3 el contacto con los hermanos Wayans.<\/h2>\n<p> Faris perdi\u00f3 su casa en el devastador incendio de Palisades en 2025. Sin embargo, apenas un mes despu\u00e9s, Marlon la llam\u00f3 para hablarle de la pel\u00edcula. \u00abCuando se quem\u00f3 la casa, tuve que replantearme muchas cosas. As\u00ed que, poder darles las gracias... se las agradezco todos los d\u00edas. Deben de estar muy enfadados conmigo\u00bb, comparti\u00f3 Faris.<\/p>\n<p> Faris admiti\u00f3 que esta fue la primera conversaci\u00f3n que tuvo con los hermanos Wayans desde que trabajaron juntos en &quot;Scary Movie 2&quot;, la \u00faltima pel\u00edcula de la franquicia en la que colaboraron. Como inform\u00f3 previamente la publicaci\u00f3n <em>La explosi\u00f3n<\/em> , Marlon afirma que los hermanos Weinstein los &quot;despojaron de sus derechos&quot; y que no tuvieron ninguna participaci\u00f3n en la tercera, cuarta o quinta pel\u00edcula.<\/p>\n<p> Faris regres\u00f3 para Scary Movie 3 y Scary Movie 4, y a pesar de querer reconectar con los hermanos Wayans, ten\u00eda sus dudas. &quot;Siempre quise hacerlo. Pero, sinceramente, no sab\u00eda si estaban enojados conmigo&quot;, admiti\u00f3 Faris.<\/p>\n<p> En una entrevista, Marlon dijo que no se tom\u00f3 la participaci\u00f3n de Faris en otras pel\u00edculas como un insulto personal, y agreg\u00f3 que simplemente estaba contento de que ella participara en la sexta entrega.<\/p>\n<h2> La pel\u00edcula &quot;Scary Movie&quot; impuls\u00f3 la carrera de Anna Faris. <\/h2>\n<p> Lumeimages \/ MEGA<\/p>\n<p> Faris era una aspirante a escritora que se gradu\u00f3 en literatura en 1999. Mientras estudiaba, trabajaba a tiempo parcial como actriz. Sin embargo, tras graduarse, decidi\u00f3 probar suerte en la actuaci\u00f3n profesional, y su primera audici\u00f3n en Hollywood fue para Scary Movie.<\/p>\n<p> La primera pel\u00edcula fue un \u00e9xito de cr\u00edtica y p\u00fablico, lo que impuls\u00f3 enormemente la carrera de Faris. Adem\u00e1s de protagonizar cuatro pel\u00edculas de Scary Movie, la actriz tambi\u00e9n particip\u00f3 en otras como Bunny&#039;s House, What&#039;s Your Date?, Overboard, Just Friends y The Dictator. Asimismo, prest\u00f3 su voz a pel\u00edculas de animaci\u00f3n como Cloudy with a Chance of Meatballs y The Emoji Movie.<\/p>\n<h2> La actriz se tom\u00f3 unas vacaciones imprevistas. <\/h2>\n<p> Lumeimages \/ MEGA<\/p>\n<p> En 2013, Faris consigui\u00f3 un papel protagonista en la comedia de situaci\u00f3n Mom, de Chuck Lorre, junto a Allison Janney. Sin embargo, tras la s\u00e9ptima temporada, Faris anunci\u00f3 repentinamente su salida de la serie, alegando su deseo de &quot;dedicarse a otros proyectos&quot;. La serie continu\u00f3 una temporada m\u00e1s sin Faris antes de finalizar en 2020.<\/p>\n<p> La actriz no se ha retirado por completo de la actuaci\u00f3n, pero se ha vuelto m\u00e1s selectiva en sus proyectos. En una entrevista con la revista <em>GENTE<\/em> En 2023, Faris revel\u00f3 que se tom\u00f3 un descanso del trabajo para pasar m\u00e1s tiempo con su hijo. &quot;Baj\u00e9 el ritmo y pas\u00e9 mucho tiempo con mi hijo. Fue realmente maravilloso. No fue una decisi\u00f3n premeditada, sino m\u00e1s bien unas vacaciones&quot;, explic\u00f3.<\/p>\n<h2> Anna Faris afirm\u00f3 que volver a rodar Scary Movie fue una &quot;experiencia sanadora&quot; para ella.<\/h2>\n<p> Faris no fue elegida para Scary Movie 5 porque el estudio prefiri\u00f3 un elenco m\u00e1s joven, optando en su lugar por Ashley Tisdale para el papel principal. En abril, Faris expres\u00f3 su sorpresa ante la noticia de la sexta pel\u00edcula de la franquicia Scary Movie y, sobre todo, ante el reencuentro con sus antiguos compa\u00f1eros de reparto.<\/p>\n<p> \u00ab&quot;No pod\u00eda creerlo. No pod\u00eda creer que me sintiera tan bien filmando &#039;Scary Movies&#039;... Es algo... ojal\u00e1 pudiera encontrar una palabra mejor, pero es sanador. Estamos juntos de nuevo. Y eso, en s\u00ed mismo, es algo personal para m\u00ed&quot;, dijo Faris.<\/p>\n<p> La sexta entrega de la franquicia, titulada Scary Movie, se estrenar\u00e1 en cines el 5 de junio.<\/p>\n<p> El art\u00edculo &quot;Anna Faris agradece su regreso a la actuaci\u00f3n tras un bache en su carrera&quot; apareci\u00f3 originalmente en The Blast.<\/p>","protected":false},"excerpt":{"rendered":"<p>Anna Faris habl\u00f3 con franqueza sobre su regreso a la franquicia de Scary Movie, calific\u00e1ndolo como un momento significativo en su carrera. La actriz salt\u00f3 a la fama tras interpretar a Cindy Campbell\u2026<\/p>","protected":false},"author":1,"featured_media":9092,"comment_status":"open","ping_status":"closed","sticky":false,"template":"","format":"standard","meta":{"footnotes":""},"categories":[6],"tags":[],"class_list":["post-9091","post","type-post","status-publish","format-standard","has-post-thumbnail","hentry","category-kinoindustriya","hvn-theme-has-thumbnail"],"_links":{"self":[{"href":"https:\/\/imgist.ru\/es\/wp-json\/wp\/v2\/posts\/9091","targetHints":{"allow":["GET"]}}],"collection":[{"href":"https:\/\/imgist.ru\/es\/wp-json\/wp\/v2\/posts"}],"about":[{"href":"https:\/\/imgist.ru\/es\/wp-json\/wp\/v2\/types\/post"}],"author":[{"embeddable":true,"href":"https:\/\/imgist.ru\/es\/wp-json\/wp\/v2\/users\/1"}],"replies":[{"embeddable":true,"href":"https:\/\/imgist.ru\/es\/wp-json\/wp\/v2\/comments?post=9091"}],"version-history":[{"count":3,"href":"https:\/\/imgist.ru\/es\/wp-json\/wp\/v2\/posts\/9091\/revisions"}],"predecessor-version":[{"id":152830,"href":"https:\/\/imgist.ru\/es\/wp-json\/wp\/v2\/posts\/9091\/revisions\/152830"}],"wp:featuredmedia":[{"embeddable":true,"href":"https:\/\/imgist.ru\/es\/wp-json\/wp\/v2\/media\/9092"}],"wp:attachment":[{"href":"https:\/\/imgist.ru\/es\/wp-json\/wp\/v2\/media?parent=9091"}],"wp:term":[{"taxonomy":"category","embeddable":true,"href":"https:\/\/imgist.ru\/es\/wp-json\/wp\/v2\/categories?post=9091"},{"taxonomy":"post_tag","embeddable":true,"href":"https:\/\/imgist.ru\/es\/wp-json\/wp\/v2\/tags?post=9091"}],"curies":[{"name":"wp","href":"https:\/\/api.w.org\/{rel}","templated":true}]}}