{"id":9350,"date":"2026-06-03T15:14:23","date_gmt":"2026-06-03T12:14:23","guid":{"rendered":"https:\/\/imgist.ru\/raspisanie-telekanala-nbc-na-osen-2026-goda-na-dannyj-moment\/"},"modified":"2026-08-29T12:01:34","modified_gmt":"2026-08-29T09:01:34","slug":"programacion-de-nbc-para-otono-de-2026-a-fecha-de-hoy","status":"publish","type":"post","link":"https:\/\/imgist.ru\/es\/raspisanie-telekanala-nbc-na-osen-2026-goda-na-dannyj-moment\/","title":{"rendered":"Programaci\u00f3n de NBC para oto\u00f1o de 2026 (actualizada)"},"content":{"rendered":"<h3>LO QUE NECESITA SABER<\/h3>\n<ul>\n<li>\n<p> NBC ha anunciado su programaci\u00f3n de horario estelar para el oto\u00f1o de 2026.<\/p>\n<\/li>\n<li>\n<p> La lista de programas que regresan incluye <em>\u00abCentro M\u00e9dico Saint Denis\u00bb<\/em> , <em>\u00ab&quot;Voz&quot;\u00bb<\/em> \u0438 <em>\u00abLey y Orden: Unidad de V\u00edctimas Especiales.<\/em><\/p>\n<\/li>\n<li>\n<p> Serie <em>\u00abTraidores\u00bb<\/em> Se trasladar\u00e1 de la plataforma Peacock a NBC para una temporada especial centrada en civiles.<\/p>\n<\/li>\n<\/ul>\n<p> Aunque el verano a\u00fan no ha comenzado oficialmente, NBC ya est\u00e1 deseando que llegue el oto\u00f1o.<\/p>\n<p> El canal de televisi\u00f3n present\u00f3 su programaci\u00f3n para el oto\u00f1o de 2026, en la que se incluyen series populares como <em>\u00abLey y orden: Unidad de v\u00edctimas especiales\u00bb<\/em> \u0438 <em>\u00ab&quot;Voz&quot;\u00bb<\/em> <em>.<\/em> El popular programa de telerrealidad Peacock <em>\u00abTraidores\u00bb<\/em> Tambi\u00e9n se est\u00e1 trasladando a la televisi\u00f3n para su emisi\u00f3n en formato civil.<\/p>\n<p> \u00ab&quot;Formato <em>\u00ab&quot;Traidores&quot;\u00bb<\/em> \u00bbSe ha consolidado como uno de los programas de telerrealidad m\u00e1s emocionantes y comentados del mundo\u00ab, declar\u00f3 Stephen Lambert, director ejecutivo de Studio Lambert, productora de las versiones de Peacock y NBC, en un comunicado emitido por NBC. \u00bbEstamos encantados de colaborar con NBC para ofrecer esta experiencia a un nuevo grupo de participantes cotidianos cuyas historias y estrategias har\u00e1n que el juego sea a\u00fan m\u00e1s impredecible y, esperamos, a\u00fan m\u00e1s emocionante para los espectadores\u00bb.<\/p>\n<p> La programaci\u00f3n de oto\u00f1o de 2026 de NBC incluir\u00e1 series muy queridas, pero no todas han sido renovadas. Entre las que no se emitir\u00e1n en la nueva temporada se encuentran: <em>\u00abMentes brillantes\u00bb<\/em> \u0438 <em>\u00abTropez\u00f3n.<\/em><\/p>\n<p> Aqu\u00ed tienes todo lo que necesitas saber sobre la programaci\u00f3n de NBC para el oto\u00f1o de 2026.<\/p>\n<h2> <em>Centro M\u00e9dico St. Denis<\/em> <\/h2>\n<p> Protagonizada por Ayun Kim como Serena, Mekki Leeper como Matt, David Alan Grier como el Dr. Ron, Allison Tolman como Ale, Wendi McLendon-Covey como Joyce, Kaliko Kauahi como Val y Josh Lawson como el Dr. Bruce en el Centro M\u00e9dico St. Denis. Foto: F. Scott Schafer\/NBC v\u00eda Getty.<\/p>\n<p> La serie de comedia estilo falso documental, que sigue al personal de un hospital de Oreg\u00f3n con escasos recursos, regresar\u00e1 para una tercera temporada.<\/p>\n<p> En la serie <em>\u00abCentro M\u00e9dico St. Denis\u00bb<\/em> Protagonizada por Wendi McLendon-Covey, Allison Tolman, Josh Lawson, Mekki Leeper, Kahyun Kim, David Alan Grier y Kaliko Kauahi. Seg\u00fan <em>Fecha l\u00edmite<\/em> , NBC anunci\u00f3 la renovaci\u00f3n de la serie en febrero de 2026.<\/p>\n<p> A\u00fan no se ha anunciado la fecha de estreno, pero seg\u00fan el canal de televisi\u00f3n, la tercera temporada de la serie <em>\u00abCentro M\u00e9dico Saint Denis\u00bb<\/em> Se estrenar\u00e1 en noviembre de 2026. La serie se emitir\u00e1 los lunes a las 8:00 p. m. (hora del este).<\/p>\n<h2> <em>La ca\u00edda y el ascenso de Reggie Dinkins<\/em> <\/h2>\n<p> Tracy Morgan como Reggie Dinkins y Daniel Radcliffe como Arthur Tobin en &quot;La ca\u00edda y el ascenso de Reggie Dinkins&quot;. Foto: Scott Gries\/NBC v\u00eda Getty.<\/p>\n<p> En mayo de 2026, NBC anunci\u00f3 la renovaci\u00f3n de la serie de comedia protagonizada por Tracy Morgan y Daniel Radcliffe para una segunda temporada.<\/p>\n<p> <em>La ca\u00edda y el ascenso de Reggie Dinkins\u00ab<\/em> Volver\u00e1 a emitirse en noviembre de 2026, los lunes a las 20:30 (hora del este).<\/p>\n<h2> <em>Voz<\/em> <\/h2>\n<p> Adam Levine, Kelly Clarkson y John Legend en &quot;The Voice&quot;. Foto: Trey Patton\/NBC<\/p>\n<p> Despu\u00e9s de la temporada 29 <em>\u00abBatalla de campeones\u00bb<\/em> <em>El programa La Voz\u00ab<\/em> Regresa para su trig\u00e9sima temporada. La pr\u00f3xima temporada contar\u00e1 con Adam Levine y Kelly Clarkson en las sillas rojas, junto con las nuevas incorporaciones Riley Green y Queen Latifah.<\/p>\n<p> Seg\u00fan el canal de televisi\u00f3n, el estreno de la temporada 30 <em>El programa La Voz<\/em> Se estrenar\u00e1 en septiembre de 2026, emiti\u00e9ndose los lunes a las 20:00 (hora del este), y pasar\u00e1 a emitirse a las 21:00 (hora del este) en noviembre de 2026.<\/p>\n<h2> <em>L\u00ednea de fuego<\/em> <\/h2>\n<p> Taylor Bloom como Russ Hollingsworth, Peter Krause como Mike Hollingsworth y Tommy O&#039;Brien como Mike &quot;Mickey&quot; Hollingsworth Jr. en &quot;L\u00ednea de fuego&quot;. Foto: Scott Gries\/NBC<\/p>\n<p> En la nueva serie dram\u00e1tica de NBC <em>\u00abL\u00ednea de fuego\u00bb<\/em> Protagonizada por Peter Krause y Hope Davis.<\/p>\n<p> \u00ab&quot;Cuando un agente federal muere en acto de servicio, un caso aparentemente sencillo se convierte en una conspiraci\u00f3n mortal, y una familia de agentes del orden se convierte en el objetivo de un misterioso asesino&quot;, reza la descripci\u00f3n de la serie publicada por NBC.<\/p>\n<p> Estreno <em>serie &quot;L\u00ednea de fuego&quot;\u00ab<\/em> Su estreno est\u00e1 previsto para septiembre de 2026 y se emitir\u00e1 los lunes a las 22:00 (hora del este).<\/p>\n<h2> Baloncesto de la NBA <\/h2>\n<p> Grant Hill y Noah Eagle de NBC ven el partido entre Los Angeles Lakers y Golden State Warriors el 21 de octubre de 2025 en Los \u00c1ngeles, California. Foto: Luke Hales\/Getty<\/p>\n<p> NBC transmitir\u00e1 los partidos de la NBA en horario estelar los martes a partir de las 8:00 p.m. ET.<\/p>\n<h2> <em>Centro M\u00e9dico de Chicago<\/em> <\/h2>\n<p> Oliver Platt como el Dr. Daniel Charles y S. Epatha Merkerson como Sharon Goodwin en &quot;Chicago Med&quot;. Foto: George Burns Jr.\/NBC v\u00eda Getty.<\/p>\n<p> One Chicago regresa para su temporada 12. <em>\u00abChicago Med\u00bb<\/em> , continuando con las dram\u00e1ticas historias del personal del Centro M\u00e9dico Gaffney en Chicago.<\/p>\n<p> <em>La serie de televisi\u00f3n &quot;Chicago Med&quot;\u00ab<\/em> Se emitir\u00e1 los mi\u00e9rcoles a las 8:00 PM ET.<\/p>\n<h2> <em>Departamento de Bomberos de Chicago<\/em> <\/h2>\n<p> Jocelyn Hudon como Lila Novak, Hanako Greensmith como Violet Meacham y Dermot Mulroney como Dom Pascal en &quot;Chicago Fire&quot;. Foto: Elizabeth Sissen\/NBC v\u00eda Getty.<\/p>\n<p> El equipo de la estaci\u00f3n de bomberos 51 regresa a la serie. <em>\u00abIncendio de Chicago\u00bb<\/em> , que ha sido renovada para otra temporada.<\/p>\n<p> Emitiendo la decimoquinta temporada de la serie. <em>\u00abIncendio de Chicago\u00bb<\/em> programado para el mi\u00e9rcoles a las 9:00 PM ET.<\/p>\n<h2> <em>Polic\u00eda de Chicago<\/em> <\/h2>\n<p> Benjamin Levy Aguilar como Dante Torres, Amy Morton como la sargento Trudy Platt y Jason Beghe como el sargento Hank Voight en &quot;Chicago&quot;. Foto: Lori Allen\/NBC v\u00eda Getty.<\/p>\n<p> La tercera temporada de &quot;Los \u00faltimos Jedi&quot; se proyectar\u00e1 en One Chicago el mi\u00e9rcoles por la noche.\u00ab <em>Departamento de Polic\u00eda de Chicago\u00bb<\/em> .<\/p>\n<p> Temporada 14 de la serie <em>\u00abDepartamento de Polic\u00eda de Chicago\u00bb<\/em> Se emitir\u00e1 los mi\u00e9rcoles a las 22:00 (hora del este).<\/p>\n<h2> <em>Traidores<\/em> <\/h2>\n<p> Alan Cumming en &quot;Traidores&quot;. Foto: Ewan Cherry\/Peacock v\u00eda Getty<\/p>\n<p> El reality show ganador del premio Emmy se muda a NBC, y esta temporada contar\u00e1 con concursantes habituales (es decir, no famosos). Al menos una celebridad seguramente estar\u00e1 presente en el castillo, ya que Alan Cumming regresar\u00e1 como presentador.<\/p>\n<p> <em>La serie de televisi\u00f3n &quot;Traidores&quot;\u00ab<\/em> Se emitir\u00e1 los jueves a las 8:00 PM ET.<\/p>\n<h2> <em>Ley y orden: Unidad de v\u00edctimas especiales<\/em> <\/h2>\n<p> Mariska Hargitay como la capitana Olivia Benson y Peter Scanavino como el fiscal adjunto Dominic &quot;Sonny&quot; Carisi Jr. en &quot;Law &amp; Order: Special Victims Unit&quot;. Foto: Peter Kramer\/NBC<\/p>\n<p> Seg\u00fan lo informado por <em>Fecha l\u00edmite,<\/em> La miniserie protagonizada por Mariska Hargitay regresa para una hist\u00f3rica 28\u00aa temporada.<\/p>\n<p> <em>Ley y orden: Unidad de v\u00edctimas especiales\u00ab<\/em> Se emitir\u00e1 los jueves a las 9:00 PM ET.<\/p>\n<h2> <em>Orden p\u00fablico<\/em> <\/h2>\n<p> Tony Goldwyn como el fiscal de distrito Nicholas Baxter en &quot;Law &amp; Order&quot;. Foto: Will Hart\/NBC v\u00eda Getty.<\/p>\n<p> Estreno de la temporada n\u00famero 26 de la serie insignia. <em>\u00abOrden p\u00fablico\u00bb<\/em> Tendr\u00e1 lugar este oto\u00f1o.<\/p>\n<p> <em>La serie de televisi\u00f3n &quot;Ley y Orden&quot;\u00ab<\/em> se emitir\u00e1 los jueves a las 10:00 p. m. ET, seguido de <em>Serie de televisi\u00f3n &quot;Ley y orden: Unidad de v\u00edctimas especiales&quot;\u00ab<\/em> .<\/p>\n<h2> <em>El lugar de la felicidad<\/em> <\/h2>\n<p> Reba McEntire como Bobby y Melissa Peterman como Gabby en &quot;Happy&#039;s Place&quot;. Foto: Casey Durkin\/NBC v\u00eda Getty.<\/p>\n<p> <em>Cafeter\u00eda Happy&#039;s Place<\/em> permanecer\u00e1 abierta una temporada m\u00e1s. La comedia protagonizada por Reba McEntire regresar\u00e1 para una tercera temporada.<\/p>\n<p> Funci\u00f3n el viernes por la noche a las 8:00 PM ET <em>El lugar de la felicidad<\/em> abrir\u00e1 el programa de eventos.<\/p>\n<h2> <em>Reci\u00e9n casados<\/em> <\/h2>\n<p> Tea Leoni como Jeanie y Tim Daly como James en &quot;The Honeymooners&quot;. Foto: Nicole Weingart\/NBC<\/p>\n<p> La pareja en la vida real Tea Leoni y Tim Daly son las estrellas de la nueva comedia &quot;\u00ab <em>Reci\u00e9n casados<\/em> \u00bb&quot;(Newlyweds), que, seg\u00fan NBC, trata sobre &quot;una historia de amor en la edad adulta&quot;.<\/p>\n<p> <em>El programa &quot;Reci\u00e9n casados&quot;\u00ab<\/em> Se emitir\u00e1 a las 20:30 (hora del este).<\/p>\n<h2> <em>NBC Dateline<\/em> <\/h2>\n<p> Corresponsales de Dateline NBC, temporada 33. Foto: Miller Mobley\/NBC v\u00eda Getty<\/p>\n<p> El popular programa de noticias regresa con una nueva temporada repleta de apasionantes historias de cr\u00edmenes reales.<\/p>\n<p> <em>Programa de fecha de caducidad<\/em> Se emitir\u00e1 los viernes en un formato de dos horas, a partir de las 21:00 (hora del este).<\/p>\n<h2> F\u00fatbol americano en la Conferencia Big Ten y en la Universidad de Notre Dame <\/h2>\n<p> El mariscal de campo de los Notre Dame Fighting Irish, C.J. Carr (13), calienta el 25 de abril de 2026 en South Bend, Indiana. Foto: Jeffrey Brown\/Icon Sportswire v\u00eda Getty<\/p>\n<p> La programaci\u00f3n de NBC para el fin de semana estar\u00e1 dedicada al f\u00fatbol americano. Seg\u00fan NBC, las transmisiones de la Conferencia Big Ten comenzar\u00e1n el 29 de agosto con un partido entre los USC Trojans y los San Jose State Spartans. Transmisiones oficiales <em>La Big Ten del s\u00e1bado por la noche<\/em> Comenzar\u00e1 la pr\u00f3xima semana, el 5 de septiembre.<\/p>\n<p> Los s\u00e1bados, la previa del partido de la Big Ten\/Notre Dame se emitir\u00e1 de 19:00 a 19:30 (hora del este), seguida del partido de f\u00fatbol americano de la Big Ten del s\u00e1bado por la noche\/Notre Dame a las 19:30.<\/p>\n<h2> Domingo de la NFL <\/h2>\n<p> Logotipo de NBC Sunday Night Football. Foto: Brooke Sutton\/Getty<\/p>\n<p> Los domingos, el f\u00fatbol tambi\u00e9n se vuelve popular: <em>NBC est\u00e1 transmitiendo Sunday Night Football<\/em> .<\/p>\n<p> Seg\u00fan NBC, la temporada de la NFL dar\u00e1 comienzo el mi\u00e9rcoles 9 de septiembre, cuando los New England Patriots se enfrenten a los Seattle Seahawks.<\/p>\n<p> Las emisiones contin\u00faan los domingos. <em>\u00abNoche de f\u00fatbol en Am\u00e9rica\u00bb<\/em> comienza a las 7:00 PM ET, seguido de <em>\u00abF\u00fatbol americano del domingo por la noche de la NBC\u00bb<\/em> a las 8:20 PM ET.<\/p>\n<p> Lee el art\u00edculo original en People.<\/p>","protected":false},"excerpt":{"rendered":"<p>LO QUE DEBES SABER NBC ha anunciado su programaci\u00f3n estelar para el oto\u00f1o de 2026. Entre los programas que regresan se incluyen St. Denis Medical Center, The Voice y Law &amp; Order:\u2026<\/p>","protected":false},"author":1,"featured_media":9351,"comment_status":"open","ping_status":"closed","sticky":false,"template":"","format":"standard","meta":{"footnotes":""},"categories":[6],"tags":[],"class_list":["post-9350","post","type-post","status-publish","format-standard","has-post-thumbnail","hentry","category-kinoindustriya","hvn-theme-has-thumbnail"],"_links":{"self":[{"href":"https:\/\/imgist.ru\/es\/wp-json\/wp\/v2\/posts\/9350","targetHints":{"allow":["GET"]}}],"collection":[{"href":"https:\/\/imgist.ru\/es\/wp-json\/wp\/v2\/posts"}],"about":[{"href":"https:\/\/imgist.ru\/es\/wp-json\/wp\/v2\/types\/post"}],"author":[{"embeddable":true,"href":"https:\/\/imgist.ru\/es\/wp-json\/wp\/v2\/users\/1"}],"replies":[{"embeddable":true,"href":"https:\/\/imgist.ru\/es\/wp-json\/wp\/v2\/comments?post=9350"}],"version-history":[{"count":16,"href":"https:\/\/imgist.ru\/es\/wp-json\/wp\/v2\/posts\/9350\/revisions"}],"predecessor-version":[{"id":153116,"href":"https:\/\/imgist.ru\/es\/wp-json\/wp\/v2\/posts\/9350\/revisions\/153116"}],"wp:featuredmedia":[{"embeddable":true,"href":"https:\/\/imgist.ru\/es\/wp-json\/wp\/v2\/media\/9351"}],"wp:attachment":[{"href":"https:\/\/imgist.ru\/es\/wp-json\/wp\/v2\/media?parent=9350"}],"wp:term":[{"taxonomy":"category","embeddable":true,"href":"https:\/\/imgist.ru\/es\/wp-json\/wp\/v2\/categories?post=9350"},{"taxonomy":"post_tag","embeddable":true,"href":"https:\/\/imgist.ru\/es\/wp-json\/wp\/v2\/tags?post=9350"}],"curies":[{"name":"wp","href":"https:\/\/api.w.org\/{rel}","templated":true}]}}