{"id":9486,"date":"2026-06-03T16:20:10","date_gmt":"2026-06-03T13:20:10","guid":{"rendered":"https:\/\/imgist.ru\/idris-elba-byl-posvyashhen-v-ryczari-korolem-karlom-iii-nakanune-smerti-uinstona\/"},"modified":"2026-08-29T12:02:55","modified_gmt":"2026-08-29T09:02:55","slug":"idris-elba-fue-nombrado-caballero-por-el-rey-carlos-iii-en-la-vispera-de-la-muerte-de-winston","status":"publish","type":"post","link":"https:\/\/imgist.ru\/es\/idris-elba-byl-posvyashhen-v-ryczari-korolem-karlom-iii-nakanune-smerti-uinstona\/","title":{"rendered":"Idris Elba fue nombrado caballero por el rey Carlos III en la v\u00edspera de la muerte de Winston."},"content":{"rendered":"<p>Idris Elba se uni\u00f3 oficialmente a las filas de las figuras m\u00e1s distinguidas de Gran Breta\u00f1a al recibir el t\u00edtulo de caballero de manos del rey Carlos III en el Castillo de Windsor el martes. Se convirti\u00f3 en Sir Idris Elba en una ceremonia que celebr\u00f3 sus contribuciones mucho m\u00e1s all\u00e1 del cine y la televisi\u00f3n. <\/p>\n<p> Peter Nicholls\/Getty Images<\/p>\n<p> El premio, entregado como parte de la Lista de Honores de A\u00f1o Nuevo de 2026, reconoci\u00f3 su contribuci\u00f3n al empoderamiento de los j\u00f3venes y al apoyo a la comunidad, en particular a trav\u00e9s de iniciativas para combatir la desigualdad y la violencia juvenil.<\/p>\n<p> Para la ocasi\u00f3n, Idris eligi\u00f3 un atuendo de su propia marca. <strong>V\u00edspera de Winston<\/strong> , Demostrando que los c\u00f3digos de vestimenta formales no tienen por qu\u00e9 ir en detrimento de la individualidad. A primera vista, el atuendo parec\u00eda ajustarse a la indumentaria ceremonial real tradicional: un frac negro cl\u00e1sico, camisa blanca y pajarita. Pero al examinarlo con m\u00e1s detenimiento, el distintivo ribete geom\u00e9trico del chaleco revelaba un elemento inspirado en un arn\u00e9s, lo que diferenciaba el conjunto de la vestimenta de ma\u00f1ana o de corte habitual.<\/p>\n<p> La combinaci\u00f3n de t\u00e9cnicas de sastrer\u00eda tradicionales y detalles m\u00e1s modernos parec\u00eda ideal para un hombre que ha forjado su carrera desafiando las normas establecidas. El atuendo era apropiado para la ocasi\u00f3n, sin perder su estilo personal e inconfundible.<\/p>\n<p> De pie junto a \u00e9l estaba su esposa, Sabrina Elba, vestida con un <strong>de la colecci\u00f3n Stella McCartney Oto\u00f1o 2026,<\/strong> que reconocer\u00e1s al instante.<\/p>\n<p> Y parece que muchos de ustedes ten\u00edan raz\u00f3n: este traje de falda realmente necesitaba un cintur\u00f3n. Zendaya no lo us\u00f3 cuando lo luci\u00f3. <em>El programa de Jennifer Hudson<\/em> , Y creo que el azul marino queda mucho mejor que la versi\u00f3n blanca que luci\u00f3 Ellie Goulding, que no le sentaba nada bien, y el ribete tonal que enmarca el peplum realza a\u00fan m\u00e1s el efecto general.<\/p>\n<p> Esta fue la tercera aparici\u00f3n de esta imagen de <strong>Stella McCartney<\/strong> , y, sin duda, su interpretaci\u00f3n m\u00e1s exitosa hasta la fecha.<\/p>\n<p> La pareja complement\u00f3 sus atuendos de compromiso real con zapatos. <strong>Christian Louboutin<\/strong> .<\/p>","protected":false},"excerpt":{"rendered":"<p>Idris Elba se uni\u00f3 oficialmente a las filas de las figuras m\u00e1s distinguidas de Gran Breta\u00f1a cuando recibi\u00f3 el t\u00edtulo de caballero del rey Carlos III en el Castillo de Windsor el martes. Se convirti\u00f3 en Sir\u2026<\/p>","protected":false},"author":1,"featured_media":9487,"comment_status":"open","ping_status":"closed","sticky":false,"template":"","format":"standard","meta":{"footnotes":""},"categories":[5],"tags":[],"class_list":["post-9486","post","type-post","status-publish","format-standard","has-post-thumbnail","hentry","category-selebriti","hvn-theme-has-thumbnail"],"_links":{"self":[{"href":"https:\/\/imgist.ru\/es\/wp-json\/wp\/v2\/posts\/9486","targetHints":{"allow":["GET"]}}],"collection":[{"href":"https:\/\/imgist.ru\/es\/wp-json\/wp\/v2\/posts"}],"about":[{"href":"https:\/\/imgist.ru\/es\/wp-json\/wp\/v2\/types\/post"}],"author":[{"embeddable":true,"href":"https:\/\/imgist.ru\/es\/wp-json\/wp\/v2\/users\/1"}],"replies":[{"embeddable":true,"href":"https:\/\/imgist.ru\/es\/wp-json\/wp\/v2\/comments?post=9486"}],"version-history":[{"count":1,"href":"https:\/\/imgist.ru\/es\/wp-json\/wp\/v2\/posts\/9486\/revisions"}],"predecessor-version":[{"id":153238,"href":"https:\/\/imgist.ru\/es\/wp-json\/wp\/v2\/posts\/9486\/revisions\/153238"}],"wp:featuredmedia":[{"embeddable":true,"href":"https:\/\/imgist.ru\/es\/wp-json\/wp\/v2\/media\/9487"}],"wp:attachment":[{"href":"https:\/\/imgist.ru\/es\/wp-json\/wp\/v2\/media?parent=9486"}],"wp:term":[{"taxonomy":"category","embeddable":true,"href":"https:\/\/imgist.ru\/es\/wp-json\/wp\/v2\/categories?post=9486"},{"taxonomy":"post_tag","embeddable":true,"href":"https:\/\/imgist.ru\/es\/wp-json\/wp\/v2\/tags?post=9486"}],"curies":[{"name":"wp","href":"https:\/\/api.w.org\/{rel}","templated":true}]}}