{"id":9753,"date":"2026-06-03T18:18:29","date_gmt":"2026-06-03T15:18:29","guid":{"rendered":"https:\/\/imgist.ru\/lui-teru-prisoedinitsya-k-sostavu-uchastnikov-festivalya-idej-v-lidse\/"},"modified":"2026-06-03T18:18:29","modified_gmt":"2026-06-03T15:18:29","slug":"lui-teru-prisoedinitsya-k-sostav-pachasnnikov-festivalya-idej-v-lidse","status":"publish","type":"post","link":"https:\/\/imgist.ru\/es\/lui-teru-prisoedinitsya-k-sostavu-uchastnikov-festivalya-idej-v-lidse\/","title":{"rendered":"Louis Theroux se unir\u00e1 al cartel del Festival de Ideas de Leeds."},"content":{"rendered":"<p>El periodista y presentador Louis Theroux se ha unido al elenco estelar del Festival Internacional de Ideas de Leeds 2026.<\/p>\n<p> El documentalista y creador de podcasts de 56 a\u00f1os inaugurar\u00e1 el festival el 6 de octubre con una charla informal junto a la chimenea en el escenario Quarry del Leeds Playhouse.<\/p>\n<p> Entre los dem\u00e1s participantes en este evento de cinco d\u00edas se encuentran el naturalista Chris Packham, el m\u00fasico Tim Minchin, el presentador de televisi\u00f3n Roman Kemp y la estrella televisiva Vicky Pattison.<\/p>\n<p> El director del festival, Martin Dixon, declar\u00f3: &quot;La llegada de Louis a Leeds es un acontecimiento verdaderamente trascendental para este festival y para esta ciudad; es uno de los locutores m\u00e1s importantes de su generaci\u00f3n&quot;.<\/p>\n<p> Este evento anual es una &quot;serie de conversaciones inspiradoras&quot; y en 2026 celebrar\u00e1 su sexta edici\u00f3n.<\/p>\n<p> Los temas que se tratar\u00e1n abarcar\u00e1n desde el futuro del planeta, la paternidad, la masculinidad, el legado de la d\u00e9cada de 1990 y las redes sociales.<\/p>\n<p> Minchin, compositor australiano galardonado con m\u00faltiples premios, hablar\u00e1 sobre &quot;C\u00f3mo mantenerse creativo en un mundo ca\u00f3tico&quot;, mientras que Packham analizar\u00e1 por qu\u00e9 los problemas ambientales han &quot;quedado relegados en la agenda pol\u00edtica&quot;.<\/p>\n<p> Dixon a\u00f1adi\u00f3: &quot;LIFI siempre se ha comprometido a atraer a las mentes m\u00e1s brillantes a Leeds y a proporcionar a la ciudad una plataforma que supere sus capacidades. LIFI26 logra precisamente eso&quot;.<\/p>\n<p> <em>Escucha los mejores momentos de<\/em> West Yorkshire en BBC Sounds <em>, vea lo \u00faltimo<\/em> <em>Episodio de Look North<\/em> <em>.<\/em><\/p>\n<h2> Historias similares<\/h2>\n<ul>\n<li>\n<p> Personalidades destacadas llegar\u00e1n a la ciudad para el Festival de las Ideas.<\/p>\n<\/li>\n<\/ul>","protected":false},"excerpt":{"rendered":"<p>El periodista y locutor Louis Theroux se ha unido al elenco estelar del Festival Internacional de Ideas de Leeds 2026. El documentalista y creador de podcasts, de 56 a\u00f1os, inaugurar\u00e1 el festival el\u2026<\/p>","protected":false},"author":1,"featured_media":9754,"comment_status":"open","ping_status":"closed","sticky":false,"template":"","format":"standard","meta":{"footnotes":""},"categories":[5],"tags":[],"class_list":["post-9753","post","type-post","status-publish","format-standard","has-post-thumbnail","hentry","category-selebriti","hvn-theme-has-thumbnail"],"_links":{"self":[{"href":"https:\/\/imgist.ru\/es\/wp-json\/wp\/v2\/posts\/9753","targetHints":{"allow":["GET"]}}],"collection":[{"href":"https:\/\/imgist.ru\/es\/wp-json\/wp\/v2\/posts"}],"about":[{"href":"https:\/\/imgist.ru\/es\/wp-json\/wp\/v2\/types\/post"}],"author":[{"embeddable":true,"href":"https:\/\/imgist.ru\/es\/wp-json\/wp\/v2\/users\/1"}],"replies":[{"embeddable":true,"href":"https:\/\/imgist.ru\/es\/wp-json\/wp\/v2\/comments?post=9753"}],"version-history":[{"count":0,"href":"https:\/\/imgist.ru\/es\/wp-json\/wp\/v2\/posts\/9753\/revisions"}],"wp:featuredmedia":[{"embeddable":true,"href":"https:\/\/imgist.ru\/es\/wp-json\/wp\/v2\/media\/9754"}],"wp:attachment":[{"href":"https:\/\/imgist.ru\/es\/wp-json\/wp\/v2\/media?parent=9753"}],"wp:term":[{"taxonomy":"category","embeddable":true,"href":"https:\/\/imgist.ru\/es\/wp-json\/wp\/v2\/categories?post=9753"},{"taxonomy":"post_tag","embeddable":true,"href":"https:\/\/imgist.ru\/es\/wp-json\/wp\/v2\/tags?post=9753"}],"curies":[{"name":"wp","href":"https:\/\/api.w.org\/{rel}","templated":true}]}}