{"id":9783,"date":"2026-06-03T18:21:07","date_gmt":"2026-06-03T15:21:07","guid":{"rendered":"https:\/\/imgist.ru\/dzhill-bajden-utverzhdaet-chto-melaniya-tramp-neodnokratno-uklonyalas-ot-voprosov-o-svoem-syne-berrone-vo-vremya-nelovkoj-poezdki-na-avtomobile\/"},"modified":"2026-06-03T18:21:07","modified_gmt":"2026-06-03T15:21:07","slug":"jill-baden-afirma-que-melania-trump-eludio-repetidamente-las-preguntas-sobre-su-hijo-bernard-durante-un-incomodo-viaje-en-coche","status":"publish","type":"post","link":"https:\/\/imgist.ru\/es\/dzhill-bajden-utverzhdaet-chto-melaniya-tramp-neodnokratno-uklonyalas-ot-voprosov-o-svoem-syne-berrone-vo-vremya-nelovkoj-poezdki-na-avtomobile\/","title":{"rendered":"Jill Biden afirma que Melania Trump eludi\u00f3 repetidamente las preguntas sobre su hijo Barron durante un inc\u00f3modo viaje en coche."},"content":{"rendered":"<p>En sus nuevas memorias,\u00ab <em>Una vista desde el ala este<\/em> \u00bb <strong>Jill Biden<\/strong> recuerda el tiempo que pas\u00f3 en la Casa Blanca junto a su ex <strong>presidente<\/strong> <strong>Joe Biden<\/strong> , incluyendo un momento inc\u00f3modo con <strong>Melania Trump<\/strong> .<\/p>\n<p> Seg\u00fan el art\u00edculo en <em>peri\u00f3dico The Washington Post<\/em> , Seg\u00fan se public\u00f3 el martes 2 de junio, Jill, de 75 a\u00f1os, y Melania, de 56, viajaron en la misma caravana el d\u00eda de la segunda investidura. <strong>presidente<\/strong> <strong>Donald Trump<\/strong> . Ella escribi\u00f3 que cuando un compa\u00f1ero de viaje <strong>Juan Bessler<\/strong> , esposo de una senadora dem\u00f3crata <strong>Amy Klobuchar<\/strong> , pregunt\u00f3 sobre las impresiones <strong>Barron Trump<\/strong> Durante su estancia en la Universidad de Nueva York, Melania intent\u00f3 repetidamente cambiar de tema.<\/p>\n<p> \u00ab&quot;Melania no dejaba de intentar cambiar la conversaci\u00f3n al tema del tiempo&quot;, escribi\u00f3 Jill, seg\u00fan la publicaci\u00f3n. <\/p>\n<p>&lt;img","protected":false},"excerpt":{"rendered":"<p>En sus nuevas memorias, &quot;Una vista desde el ala este&quot;, Jill Biden recuerda su tiempo en la Casa Blanca junto al expresidente Joe Biden...<\/p>","protected":false},"author":1,"featured_media":9784,"comment_status":"open","ping_status":"closed","sticky":false,"template":"","format":"standard","meta":{"footnotes":""},"categories":[5],"tags":[],"class_list":["post-9783","post","type-post","status-publish","format-standard","has-post-thumbnail","hentry","category-selebriti","hvn-theme-has-thumbnail"],"_links":{"self":[{"href":"https:\/\/imgist.ru\/es\/wp-json\/wp\/v2\/posts\/9783","targetHints":{"allow":["GET"]}}],"collection":[{"href":"https:\/\/imgist.ru\/es\/wp-json\/wp\/v2\/posts"}],"about":[{"href":"https:\/\/imgist.ru\/es\/wp-json\/wp\/v2\/types\/post"}],"author":[{"embeddable":true,"href":"https:\/\/imgist.ru\/es\/wp-json\/wp\/v2\/users\/1"}],"replies":[{"embeddable":true,"href":"https:\/\/imgist.ru\/es\/wp-json\/wp\/v2\/comments?post=9783"}],"version-history":[{"count":0,"href":"https:\/\/imgist.ru\/es\/wp-json\/wp\/v2\/posts\/9783\/revisions"}],"wp:featuredmedia":[{"embeddable":true,"href":"https:\/\/imgist.ru\/es\/wp-json\/wp\/v2\/media\/9784"}],"wp:attachment":[{"href":"https:\/\/imgist.ru\/es\/wp-json\/wp\/v2\/media?parent=9783"}],"wp:term":[{"taxonomy":"category","embeddable":true,"href":"https:\/\/imgist.ru\/es\/wp-json\/wp\/v2\/categories?post=9783"},{"taxonomy":"post_tag","embeddable":true,"href":"https:\/\/imgist.ru\/es\/wp-json\/wp\/v2\/tags?post=9783"}],"curies":[{"name":"wp","href":"https:\/\/api.w.org\/{rel}","templated":true}]}}