{"id":99195,"date":"2022-04-25T00:00:00","date_gmt":"2022-04-24T21:00:00","guid":{"rendered":"http:\/\/aleksawn.bget.ru\/10-sluchaev-v-istorii-kogda-obshhestva-regressirovali\/"},"modified":"2022-04-25T00:00:00","modified_gmt":"2022-04-24T21:00:00","slug":"10-casos-historicos-en-los-que-las-sociedades-retrocedieron","status":"publish","type":"post","link":"https:\/\/imgist.ru\/es\/10-sluchaev-v-istorii-kogda-obshhestva-regressirovali\/","title":{"rendered":"10 veces que las sociedades retrocedieron en la historia"},"content":{"rendered":"<div readability=\"239.01503076063\">\n<p><span>Estamos bastante acostumbrados al modelo hist\u00f3rico puro de la evoluci\u00f3n humana, desde individuos incivilizados, hambrientos y desesperados hasta los seres bien alimentados y civilizados que conocemos hoy. Hemos evolucionado desde una serie de despotismos hasta rep\u00fablicas complejas, democracias, colectividades, etc.<\/span><\/p>\n<p> <span>Sin embargo, no es tan sencillo. En numerosas ocasiones a lo largo de la historia, las sociedades han sido destruidas por enemigos externos o rebeldes internos. Las consecuencias de estos retrocesos inevitablemente repercuten en el resto de la humanidad, aunque sus efectos no sean inmediatamente evidentes. Por lo tanto, nos conviene familiarizarnos con los periodos en los que las sociedades revirtieron el progreso tecnol\u00f3gico, cultural o organizativo.<\/span><\/p>\n<h2> <span>10. El ascenso de los C\u00e9sares<\/span> <\/h2>\n<p><img loading=\"lazy\" decoding=\"async\" class=\"aligncenter size-full wp-image-81635\" src=\"https:\/\/imgist.ru\/wp-content\/uploads\/2023\/03\/10-sluchaev-v-istorii-kogda-obshhestva-regressirovali_64107e718c641.jpeg\" alt=\"\" width=\"640\" height=\"439\"><\/p>\n<p> <span>Dado que Julio C\u00e9sar y Augusto C\u00e9sar cultivaron un cierto culto a la personalidad durante sus reinados, es f\u00e1cil pensar que fueron una bendici\u00f3n absoluta para el Imperio Romano. Se dice que Augusto, en particular, encontr\u00f3 Roma como una ciudad de ladrillo y la dej\u00f3 como una ciudad de m\u00e1rmol. Sin embargo, las clases bajas de Roma ten\u00edan muchos motivos para maldecir la llegada del emperador Augusto; incluso aquellos que no estaban particularmente interesados en el concepto del Senado.<\/span><\/p>\n<p> <span>En primer lugar, seg\u00fan &quot;\u00ab<\/span> <i><span>&quot;Historia popular de la antigua Roma&quot;\u00bb<\/span><\/i> Michael Parenti <span>, Augusto impuso impuestos sobre las ventas y un impuesto de sucesiones, que afectaban \u00fanicamente a los pobres y a la clase trabajadora. Aboli\u00f3 las asambleas populares que hab\u00edan proporcionado cierta representaci\u00f3n popular cuando incluso el Senado demostr\u00f3 ser incontrolablemente corrupto. Como si esto no fuera suficientemente devastador para la clase trabajadora, tambi\u00e9n aboli\u00f3 muchos gremios. El golpe de gracia para las ideas de Augusto, que ten\u00edan alguna inclinaci\u00f3n populista, fueron sus restricciones legales sobre el n\u00famero de esclavos que un propietario pod\u00eda liberar, para evitar que la mano de obra libre adquiriera demasiado poder de negociaci\u00f3n. Como era de esperar, a pesar de todos los edificios de m\u00e1rmol que supuestamente supervis\u00f3, el reinado de Augusto estuvo plagado de pobreza.<\/span><span>y la peste<\/span> <span>.<\/span><\/p>\n<h2> <span>9. El ascenso de Pinochet<\/span> <\/h2>\n<p><img loading=\"lazy\" decoding=\"async\" class=\"aligncenter size-full wp-image-81636\" src=\"https:\/\/imgist.ru\/wp-content\/uploads\/2023\/03\/10-sluchaev-v-istorii-kogda-obshhestva-regressirovali_64107e70b88a4.jpeg\" alt=\"\" width=\"640\" height=\"419\"><\/p>\n<p> <span>En 1973, el presidente democr\u00e1ticamente electo Salvador Allende se suicid\u00f3 en respuesta a un golpe de Estado respaldado por la CIA. Le sucedi\u00f3 el general Augusto Pinochet, quien instaur\u00f3 un reinado de terror que dur\u00f3 d\u00e9cadas. En total, su golpe de Estado caus\u00f3 la muerte de aproximadamente 3.000 personas, incluyendo la infame y generalizada pr\u00e1ctica de lanzar en paraca\u00eddas a 120 personas desde helic\u00f3pteros. En t\u00e9rminos de regresi\u00f3n cultural espec\u00edfica, Pinochet era tan abiertamente antifeminista que las mujeres de la Asociaci\u00f3n<\/span> <span>Familiares de los detenidos y desaparecidos<\/span> <span>Desempe\u00f1\u00f3 un papel fundamental en el derrocamiento de Pinochet como presidente en 1990.<\/span><\/p>\n<p> <span>Pinochet no lament\u00f3 en absoluto haber mordido la mano estadounidense que le hab\u00eda dado de comer. En 1976, orden\u00f3 el asesinato del exembajador chileno.<\/span> <span>Orlando Letelier<\/span> <span>En Washington, D.C. Ya en 1986, rechaz\u00f3 abiertamente los consejos de la administraci\u00f3n Reagan sobre derechos humanos, dici\u00e9ndole al general John Galvin que &quot;marcar\u00eda el rumbo de Chile sin consejos, sin nadie m\u00e1s&quot;. El embajador Harry Barnes llam\u00f3 al dictador que presidi\u00f3 la muerte de tantos chilenos y la privaci\u00f3n de derechos de tantos m\u00e1s, &quot;\u00ab<\/span> <span>Archie Bunker chileno<\/span> <span>\u00bb&quot;Tal es la banalidad del mal.&quot;.<\/span><\/p>\n<h2> <span>8. El p\u00e1nico de 1873.<\/span> <\/h2>\n<p><img loading=\"lazy\" decoding=\"async\" class=\"aligncenter size-large wp-image-81638\" src=\"https:\/\/imgist.ru\/wp-content\/uploads\/2023\/03\/10-sluchaev-v-istorii-kogda-obshhestva-regressirovali_64107e727eb0b.jpeg\" alt=\"\" width=\"640\" height=\"419\"><\/p>\n<p> <span>El per\u00edodo de la historia estadounidense comprendido entre el final de la Guerra Civil en 1865 y, aproximadamente, la Guerra Hispano-Estadounidense de 1898, suele pasarse por alto en las clases de historia de la escuela secundaria. Un aspecto que se suele pasar por alto es cuando Estados Unidos se sumi\u00f3 en su primera depresi\u00f3n, en gran parte como resultado de la financiaci\u00f3n descomunal del ferrocarril, Jay Cooke &amp; Co., que se declar\u00f3 en bancarrota en 1873. Se llevaron consigo 18.000 empresas en todo el pa\u00eds, y para 1876, el desempleo alcanz\u00f3 su punto m\u00e1ximo en<\/span> <span>14%<\/span> <span>. Las consecuencias econ\u00f3micas de esto se prolongar\u00edan hasta 1877, y de hecho afectar\u00edan a Europa durante m\u00e1s tiempo, especialmente a Francia, donde la recesi\u00f3n econ\u00f3mica durar\u00eda hasta 1879.<\/span><\/p>\n<p> <span>Esto ocurri\u00f3 durante un per\u00edodo de creciente organizaci\u00f3n sindical en Estados Unidos. En el estado de California, en particular, se culp\u00f3 a los inmigrantes chinos de haber hecho posible la construcci\u00f3n de ferrocarriles y de la disminuci\u00f3n de los salarios, lo que provoc\u00f3 atrocidades masivas, como el ataque al barrio chino de San Francisco.<\/span> <span>Francisco<\/span> <span>. Las repercusiones antichinas perduraron m\u00e1s all\u00e1 de la Gran Depresi\u00f3n, lo que llev\u00f3 a la firma de la Ley de Exclusi\u00f3n China en 1882. Los sindicatos no corrieron mejor suerte, ya que se desplegaron tropas federales para disolver huelgas e incluso disparar contra ellas, lo que provoc\u00f3 la muerte de m\u00e1s de 100 trabajadores. En los antiguos estados confederados, el desv\u00edo de recursos federales permiti\u00f3 que el Ku Klux Klan reanudara con toda su fuerza sus campa\u00f1as de terror contra la poblaci\u00f3n negra, lo que, sin duda, contribuy\u00f3 al fracaso de la recuperaci\u00f3n econ\u00f3mica de Estados Unidos. En resumen, nada amenaza m\u00e1s el progreso que una cat\u00e1strofe econ\u00f3mica.<\/span><\/p>\n<h2> <span>7. Guerra de los Treinta A\u00f1os<\/span> <\/h2>\n<p><img loading=\"lazy\" decoding=\"async\" class=\"aligncenter size-full wp-image-81639\" src=\"https:\/\/imgist.ru\/wp-content\/uploads\/2023\/03\/10-sluchaev-v-istorii-kogda-obshhestva-regressirovali_64107e7375bf0.jpeg\" alt=\"\" width=\"640\" height=\"436\"><\/p>\n<p> <span>La Guerra de los Treinta A\u00f1os, una de las guerras m\u00e1s devastadoras de la historia europea, comenz\u00f3 en 1618, cuando el emperador del Sacro Imperio Romano Germ\u00e1nico, Fernando II, intent\u00f3 restaurar el dominio cat\u00f3lico sobre Austria y Bohemia. Tras cinco a\u00f1os, lo logr\u00f3 en gran medida, pero los combates dejaron a Alemania vulnerable a la invasi\u00f3n del rey Cristi\u00e1n IV de Suecia, situaci\u00f3n que se mantuvo hasta el Tratado de Westfalia en 1648. Este tratado convirti\u00f3 a gran parte de Europa al concepto de autoridad religiosa centralizada en favor de los estados-naci\u00f3n secularizados. Alemania sufri\u00f3 a\u00fan m\u00e1s terriblemente.<\/span><\/p>\n<p> <span>Adem\u00e1s de las numerosas muertes por guerra, peste y hambruna que costaron a regiones del territorio de la futura Alemania hasta<\/span> <span>40% de su poblaci\u00f3n<\/span> <span>Debido a la devastaci\u00f3n y las incursiones de ej\u00e9rcitos mercenarios no remunerados, muchos gobiernos de Europa Central se volvieron pr\u00e1cticamente inviables. Alemania se desintegr\u00f3 en 300 principados. Con cada pa\u00eds gestionando su propia y costosa administraci\u00f3n, el costo de los servicios p\u00fablicos aument\u00f3 mucho m\u00e1s r\u00e1pido de lo que lo habr\u00eda hecho con una econom\u00eda devastada. Adem\u00e1s, el transporte de mercanc\u00edas se convirti\u00f3 en una pesadilla, ya que la carga en el Rin pod\u00eda viajar a trav\u00e9s de todo el r\u00edo.<\/span> <span>27 principados<\/span> <span>, lo que implicaba constantes controles aduaneros incluso para los pedidos m\u00e1s insignificantes. Con un comercio tan deteriorado y tanta pobreza, no es de extra\u00f1ar que Alemania permaneciera balcanizada durante siglos.<\/span><\/p>\n<h2> <span>6. El turbulento reinado de Fernando VII<\/span> <\/h2>\n<p><img loading=\"lazy\" decoding=\"async\" class=\"aligncenter size-full wp-image-81640\" src=\"https:\/\/imgist.ru\/wp-content\/uploads\/2023\/03\/10-sluchaev-v-istorii-kogda-obshhestva-regressirovali_64107e746fb2e.jpeg\" alt=\"\" width=\"640\" height=\"429\"><\/p>\n<p> <span>Pocos reinados han sido tan intensos como el de este rey espa\u00f1ol. El acontecimiento que le permiti\u00f3 ascender al trono de Espa\u00f1a en<\/span> <span>En 1808<\/span> <span>, La abdicaci\u00f3n de su predecesor, Carlos IV, conocida como la \u00abRevuelta de Aranjuez\u00bb, marc\u00f3 un punto de inflexi\u00f3n. Dado que Espa\u00f1a se encontraba bajo la invasi\u00f3n de Napole\u00f3n Bonaparte, quien fing\u00eda orquestar la Revoluci\u00f3n Francesa y transferir el poder mon\u00e1rquico al pueblo, Napole\u00f3n lo encarcel\u00f3 ese mismo a\u00f1o. Lo liber\u00f3 en 1814, cuando las tropas francesas se retiraron de Espa\u00f1a.<\/span><\/p>\n<p> <span>Mientras el rey estaba encarcelado, las fuerzas liberales e independientes de Espa\u00f1a adoptaron un nuevo sistema de gobierno conocido como la Constituci\u00f3n de C\u00e1diz.<\/span> <span>en 1812, que, entre otras reformas liberales, limitaba los poderes de la monarqu\u00eda. Fernando VII no ten\u00eda intenci\u00f3n de aprobar una constituci\u00f3n que limitara sus poderes recientemente restaurados y que previera el encarcelamiento o el exilio de los liberales que redactaron el documento. Para asegurar su poder, recurri\u00f3 cada vez m\u00e1s a<\/span> <span>reaccionario<\/span> <span>fuerzas, incluido su hermano Don Carlos.<\/span><\/p>\n<p> <span>Sin embargo, las fuerzas del progreso no fueron derrotadas para siempre y lograron un gran \u00e9xito en 1820 cuando el coronel Rafael Riego se uni\u00f3 a los constitucionalistas, dando inicio a una guerra civil que Fernando finaliz\u00f3 ese mismo a\u00f1o al ratificar la constituci\u00f3n. En 1822, Espa\u00f1a se sumi\u00f3 nuevamente en la guerra civil cuando las fuerzas realistas se alzaron para declarar a Fernando libre de la constituci\u00f3n que hab\u00eda firmado, lo que provoc\u00f3 la invasi\u00f3n del ej\u00e9rcito real franc\u00e9s en su apoyo. Los liberales declararon inv\u00e1lida la constituci\u00f3n en 1823, y Fernando volvi\u00f3 a exiliar o encarcelar a muchos de ellos. Al menos, esta situaci\u00f3n se mantuvo hasta 1830, cuando la falta de un heredero var\u00f3n lo llev\u00f3 a considerar a la princesa Isabel como su sucesora. Don Carlos se neg\u00f3, y estall\u00f3 una nueva guerra civil; esta vez, Fernando se vio obligado a regresar con los liberales, a quienes hab\u00eda perseguido durante a\u00f1os. Sus simpat\u00edas permanecieron con ellos hasta su muerte en 1833. Incluso hoy<\/span> <span>historiadores liberales<\/span> duramente criticado por el hecho de haber frenado repetidamente el progreso en Espa\u00f1a <span>.<\/span><\/p>\n<h2> <span>5. Pr\u00edncipe Metternich<\/span> <\/h2>\n<p><img loading=\"lazy\" decoding=\"async\" class=\"aligncenter size-full wp-image-81641\" src=\"https:\/\/imgist.ru\/wp-content\/uploads\/2023\/03\/10-sluchaev-v-istorii-kogda-obshhestva-regressirovali_64107e754a6be.jpeg\" alt=\"\" width=\"640\" height=\"429\"><\/p>\n<p> <span>En lo que respecta a los monarcas que intentaron contener el poder del pueblo en el siglo XIX, el pr\u00edncipe Klemens von Metternich es recordado tanto por mantener la paz en Europa despu\u00e9s de las guerras napole\u00f3nicas como por su extremo despotismo. Se convirti\u00f3 en Ministro de Asuntos Exteriores en 1809 y se centr\u00f3 en detener la expansi\u00f3n de los imperios ruso y otomano, as\u00ed como las instituciones democr\u00e1ticas, incluyendo la represi\u00f3n de levantamientos populares. Dichos levantamientos finalmente lo obligaron a dejar el cargo en 1848. Seg\u00fan libros como &quot;\u00ab<\/span> <i><span>&quot;Pan y democracia en Alemania&quot;\u00bb<\/span><\/i> Alexander Gerschenkron <i><span>,<\/span><\/i> <span>Metternich reconoci\u00f3 que, si bien la democracia inevitablemente se afianzar\u00eda en Europa tras acontecimientos trascendentales como la Revoluci\u00f3n Francesa, \u00e9l intentar\u00eda frenarla en la medida de lo posible.<\/span><\/p>\n<p> <span>Incluso en la d\u00e9cada de 1950, Metternich segu\u00eda siendo ampliamente condenado en Alemania y Austria.<\/span> <span>En las pel\u00edculas de ese per\u00edodo<\/span> <span>\u00c9l y su polic\u00eda secreta se infiltraron en festivales campesinos, tratando de prohibir el supuesto<\/span> <span>valses provocativos<\/span> <span>a favor del baile tradicional de polka. Como Metternich habr\u00eda reconocido, la gente a menudo no considera la paz un sustituto digno de la libertad.<\/span><\/p>\n<h2> <span>4. La derrota de los talibanes en Afganist\u00e1n<\/span> <\/h2>\n<p><img loading=\"lazy\" decoding=\"async\" class=\"aligncenter size-full wp-image-81642\" src=\"https:\/\/imgist.ru\/wp-content\/uploads\/2023\/03\/10-sluchaev-v-istorii-kogda-obshhestva-regressirovali_64107e761b70c.jpeg\" alt=\"\" width=\"640\" height=\"427\"><\/p>\n<p> <span>Las listas anteriores de TopTenz han mencionado que en la d\u00e9cada de 1950, Afganist\u00e1n era posiblemente el pa\u00eds m\u00e1s progresista de Oriente Medio, una narrativa que el general James Mattis utiliz\u00f3 en 2017 para intentar convencer al presidente Trump de que continuara la ocupaci\u00f3n estadounidense con la esperanza de que el pa\u00eds volviera a ese estado. Esto es bastante ir\u00f3nico, ya que resulta que las operaciones estadounidenses de la Guerra Fr\u00eda fueron la principal raz\u00f3n por la que Afganist\u00e1n se convirti\u00f3 en una teocracia musulmana. La creencia com\u00fan es que Estados Unidos comenz\u00f3 a apoyar a los muyahidines en un intento de prevenir una invasi\u00f3n sovi\u00e9tica. La verdad es que, incluso antes de que una sola bota sovi\u00e9tica pisara suelo afgano, Estados Unidos ya estaba enviando fondos a extremistas religiosos como<\/span> <span>Gulbuddin Hekmatyar<\/span> <span>, quienes perpetraron ataques con \u00e1cido contra mujeres afganas.<\/span><\/p>\n<p> <span>Para 1994, despu\u00e9s de haber derrotado al ej\u00e9rcito sovi\u00e9tico y contribuido al colapso de la Uni\u00f3n Sovi\u00e9tica, los talibanes se aliaron con el grupo respaldado por Estados Unidos.<\/span> <span>muyahidines<\/span> <span>. Para 1996 hab\u00edan capturado Kabul.<\/span> <span>creer<\/span> <span>administraciones de Bush y Obama<\/span> , lo que en los a\u00f1os posteriores condujo a la restricci\u00f3n de todo tipo de derechos civiles, especialmente para las mujeres. <span>Tras dos d\u00e9cadas de ocupaci\u00f3n estadounidense, desde 2002 hasta 2021, estos derechos finalmente no fueron restituidos.<\/span><\/p>\n<h2> <span>3. La Primera Guerra Mundial en Estados Unidos<\/span> <\/h2>\n<p><img loading=\"lazy\" decoding=\"async\" class=\"aligncenter size-large wp-image-81643\" src=\"https:\/\/imgist.ru\/wp-content\/uploads\/2023\/03\/10-sluchaev-v-istorii-kogda-obshhestva-regressirovali_64107e77100fd.jpeg\" alt=\"\" width=\"640\" height=\"436\"><\/p>\n<p> <span>El papel de Estados Unidos en la victoria de la guerra para acabar con todas las guerras para los Aliados a menudo eclipsa el impacto desastroso del acuerdo en el frente interno. A pesar de la campa\u00f1a del presidente Woodrow Wilson para evitar la participaci\u00f3n de Estados Unidos en la guerra, el gobierno estadounidense encarcel\u00f3 a<\/span> <span>agitadores antib\u00e9licos<\/span> <span>En virtud de la Ley de Espionaje, a pesar de la clara violaci\u00f3n de la Primera Enmienda, los arrestos fueron dirigidos sospechosamente contra los organizadores de la huelga. El sindicato Industrial Workers of the World fue un objetivo particular.,<\/span> <span>En septiembre de 1917, solo en el \u00e1rea de Chicago, 1.000 personas fueron enviadas a prisi\u00f3n.<\/span> a<span>100 miembros<\/span> . <span>El m\u00e1s famoso de todos los arrestos fue<\/span> <span>Senador Eugene V. Debs<\/span> <span>por atreverse a pronunciar un discurso en contra de la participaci\u00f3n de Estados Unidos en la guerra el 18 de junio de 1918, ante una audiencia en Canton, Ohio.<\/span><\/p>\n<p> <span>Adem\u00e1s, una ola de sentimiento antigerm\u00e1nico recorri\u00f3 el pa\u00eds. Si bien es bien sabido que el chucrut lleg\u00f3 a ser conocido como &quot;col de la libertad&quot;, adquiri\u00f3 formas mucho m\u00e1s graves, como el asesinato de inmigrantes como<\/span> <span>Robert Prager,<\/span> <span>en Collinsville, Illinois. Como resultado, muchos alemanes restaron importancia a su herencia hasta el punto de cambiar sus nombres y los nombres de sus comunidades. Este rechazo de la herencia alemana ayud\u00f3 a minimizar el papel desproporcionado que<\/span> <span>abolicionistas alemanes<\/span> <span>Desempe\u00f1\u00f3 un papel importante en la preservaci\u00f3n de la Uni\u00f3n durante la Guerra Civil, y dej\u00f3 un vac\u00edo que fue llenado por m\u00e1s propaganda a favor de la Confederaci\u00f3n, que blanque\u00f3 la guerra y sus consecuencias.<\/span><\/p>\n<h2> <span>2. Rep\u00fablica de Weimar<\/span> <\/h2>\n<p><img loading=\"lazy\" decoding=\"async\" class=\"aligncenter size-full wp-image-81644\" src=\"https:\/\/imgist.ru\/wp-content\/uploads\/2023\/03\/10-sluchaev-v-istorii-kogda-obshhestva-regressirovali_64107e7805f38.jpeg\" alt=\"\" width=\"640\" height=\"423\"><\/p>\n<p> <span>El ascenso del Tercer Reich ocupa un lugar tan central en la historia alemana que los a\u00f1os posteriores a la guerra de 1910 hasta la elecci\u00f3n de Hitler como Canciller del Reich en 1933 a menudo se pasan por alto. Despu\u00e9s de que el k\u00e1iser Guillermo II abdicara,<\/span> <span>Asamblea nacional<\/span> <span>Se reunieron en la ciudad de Weimar para redactar una nueva constituci\u00f3n y la ratificaron en febrero de 1919. Ese mismo a\u00f1o<\/span> fue ratificado en Alemania <span>sufragio femenino<\/span> <span>, y los sentimientos p\u00fablicos, como la tolerancia hacia los ciudadanos LGBT, comenzaron a fortalecerse. Se cre\u00f3 un sistema de seguridad social.<\/span><\/p>\n<p> <span>La Rep\u00fablica de Weimar tuvo la fortuna de heredar una econom\u00eda en apuros, y en 1923 la hiperinflaci\u00f3n amenaz\u00f3 la supervivencia del nuevo gobierno. Solo mediante la introducci\u00f3n de una nueva moneda, respaldada por Estados Unidos,<\/span> <span>marca de alquiler<\/span> <span>, La situaci\u00f3n se salv\u00f3 por un tiempo. Cuando la econom\u00eda estadounidense colaps\u00f3 en 1929, la econom\u00eda republicana se derrumb\u00f3 con ella, lo que permiti\u00f3 que los nazis accedieran al parlamento y destruy\u00f3 la mayor\u00eda de estos derechos civiles, aunque conserv\u00f3 un s\u00f3lido estado de bienestar.<\/span> <span>Para<\/span> <span>Supuestamente arios de pura raza.<\/span><\/p>\n<h2> <span>1. La ca\u00edda de la Uni\u00f3n Sovi\u00e9tica<\/span> <\/h2>\n<p><img loading=\"lazy\" decoding=\"async\" class=\"aligncenter size-full wp-image-81645\" src=\"https:\/\/imgist.ru\/wp-content\/uploads\/2023\/03\/10-sluchaev-v-istorii-kogda-obshhestva-regressirovali_64107e78ee092.png\" alt=\"\" width=\"640\" height=\"466\"><\/p>\n<p> <span>Art\u00edculos anteriores de TopTenz han detallado los horrores de la Uni\u00f3n Sovi\u00e9tica.<\/span> <span>Uni\u00f3n<\/span> <span>, Pero su colapso fue una terrible cat\u00e1strofe para millones de personas. Tras el \u00faltimo intento de golpe de Estado de Boris Yeltsin y su sustituci\u00f3n por Mija\u00edl Gorbachov en agosto de 1991, los comunistas sovi\u00e9ticos declararon oficialmente la disoluci\u00f3n de su sistema de gobierno en diciembre de 1991.<\/span><\/p>\n<p> <span>El resultado del surgimiento de 15 gobiernos en gran parte empobrecidos fue devastador para muchas vidas. La p\u00e9rdida de la atenci\u00f3n m\u00e9dica y el cambio hacia comidas caseras menos nutritivas significaron que para 1994, la esperanza de vida promedio para los hombres en Rusia hab\u00eda disminuido en un<\/span> <span>seis a\u00f1os<\/span> <span>, y mujeres, durante tres a\u00f1os.<\/span> <span>Los est\u00e1ndares de infraestructura han ca\u00eddo<\/span> <span>, La privatizaci\u00f3n priv\u00f3 a muchos ciudadanos de viviendas sociales y de un sentido de cohesi\u00f3n social. No es de extra\u00f1ar que una encuesta de 2018 encontrara que<\/span> <span>66% Rusos<\/span> <span>Siento nostalgia por el sistema sovi\u00e9tico.<\/span><\/p>\n<p> <i><span>Dustin Kosky se est\u00e1 preparando para la pr\u00f3xima gran p\u00e9rdida de progreso porque su novela de fantasmas postapocal\u00edptica &quot;\u00ab<\/span><\/i> <i><span>El regreso de los vivos&quot;\u00bb<\/span><\/i> <i><span>Probablemente lo acorralar\u00e1 contra la pared.<\/span><\/i><\/p>\n<\/p><\/div>","protected":false},"excerpt":{"rendered":"<p>Nos hemos acostumbrado bastante al modelo puramente hist\u00f3rico de la evoluci\u00f3n humana, desde individuos incivilizados, hambrientos y desesperados hasta los seres bien alimentados y civilizados que conocemos hoy. Hemos superado...<\/p>","protected":false},"author":1,"featured_media":13771,"comment_status":"open","ping_status":"closed","sticky":false,"template":"","format":"standard","meta":{"footnotes":""},"categories":[20],"tags":[],"class_list":["post-99195","post","type-post","status-publish","format-standard","has-post-thumbnail","hentry","category-interesnye-fakty","hvn-theme-has-thumbnail"],"_links":{"self":[{"href":"https:\/\/imgist.ru\/es\/wp-json\/wp\/v2\/posts\/99195","targetHints":{"allow":["GET"]}}],"collection":[{"href":"https:\/\/imgist.ru\/es\/wp-json\/wp\/v2\/posts"}],"about":[{"href":"https:\/\/imgist.ru\/es\/wp-json\/wp\/v2\/types\/post"}],"author":[{"embeddable":true,"href":"https:\/\/imgist.ru\/es\/wp-json\/wp\/v2\/users\/1"}],"replies":[{"embeddable":true,"href":"https:\/\/imgist.ru\/es\/wp-json\/wp\/v2\/comments?post=99195"}],"version-history":[{"count":0,"href":"https:\/\/imgist.ru\/es\/wp-json\/wp\/v2\/posts\/99195\/revisions"}],"wp:featuredmedia":[{"embeddable":true,"href":"https:\/\/imgist.ru\/es\/wp-json\/wp\/v2\/posts\/13771"}],"wp:attachment":[{"href":"https:\/\/imgist.ru\/es\/wp-json\/wp\/v2\/media?parent=99195"}],"wp:term":[{"taxonomy":"category","embeddable":true,"href":"https:\/\/imgist.ru\/es\/wp-json\/wp\/v2\/categories?post=99195"},{"taxonomy":"post_tag","embeddable":true,"href":"https:\/\/imgist.ru\/es\/wp-json\/wp\/v2\/tags?post=99195"}],"curies":[{"name":"wp","href":"https:\/\/api.w.org\/{rel}","templated":true}]}}