{"id":10407,"date":"2026-06-03T23:19:13","date_gmt":"2026-06-03T20:19:13","guid":{"rendered":"https:\/\/imgist.ru\/dzho-dzhonas-zayavil-chto-on-blagodaren-za-vozmozhnost-sovmestno-vospityvat-rebenka-s-sofi-terner\/"},"modified":"2026-06-03T23:19:13","modified_gmt":"2026-06-03T20:19:13","slug":"joe-jonas-a-declare-etre-reconnaissant-de-lopportunite-qui-lui-est-offerte-de-partager-la-garde-de-son-enfant-avec-sofie-turner","status":"publish","type":"post","link":"https:\/\/imgist.ru\/fr\/dzho-dzhonas-zayavil-chto-on-blagodaren-za-vozmozhnost-sovmestno-vospityvat-rebenka-s-sofi-terner\/","title":{"rendered":"Joe Jonas a d\u00e9clar\u00e9 \u00eatre \u00ab reconnaissant \u00bb de partager la garde de Sophie Turner."},"content":{"rendered":"<p>Joe Jonas parle de sa paternit\u00e9 dans une atmosph\u00e8re plus d\u00e9tendue que celle qui a entour\u00e9 sa s\u00e9paration d&#039;avec Sophie Turner.<\/p>\n<p> Lors d&#039;un \u00e9pisode du podcast iHeartRadio <em>Salut Jonas !<\/em> Le 2 juin, lors d&#039;une \u00e9mission qu&#039;il co-anime avec ses fr\u00e8res Nick et Kevin Jonas, le chanteur des Jonas Brothers a partag\u00e9 une information rare concernant la garde partag\u00e9e de leurs enfants avec Turner. Selon Us Weekly, Jonas s&#039;est d\u00e9crit comme un p\u00e8re c\u00e9libataire et a exprim\u00e9 sa gratitude de pouvoir partager les responsabilit\u00e9s parentales avec son ex-femme.<\/p>\n<p> Jonas et Turner ont deux filles, Willa, 5 ans, et Delphine, 3 ans. L&#039;ancien couple a finalis\u00e9 son divorce en 2024 apr\u00e8s une s\u00e9paration publique et un conflit concernant la garde des enfants.<\/p>\n<h2> Jonas a d\u00e9clar\u00e9 que ses filles lui avaient donn\u00e9 un but dans la vie.<\/h2>\n<p> \u00ab Je suis un p\u00e8re c\u00e9libataire et j&#039;\u00e9l\u00e8ve mes enfants avec leur m\u00e8re \u00bb, a d\u00e9clar\u00e9 Jonas dans le podcast, selon Us Weekly. \u00ab Je pense que mes enfants m&#039;ont donn\u00e9 un nouveau sens \u00e0 ma vie. \u00bb.<\/p>\n<p> Entertainment Weekly a rapport\u00e9 que Jonas a d\u00e9clar\u00e9 que ses filles sont d\u00e9sormais sa principale motivation. Il a expliqu\u00e9 qu&#039;il travaille dur lorsqu&#039;il est loin d&#039;elles afin de pouvoir profiter pleinement du temps pass\u00e9 avec elles.<\/p>\n<p> Jonas a \u00e9galement confi\u00e9 que les c\u00e2lins de ses filles pouvaient apaiser m\u00eame les moments les plus tristes de sa vie. Il ne consid\u00e9rait pas la paternit\u00e9 comme une raison de parler de divorce. Il la d\u00e9crivait comme un \u00e9l\u00e9ment essentiel de sa vie, un \u00e9quilibre qui lui permet de garder les pieds sur terre.<\/p>\n<h2> Il a d\u00e9clar\u00e9 \u00eatre reconnaissant envers Turner d&#039;\u00eatre son co-parent.<\/h2>\n<p> Le moment le plus marquant de cette mise \u00e0 jour a \u00e9t\u00e9 la fa\u00e7on dont Jonas a parl\u00e9 d&#039;\u00e9lever des enfants avec Turner.<\/p>\n<p> Selon Us Weekly, Jonas a d\u00e9clar\u00e9 \u00eatre reconnaissant d&#039;avoir une partenaire de coparentalit\u00e9 qui l&#039;aide \u00e0 traverser m\u00eame les moments difficiles. Il a \u00e9galement soulign\u00e9 l&#039;importance du soutien qui l&#039;a aid\u00e9 \u00e0 devenir p\u00e8re apr\u00e8s son divorce.<\/p>\n<p> Entertainment Weekly a not\u00e9 que Jonas avait d\u00e9j\u00e0 fait l&#039;\u00e9loge de Turner pour ses qualit\u00e9s de m\u00e8re, affirmant que leurs enfants avaient une \u00ab maman formidable \u00bb et qu&#039;il avait de la chance d&#039;\u00e9lever ses filles avec quelqu&#039;un qui faisait \u00e9galement passer leurs int\u00e9r\u00eats en premier.<\/p>\n<h2> Le divorce a d\u00e9but\u00e9 par un diff\u00e9rend concernant la garde des enfants.<\/h2>\n<p> Jonas a demand\u00e9 le divorce de Turner en septembre 2023 apr\u00e8s quatre ans de mariage.<\/p>\n<p> \u00c0 l&#039;\u00e9poque, les ex-\u00e9poux ont publi\u00e9 un communiqu\u00e9 conjoint annon\u00e7ant leur accord mutuel pour mettre fin \u00e0 leur mariage et demandant le respect de leur vie priv\u00e9e et de celle de leurs enfants. Le divorce s&#039;est rapidement compliqu\u00e9 lorsque les modalit\u00e9s de garde et de voyage de leurs filles ont \u00e9t\u00e9 rendues publiques.<\/p>\n<p> Il a \u00e9t\u00e9 rapport\u00e9 pr\u00e9c\u00e9demment qu&#039;en 2023, Turner avait intent\u00e9 une action en justice exigeant le retour de ses enfants en Angleterre, affirmant que Jonas avait confisqu\u00e9 leurs passeports. Jonas, par l&#039;interm\u00e9diaire de son repr\u00e9sentant, a ni\u00e9 ces all\u00e9gations.<\/p>\n<p> Le diff\u00e9rend s&#039;est ensuite rapproch\u00e9 d&#039;une r\u00e9solution. Selon People, Jonas et Turner sont parvenus \u00e0 un accord de garde temporaire en octobre 2023, et Turner a retir\u00e9 ses demandes en janvier 2024.<\/p>\n<h2> Ils ont par la suite adopt\u00e9 une approche plus pacifique de la coparentalit\u00e9.<\/h2>\n<p> En septembre 2024, le magazine People a rapport\u00e9 que Jonas et Turner avaient finalis\u00e9 leur divorce et se concentraient d\u00e9sormais sur l&#039;\u00e9ducation de leurs filles ensemble.<\/p>\n<p> Une source a d\u00e9clar\u00e9 \u00e0 la publication \u00e0 l&#039;\u00e9poque que l&#039;ancien couple avait \u00ab redress\u00e9 la situation \u00bb apr\u00e8s la pr\u00e9c\u00e9dente bataille pour la garde des enfants et se concentrait sur ce qui \u00e9tait le mieux pour Willa et Delphine.<\/p>\n<p> Turner s&#039;est \u00e9galement montr\u00e9e prudente quant \u00e0 l&#039;\u00e9ducation de ses enfants avec Jonas. Dans une interview accord\u00e9e \u00e0 British Vogue en 2024, cit\u00e9e par Entertainment Weekly, elle a d\u00e9clar\u00e9 que Jonas \u00e9tait un p\u00e8re formidable et qu&#039;ils faisaient de leur mieux.<\/p>\n<p> Les r\u00e9cents propos de Jonas dans le podcast vont dans le m\u00eame sens. Il n&#039;a pas insist\u00e9 sur la proc\u00e9dure judiciaire. Il a parl\u00e9 de son travail pendant l&#039;absence de ses filles, de l&#039;importance de ch\u00e9rir le temps pass\u00e9 avec elles et du fait qu&#039;il n&#039;a pas \u00e0 affronter seul les moments difficiles.<\/p>","protected":false},"excerpt":{"rendered":"<p>Joe Jonas s&#039;exprime sur la paternit\u00e9 dans une ambiance bien plus d\u00e9tendue que celle qui r\u00e9gnait suite \u00e0 sa s\u00e9paration avec Sophie Turner. C&#039;est le cas lors d&#039;un \u00e9pisode du podcast iHeartRadio Hey Jonas !\u2026<\/p>","protected":false},"author":1,"featured_media":10408,"comment_status":"open","ping_status":"closed","sticky":false,"template":"","format":"standard","meta":{"footnotes":""},"categories":[5],"tags":[],"class_list":["post-10407","post","type-post","status-publish","format-standard","has-post-thumbnail","hentry","category-selebriti","hvn-theme-has-thumbnail"],"_links":{"self":[{"href":"https:\/\/imgist.ru\/fr\/wp-json\/wp\/v2\/posts\/10407","targetHints":{"allow":["GET"]}}],"collection":[{"href":"https:\/\/imgist.ru\/fr\/wp-json\/wp\/v2\/posts"}],"about":[{"href":"https:\/\/imgist.ru\/fr\/wp-json\/wp\/v2\/types\/post"}],"author":[{"embeddable":true,"href":"https:\/\/imgist.ru\/fr\/wp-json\/wp\/v2\/users\/1"}],"replies":[{"embeddable":true,"href":"https:\/\/imgist.ru\/fr\/wp-json\/wp\/v2\/comments?post=10407"}],"version-history":[{"count":0,"href":"https:\/\/imgist.ru\/fr\/wp-json\/wp\/v2\/posts\/10407\/revisions"}],"wp:featuredmedia":[{"embeddable":true,"href":"https:\/\/imgist.ru\/fr\/wp-json\/wp\/v2\/media\/10408"}],"wp:attachment":[{"href":"https:\/\/imgist.ru\/fr\/wp-json\/wp\/v2\/media?parent=10407"}],"wp:term":[{"taxonomy":"category","embeddable":true,"href":"https:\/\/imgist.ru\/fr\/wp-json\/wp\/v2\/categories?post=10407"},{"taxonomy":"post_tag","embeddable":true,"href":"https:\/\/imgist.ru\/fr\/wp-json\/wp\/v2\/tags?post=10407"}],"curies":[{"name":"wp","href":"https:\/\/api.w.org\/{rel}","templated":true}]}}