{"id":10450,"date":"2026-06-03T23:59:32","date_gmt":"2026-06-03T20:59:32","guid":{"rendered":"https:\/\/imgist.ru\/nasa-obyavilo-o-gibeli-marsianskogo-kosmicheskogo-apparata-posle-togo-kak-on-vyshel-iz-pod-kontrolya\/"},"modified":"2026-08-29T12:05:00","modified_gmt":"2026-08-29T09:05:00","slug":"la-nasa-a-annonce-la-mort-de-son-vaisseau-spatial-martien-apres-quil-soit-devenu-incontrolable","status":"publish","type":"post","link":"https:\/\/imgist.ru\/fr\/nasa-obyavilo-o-gibeli-marsianskogo-kosmicheskogo-apparata-posle-togo-kak-on-vyshel-iz-pod-kontrolya\/","title":{"rendered":"La NASA a annonc\u00e9 la mort de sa sonde spatiale martienne apr\u00e8s qu&#039;elle soit devenue incontr\u00f4lable."},"content":{"rendered":"<p>La NASA a officiellement mis fin \u00e0 sa mission MAVEN apr\u00e8s plus de 11 ans en orbite autour de Mars, concluant ainsi des efforts novateurs pour \u00e9tudier la disparition de la majeure partie de l&#039;atmosph\u00e8re de la plan\u00e8te rouge. L&#039;agence spatiale a annonc\u00e9 mercredi 3 juin que les tentatives de r\u00e9tablissement du contact avec la sonde, suite \u00e0 une perte de communication inattendue en d\u00e9cembre, avaient \u00e9chou\u00e9, et que MAVEN (acronyme de Mars Atmosphere and Volatile Evolution) n&#039;\u00e9tait plus en mesure d&#039;assurer ses fonctions scientifiques ni de communication.<\/p>\n<p> L&#039;une des derni\u00e8res \u00e9tapes du travail de MAVEN consistait \u00e0 obtenir une image de 3I\/ATLAS, le troisi\u00e8me objet interstellaire d\u00e9couvert dans le syst\u00e8me solaire.<\/p>\n<h2> Qu&#039;est-ce que MAVEN ?<\/h2>\n<p> Lanc\u00e9e le 18 novembre 2013 par une fus\u00e9e Atlas V depuis la base de lancement de Cap Canaveral en Floride, MAVEN est arriv\u00e9e sur Mars le 22 septembre 2014. Premi\u00e8re mission d\u00e9di\u00e9e \u00e0 l&#039;\u00e9tude de la haute atmosph\u00e8re martienne et de son \u00e9volution, MAVEN \u00e9tait initialement pr\u00e9vue pour une dur\u00e9e d&#039;un an. Elle a finalement fonctionn\u00e9 pendant plus d&#039;une d\u00e9cennie au-del\u00e0 de sa dur\u00e9e de vie initialement pr\u00e9vue. <\/p>\n<p> Les aurores bor\u00e9ales visibles sur la face nocturne de Mars sont repr\u00e9sent\u00e9es en violet, telles que captur\u00e9es par l&#039;instrument Imaging Ultraviolet Spectrograph (IUSM) \u00e0 bord de la sonde MAVEN (Mars Atmosphere and Volatile Evolution) de la NASA.<\/p>\n<p> NASA\/Universit\u00e9 du Colorado\/LASP<\/p>\n<h2> MAVEN perd le contact avec la Terre<\/h2>\n<p> La sonde MAVEN a perdu le contact avec la Terre le 6 d\u00e9cembre 2025 et les ing\u00e9nieurs de la NASA n&#039;ont pas r\u00e9ussi \u00e0 la contacter depuis. La sonde n&#039;a pas pu r\u00e9tablir le contact lors de son passage au-del\u00e0 de Mars. Selon l&#039;agence, les donn\u00e9es t\u00e9l\u00e9m\u00e9triques re\u00e7ues avant cet \u00e9v\u00e9nement indiquaient que tous les syst\u00e8mes fonctionnaient normalement. Cependant, une analyse ult\u00e9rieure a r\u00e9v\u00e9l\u00e9 que la sonde est pass\u00e9e en mode de s\u00e9curit\u00e9 et a commenc\u00e9 \u00e0 tourner \u00e0 une vitesse anormalement \u00e9lev\u00e9e lorsqu&#039;elle est r\u00e9apparue dans le champ de vision de la Terre. La NASA a finalement conclu que cette rotation excessive a probablement \u00e9puis\u00e9 les batteries de MAVEN, provoquant ainsi une panne du syst\u00e8me de communication.<\/p>\n<h2> Recherches sur le climat de Mars men\u00e9es par MAVEN.<\/h2>\n<p> Les observations de MAVEN ont permis aux scientifiques de mieux comprendre comment le vent solaire et la m\u00e9t\u00e9orologie spatiale ont progressivement \u00e9rod\u00e9 l&#039;atmosph\u00e8re de Mars au fil des milliards d&#039;ann\u00e9es, transformant un monde potentiellement habitable en la plan\u00e8te froide et aride que nous connaissons aujourd&#039;hui. Ils ont \u00e9galement d\u00e9couvert que son atmosph\u00e8re disparaissait plus rapidement lors des fortes temp\u00eates solaires.<\/p>\n<p> \u00ab La mission MAVEN a v\u00e9ritablement fait progresser notre compr\u00e9hension de l&#039;atmosph\u00e8re martienne et de son \u00e9volution \u00bb, a d\u00e9clar\u00e9 Shannon Currie, responsable du projet MAVEN et chercheuse au Laboratoire de physique atmosph\u00e9rique et spatiale de l&#039;Universit\u00e9 du Colorado \u00e0 Boulder. \u00ab Notre \u00e9quipe scientifique est extr\u00eamement fi\u00e8re de toutes ces d\u00e9couvertes extraordinaires. \u00bb. <\/p>\n<p> La sonde spatiale MAVEN (Mars Atmosphere and Volatile Evolution) avant sa mise en place dans sa coiffe de protection en 2013. (Photo : HUM Images\/Universal Images Group via Getty Images)<\/p>\n<p> Hum Images\/Universal Images Group via Getty Images<\/p>\n<h2> Aurores bor\u00e9ales sur Mars<\/h2>\n<p> Parmi les r\u00e9alisations les plus importantes de MAVEN figure la d\u00e9couverte de nouveaux types d&#039;aurores martiennes. Contrairement aux aurores protoniques terrestres, qui se produisent principalement pr\u00e8s des p\u00f4les, ces ph\u00e9nom\u00e8nes lumineux atmosph\u00e9riques sont observ\u00e9s sur la majeure partie de la plan\u00e8te Mars. MAVEN a \u00e9galement \u00e9tudi\u00e9 les cons\u00e9quences de la temp\u00eate de poussi\u00e8re plan\u00e9taire de 2018, confirmant que de tels \u00e9v\u00e9nements peuvent propulser la vapeur d&#039;eau plus haut dans l&#039;atmosph\u00e8re et acc\u00e9l\u00e9rer la perte d&#039;eau dans l&#039;espace.<\/p>\n<h2> L&#039;h\u00e9ritage de MAVEN<\/h2>\n<p> Les donn\u00e9es recueillies par la sonde spatiale contribueront \u00e9galement aux futures missions habit\u00e9es vers Mars. \u00ab Les donn\u00e9es scientifiques obtenues par MAVEN sont essentielles pour d\u00e9terminer les mesures de radioprotection et de s\u00e9curit\u00e9 \u00e0 prendre avant d&#039;envoyer des humains sur Mars \u00bb, a d\u00e9clar\u00e9 Louise Procter, directrice de la Division des sciences plan\u00e9taires au si\u00e8ge de la NASA \u00e0 Washington. \u00ab Les donn\u00e9es recueillies par MAVEN continueront de fournir de pr\u00e9cieuses informations sur Mars pour les d\u00e9cennies \u00e0 venir. \u00bb.<\/p>\n<p> Il a \u00e9galement jou\u00e9 un r\u00f4le crucial dans le r\u00e9seau de relais de donn\u00e9es martien de la NASA, transmettant vers la Terre les donn\u00e9es des missions \u00e0 la surface de la plan\u00e8te, telles que les rovers Curiosity et Perseverance de la NASA.<\/p>\n<p> <em>Je vous souhaite un ciel d\u00e9gag\u00e9 et des yeux grands ouverts.<\/em><\/p>\n<p> <em>Cet article a \u00e9t\u00e9 initialement publi\u00e9 sur Forbes.com.<\/em><\/p>","protected":false},"excerpt":{"rendered":"<p>La NASA a officiellement mis fin \u00e0 sa mission MAVEN apr\u00e8s plus de 11 ans en orbite autour de Mars, concluant ainsi un effort novateur pour \u00e9tudier comment la plan\u00e8te rouge a perdu\u2026<\/p>","protected":false},"author":1,"featured_media":10451,"comment_status":"open","ping_status":"closed","sticky":false,"template":"","format":"standard","meta":{"footnotes":""},"categories":[2],"tags":[],"class_list":["post-10450","post","type-post","status-publish","format-standard","has-post-thumbnail","hentry","category-news","hvn-theme-has-thumbnail"],"_links":{"self":[{"href":"https:\/\/imgist.ru\/fr\/wp-json\/wp\/v2\/posts\/10450","targetHints":{"allow":["GET"]}}],"collection":[{"href":"https:\/\/imgist.ru\/fr\/wp-json\/wp\/v2\/posts"}],"about":[{"href":"https:\/\/imgist.ru\/fr\/wp-json\/wp\/v2\/types\/post"}],"author":[{"embeddable":true,"href":"https:\/\/imgist.ru\/fr\/wp-json\/wp\/v2\/users\/1"}],"replies":[{"embeddable":true,"href":"https:\/\/imgist.ru\/fr\/wp-json\/wp\/v2\/comments?post=10450"}],"version-history":[{"count":2,"href":"https:\/\/imgist.ru\/fr\/wp-json\/wp\/v2\/posts\/10450\/revisions"}],"predecessor-version":[{"id":154251,"href":"https:\/\/imgist.ru\/fr\/wp-json\/wp\/v2\/posts\/10450\/revisions\/154251"}],"wp:featuredmedia":[{"embeddable":true,"href":"https:\/\/imgist.ru\/fr\/wp-json\/wp\/v2\/media\/10451"}],"wp:attachment":[{"href":"https:\/\/imgist.ru\/fr\/wp-json\/wp\/v2\/media?parent=10450"}],"wp:term":[{"taxonomy":"category","embeddable":true,"href":"https:\/\/imgist.ru\/fr\/wp-json\/wp\/v2\/categories?post=10450"},{"taxonomy":"post_tag","embeddable":true,"href":"https:\/\/imgist.ru\/fr\/wp-json\/wp\/v2\/tags?post=10450"}],"curies":[{"name":"wp","href":"https:\/\/api.w.org\/{rel}","templated":true}]}}