{"id":10562,"date":"2026-06-04T00:20:09","date_gmt":"2026-06-03T21:20:09","guid":{"rendered":"https:\/\/imgist.ru\/aleks-kuper-rasskazala-o-samoj-slozhnoj-chasti-svoego-pervogo-trimestra-beremennosti\/"},"modified":"2026-08-29T11:49:49","modified_gmt":"2026-08-29T08:49:49","slug":"alex-cooper-sest-confiee-sur-la-periode-la-plus-difficile-de-son-premier-trimestre-de-grossesse","status":"publish","type":"post","link":"https:\/\/imgist.ru\/fr\/aleks-kuper-rasskazala-o-samoj-slozhnoj-chasti-svoego-pervogo-trimestra-beremennosti\/","title":{"rendered":"Alex Cooper s&#039;est confi\u00e9e sur la \u00ab partie la plus difficile \u00bb de son premier trimestre de grossesse."},"content":{"rendered":"<h3>\u00c0 SAVOIR<\/h3>\n<ul>\n<li>\n<p> Alex Cooper s&#039;est confi\u00e9e sur le premier trimestre de sa grossesse dans une publication Instagram le 3 juin.<\/p>\n<\/li>\n<li>\n<p> \u00ab Je me sens tellement mal \u00bb, a d\u00e9clar\u00e9 Cooper dans une ancienne vid\u00e9o datant du d\u00e9but de sa grossesse. \u00ab Tout me para\u00eet tellement d\u00e9go\u00fbtant. \u00bb.<\/p>\n<\/li>\n<li>\n<p> Cooper avait annonc\u00e9 sa grossesse avec son mari Matt Kaplan en mai dernier.<\/p>\n<\/li>\n<\/ul>\n<p> Alex Cooper s&#039;est confi\u00e9e sur sa grossesse.<\/p>\n<p> Dans une vid\u00e9o enregistr\u00e9e pr\u00e9c\u00e9demment et film\u00e9e durant son premier trimestre de grossesse, l&#039;animatrice de podcast de 31 ans <em>Appelle-la papa<\/em> Elle a parl\u00e9 des naus\u00e9es qu&#039;elle ressentait et de la difficult\u00e9 qu&#039;elle \u00e9prouvait \u00e0 ne pas partager la bonne nouvelle.<\/p>\n<p> \u00ab Je me sens tellement mal \u00bb, a d\u00e9clar\u00e9 Cooper \u00e0 ses abonn\u00e9s depuis un voyage d&#039;affaires dans une vid\u00e9o qu&#039;elle a publi\u00e9e sur Instagram le 3 juin. \u00ab Tout me para\u00eet tellement d\u00e9go\u00fbtant. \u00bb.<\/p>\n<p> Elle a ajout\u00e9 que le seul aliment qu&#039;elle pouvait manger r\u00e9guli\u00e8rement \u00e9tait un bonbon acidul\u00e9.<\/p>\n<p> \u00ab Je dirais aussi que l&#039;une des choses les plus difficiles du premier trimestre, c&#039;est de ne rien dire \u00e0 personne \u00bb, a-t-elle poursuivi. \u00ab J&#039;ai juste envie de me plaindre, de dire : &quot;Je me sens si mal&quot;, mais \u00e9videmment, je ne peux pas, car j&#039;essaie de ne rien dire \u00e0 personne le plus longtemps possible. \u201e.<\/p>\n<p> Cooper, qui avait annonc\u00e9 sa grossesse avec son mari Matt Kaplan en mai dernier, a ajout\u00e9 qu&#039;il lui \u00e9tait difficile de garder le secret car elle \u00ab aime se plaindre et compatir \u00bb. <\/p>\n<p> Alex Cooper et Matt Kaplan. Photo : Alex Cooper\/Instagram<\/p>\n<p> \u00ab J&#039;envoie des textos \u00e0 Matt pendant les r\u00e9unions \u201e, a-t-elle dit. \u201c Il me demande : &quot;Comment te sens-tu ?&quot; Et je r\u00e9ponds : &quot;Je vais mourir.&quot; Et il me dit : &quot;Je t&#039;aime tellement, ch\u00e9rie.&quot; \u201e.<\/p>\n<p> Plus t\u00f4t ce mois-ci, Cooper a partag\u00e9 les premi\u00e8res photos de son ventre arrondi dans une publication Instagram, r\u00e9v\u00e9lant en l\u00e9gende certaines de ses envies alimentaires de grossesse.<\/p>\n<p> \u00ab Parlez-moi de vos envies alimentaires pendant la grossesse \ud83d\udc40 parce que les beignets et In-N-Out me rendent accro \u00bb, a \u00e9crit la c\u00e9l\u00e9brit\u00e9 d&#039;Internet.<\/p>\n<p> L&#039;annonce de la grossesse de Cooper en mai est survenue quelques semaines apr\u00e8s un article explosif de Bloomberg News concernant son entreprise et celle de Kaplan, Trending, qui affirmait que Kaplan criait \u00ab fr\u00e9quemment \u00bb sur ses employ\u00e9s, selon \u00ab des personnes connaissant bien le fonctionnement de l&#039;entreprise \u00bb. <\/p>\n<p> Alex Cooper. Photo : Alex Cooper\/Instagram<\/p>\n<p> Le rapport affirmait \u00e9galement que, pendant que la soci\u00e9t\u00e9 produisait une s\u00e9rie originale pour YouTube, YouTube <em>\u00abJeux d&#039;hiver maladifs\u00bb<\/em> Plus t\u00f4t cette ann\u00e9e, Kaplan aurait insult\u00e9 des membres de l&#039;\u00e9quipe sur le plateau et menac\u00e9 de les interdire d\u00e9finitivement de travailler \u00e0 Hollywood, ce qui a provoqu\u00e9 les larmes d&#039;un membre de l&#039;\u00e9quipe. (Le repr\u00e9sentant de Cooper n&#039;a pas r\u00e9pondu \u00e0 la demande de commentaires de PEOPLE concernant ces all\u00e9gations.)<\/p>\n<p> <strong>Ne manquez aucune actualit\u00e9 - abonnez-vous \u00e0<\/strong> <strong>newsletter quotidienne gratuite PEOPLE<\/strong> <strong>, pour rester au courant des meilleures actualit\u00e9s de PEOPLE, des nouvelles des c\u00e9l\u00e9brit\u00e9s aux histoires humaines les plus touchantes.<\/strong><\/p>\n<p> Au moment de l&#039;annonce de la grossesse du couple, une source proche de Cooper a d\u00e9clar\u00e9 \u00e0 PEOPLE que toutes les \u00ab rumeurs de tension \u00bb dans leur mariage \u00e9taient \u00ab fausses \u00bb.<\/p>\n<p> \u00ab Ils sont ravis de cette nouvelle \u00e9tape de leur vie \u00bb, a ajout\u00e9 la source \u00e0 propos de Cooper et Kaplan. \u00ab Ils ont essay\u00e9 de garder le secret le plus longtemps possible. \u00bb.<\/p>\n<p> Lisez l&#039;article original sur People.<\/p>","protected":false},"excerpt":{"rendered":"<p>\u00c0 SAVOIR : Alex Cooper s&#039;est confi\u00e9e sur son premier trimestre de grossesse dans une publication Instagram le 3 juin. \u00ab J&#039;ai des naus\u00e9es terribles \u00bb, a-t-elle d\u00e9clar\u00e9 dans une ancienne publication\u2026<\/p>","protected":false},"author":1,"featured_media":10563,"comment_status":"open","ping_status":"closed","sticky":false,"template":"","format":"standard","meta":{"footnotes":""},"categories":[5],"tags":[],"class_list":["post-10562","post","type-post","status-publish","format-standard","has-post-thumbnail","hentry","category-selebriti","hvn-theme-has-thumbnail"],"_links":{"self":[{"href":"https:\/\/imgist.ru\/fr\/wp-json\/wp\/v2\/posts\/10562","targetHints":{"allow":["GET"]}}],"collection":[{"href":"https:\/\/imgist.ru\/fr\/wp-json\/wp\/v2\/posts"}],"about":[{"href":"https:\/\/imgist.ru\/fr\/wp-json\/wp\/v2\/types\/post"}],"author":[{"embeddable":true,"href":"https:\/\/imgist.ru\/fr\/wp-json\/wp\/v2\/users\/1"}],"replies":[{"embeddable":true,"href":"https:\/\/imgist.ru\/fr\/wp-json\/wp\/v2\/comments?post=10562"}],"version-history":[{"count":2,"href":"https:\/\/imgist.ru\/fr\/wp-json\/wp\/v2\/posts\/10562\/revisions"}],"predecessor-version":[{"id":149105,"href":"https:\/\/imgist.ru\/fr\/wp-json\/wp\/v2\/posts\/10562\/revisions\/149105"}],"wp:featuredmedia":[{"embeddable":true,"href":"https:\/\/imgist.ru\/fr\/wp-json\/wp\/v2\/media\/10563"}],"wp:attachment":[{"href":"https:\/\/imgist.ru\/fr\/wp-json\/wp\/v2\/media?parent=10562"}],"wp:term":[{"taxonomy":"category","embeddable":true,"href":"https:\/\/imgist.ru\/fr\/wp-json\/wp\/v2\/categories?post=10562"},{"taxonomy":"post_tag","embeddable":true,"href":"https:\/\/imgist.ru\/fr\/wp-json\/wp\/v2\/tags?post=10562"}],"curies":[{"name":"wp","href":"https:\/\/api.w.org\/{rel}","templated":true}]}}