{"id":10639,"date":"2026-06-04T01:13:51","date_gmt":"2026-06-03T22:13:51","guid":{"rendered":"https:\/\/imgist.ru\/rejchel-meddou-priglasila-skotta-pelli-na-svoe-shou-posle-ego-uvolneniya\/"},"modified":"2026-08-29T12:05:12","modified_gmt":"2026-08-29T09:05:12","slug":"rachel-meddow-a-invite-scott-pelli-a-son-emission-apres-son-licenciement","status":"publish","type":"post","link":"https:\/\/imgist.ru\/fr\/rejchel-meddou-priglasila-skotta-pelli-na-svoe-shou-posle-ego-uvolneniya\/","title":{"rendered":"Rachel Maddow a invit\u00e9 Scott Pelley dans son \u00e9mission apr\u00e8s son licenciement."},"content":{"rendered":"<p>H\u00f4te MS NOW <strong>Rachel Maddow<\/strong> soutenu par le public <strong>Scott Pelley<\/strong> apr\u00e8s que CBS a annonc\u00e9 le licenciement du journaliste chevronn\u00e9 le 2 juin. S&#039;exprimant ce soir-l\u00e0 lors de la couverture des primaires par MSNBC, Maddow a d\u00e9clar\u00e9 qu&#039;elle esp\u00e9rait que Pelley serait \u00ab juste ici \u00bb, en r\u00e9f\u00e9rence \u00e0 MSNBC.<\/p>\n<p> Maddow a comment\u00e9 son licenciement en direct \u00e0 l&#039;antenne, en lisant des extraits d&#039;une lettre de d\u00e9mission envoy\u00e9e par le nouveau producteur ex\u00e9cutif de l&#039;\u00e9mission. <em>\u00ab60 minutes\u00bb<\/em> <strong>Nick Bilton<\/strong> . Dans sa lettre, Bilton accusait Pelley d\u2019avoir tendu une \u00ab embuscade \u00bb et \u00ab perturb\u00e9 \u00bb une r\u00e9union du personnel afin de le \u00ab d\u00e9nigrer \u00bb.<\/p>\n<p> Maddow a d\u00e9crit la nomination de Bilton comme \u00ab une sorte de prise de contr\u00f4le oligarchique flagrante, \u00e0 la hongroise, de cette organisation de presse \u00bb, ajoutant qu&#039;elle prenait la comparaison \u00ab tout \u00e0 fait au s\u00e9rieux \u00bb. <\/p>\n<p> Nick Bilton n&#039;est pas un v\u00e9t\u00e9ran de la t\u00e9l\u00e9vision, et sa nomination \u00e0 la pr\u00e9sentation de \u00ab\u00a060 Minutes\u00a0\u00bb a imm\u00e9diatement suscit\u00e9 la controverse. Auteur\u00a0: Rich Roll \/ YouTube<\/p>\n<p> \u00ab Personne ne comprend mieux la valeur de la libert\u00e9 de la presse que ceux qui tentent de la supprimer \u00bb, a d\u00e9clar\u00e9 Maddow. \u00ab Lorsqu&#039;un pr\u00e9sident d\u00e9clare ouvertement : &quot;Je vais utiliser le pouvoir de l&#039;\u00c9tat pour imposer ma vision des m\u00e9dias&quot;, et qu&#039;il s&#039;appuie sur ses amis de l&#039;\u00e9lite oligarchique pour y parvenir, il n&#039;y a plus aucun pr\u00e9texte. Rien ne permet de pr\u00e9tendre que ses motivations sont autres. \u201e. <\/p>\n<p> Maddow a d\u00e9clar\u00e9 esp\u00e9rer que Pelley \u00ab\u00a0sera \u00e0 la t\u00e9l\u00e9vision demain\u00a0\u00bb et continuera de d\u00e9fendre la libert\u00e9 de la presse. Auteur\u00a0: William T. Wade Jr. \/ \u00a92013 RAMEY PHOTO \/ MEGA<\/p>\n<p> Maddow a clairement indiqu\u00e9 qu&#039;elle souhaitait que Pelley reste \u00e0 la t\u00e9l\u00e9vision.<\/p>\n<p> \u00ab J\u2019esp\u00e8re qu\u2019il sera \u00e0 la t\u00e9l\u00e9vision demain \u00bb, a-t-elle d\u00e9clar\u00e9. \u00ab Et j\u2019esp\u00e8re que tous les journalistes et tous ceux qui ch\u00e9rissent la libert\u00e9 de la presse trouveront des moyens de d\u00e9jouer ceux qui tentent de nous priver de cette libert\u00e9. \u00bb.<\/p>\n<p> Elle a ajout\u00e9 : \u00ab Mais \u00e0 ce stade, c&#039;est une v\u00e9ritable bagarre. Et rien ne permet de croire qu&#039;il se passait autre chose. \u00bb.<\/p>\n<h2> Weiss commente le d\u00e9part de Pelley.<\/h2>\n<p> Le lendemain matin <strong>Bari Weiss<\/strong> a d\u00e9clar\u00e9 aux employ\u00e9s de CBS que \u00ab malgr\u00e9 nos efforts pour contacter Scott Pelley et trouver un moyen de reprendre notre collaboration, nous n&#039;avons malheureusement pas pu le faire et avons donc d\u00fb nous s\u00e9parer. \u00bb.<\/p>\n<p> Pelley a ni\u00e9 cette affirmation.<\/p>\n<p> \u00ab Bari Weiss sait que ce qu&#039;elle a dit est faux. Lors de la r\u00e9union de mardi, o\u00f9 j&#039;ai \u00e9t\u00e9 de fait licenci\u00e9, il n&#039;y a eu aucune tentative pour &quot;trouver une solution de repli&quot;, comme l&#039;a affirm\u00e9 Weiss lors de la r\u00e9union de r\u00e9daction \u201e, a-t-il d\u00e9clar\u00e9. <em>Le journal New York Times<\/em> . \u00ab Personne, lors de la r\u00e9union de mardi, n&#039;a sugg\u00e9r\u00e9 \u00e0 aucun moment que l&#039;une ou l&#039;autre des parties pourrait prendre des mesures susceptibles de mener \u00e0 un r\u00e8glement du conflit. \u00bb.<\/p>\n<h2> D\u00e9claration de Pelley<\/h2>\n<p> Dans une d\u00e9claration suite \u00e0 son licenciement, Pelley a accus\u00e9 les nouveaux propri\u00e9taires de CBS de privil\u00e9gier les liens politiques au d\u00e9triment de l&#039;\u00e9thique journalistique.<\/p>\n<p> \u00ab Quant \u00e0 moi, la nouvelle direction m&#039;a charg\u00e9 d&#039;introduire des mensonges et des pr\u00e9jug\u00e9s dans une affaire politiquement sensible \u00bb, a d\u00e9clar\u00e9 Pelley. \u00ab On m&#039;a demand\u00e9 d&#039;y inclure des all\u00e9gations non fond\u00e9es. \u00bb. <\/p>\n<p> Le \u00ab Late Show \u00bb de Stephen Colbert a \u00e9t\u00e9 annul\u00e9 par CBS quelques semaines seulement avant le licenciement de Pelley\u00a0; Colbert \u00e9tait \u00e9galement un critique virulent de Trump durant son passage \u00e0 l\u2019\u00e9mission. Auteur\u00a0: Jeffrey Mayer\/JTMPhotos, Int\u2019l. \/ MEGA<\/p>\n<p> Il a \u00e9galement li\u00e9 son licenciement au climat politique entourant la soci\u00e9t\u00e9 m\u00e8re CBS. <\/p>\n<p> Lesley Stahl aurait \u00e9t\u00e9 \u00e9cart\u00e9e de l&#039;interview par Weiss lorsque l&#039;entretien avec Benjamin Netanyahu a \u00e9t\u00e9 confi\u00e9 au correspondant de CBS, Major Garrett. Photo\u00a0: JLN Photography\/WENN.com \/ MEGA<\/p>\n<p> \u00ab Le nouveau propri\u00e9taire de notre cha\u00eene abandonne d\u00e9sormais ce r\u00e9cit, apparemment pour s&#039;attirer les faveurs de l&#039;administration Trump. C&#039;est tout simplement d\u00e9solant \u00bb, a-t-il \u00e9crit.<\/p>\n<p> Pelley a affirm\u00e9 que <em>Programme de 60 minutes\u00ab<\/em> Elle a perdu son identit\u00e9 apr\u00e8s le licenciement, sans explication, de sa direction et de deux correspondants de renom.<\/p>\n<p> \u00ab Apr\u00e8s 37 ans \u00e0 CBS, je quitte l&#039;entreprise avec un seul sentiment : un c\u0153ur d\u00e9bordant de gratitude envers les hommes et les femmes de CBS News qui ont soutenu et enrichi mon travail, souvent au p\u00e9ril de leur vie \u00bb, a-t-il d\u00e9clar\u00e9.<\/p>\n<h2> Le lien Maddow-Pelley<\/h2>\n<p> Maddow et Pelley partagent un lien important au sein de la communaut\u00e9 journalistique. Toutes deux ont re\u00e7u le prix Walter Cronkite 2025 pour l&#039;excellence en journalisme politique et ont assist\u00e9 \u00e0 la c\u00e9r\u00e9monie du 12 d\u00e9cembre au National Press Club \u00e0 Washington, D.C.<\/p>\n<p> Pelley a \u00e9t\u00e9 reconnu pour son segment \u00ab\u00a0\u00c9tat de droit\u00a0\u00bb dans l&#039;\u00e9mission \u00ab\u00a0\u00ab <em>60 minutes<\/em> \u00bb&quot;, et l&#039;\u00e9mission de Maddow a remport\u00e9 un prix pour le segment &quot;Tout, partout, tout \u00e0 la fois&quot;.<\/p>","protected":false},"excerpt":{"rendered":"<p>Rachel Maddow, pr\u00e9sentatrice de l&#039;\u00e9mission MS NOW, a publiquement apport\u00e9 son soutien \u00e0 Scott Pelley apr\u00e8s l&#039;annonce, le 2 juin, du licenciement du journaliste chevronn\u00e9 par CBS. Elle s&#039;exprimait ce soir-l\u00e0\u2026<\/p>","protected":false},"author":1,"featured_media":10640,"comment_status":"open","ping_status":"closed","sticky":false,"template":"","format":"standard","meta":{"footnotes":""},"categories":[6],"tags":[],"class_list":["post-10639","post","type-post","status-publish","format-standard","has-post-thumbnail","hentry","category-kinoindustriya","hvn-theme-has-thumbnail"],"_links":{"self":[{"href":"https:\/\/imgist.ru\/fr\/wp-json\/wp\/v2\/posts\/10639","targetHints":{"allow":["GET"]}}],"collection":[{"href":"https:\/\/imgist.ru\/fr\/wp-json\/wp\/v2\/posts"}],"about":[{"href":"https:\/\/imgist.ru\/fr\/wp-json\/wp\/v2\/types\/post"}],"author":[{"embeddable":true,"href":"https:\/\/imgist.ru\/fr\/wp-json\/wp\/v2\/users\/1"}],"replies":[{"embeddable":true,"href":"https:\/\/imgist.ru\/fr\/wp-json\/wp\/v2\/comments?post=10639"}],"version-history":[{"count":4,"href":"https:\/\/imgist.ru\/fr\/wp-json\/wp\/v2\/posts\/10639\/revisions"}],"predecessor-version":[{"id":154378,"href":"https:\/\/imgist.ru\/fr\/wp-json\/wp\/v2\/posts\/10639\/revisions\/154378"}],"wp:featuredmedia":[{"embeddable":true,"href":"https:\/\/imgist.ru\/fr\/wp-json\/wp\/v2\/media\/10640"}],"wp:attachment":[{"href":"https:\/\/imgist.ru\/fr\/wp-json\/wp\/v2\/media?parent=10639"}],"wp:term":[{"taxonomy":"category","embeddable":true,"href":"https:\/\/imgist.ru\/fr\/wp-json\/wp\/v2\/categories?post=10639"},{"taxonomy":"post_tag","embeddable":true,"href":"https:\/\/imgist.ru\/fr\/wp-json\/wp\/v2\/tags?post=10639"}],"curies":[{"name":"wp","href":"https:\/\/api.w.org\/{rel}","templated":true}]}}