{"id":10647,"date":"2026-06-04T01:14:46","date_gmt":"2026-06-03T22:14:46","guid":{"rendered":"https:\/\/imgist.ru\/uvolnenie-skotta-pelli-vyzvalo-volnu-vozmushheniya\/"},"modified":"2026-08-29T12:05:19","modified_gmt":"2026-08-29T09:05:19","slug":"le-licenciement-de-scott-pelli-a-suscite-lindignation","status":"publish","type":"post","link":"https:\/\/imgist.ru\/fr\/uvolnenie-skotta-pelli-vyzvalo-volnu-vozmushheniya\/","title":{"rendered":"Le licenciement de Scott Pelley a suscit\u00e9 l&#039;indignation."},"content":{"rendered":"<p>CBS News a licenci\u00e9 un v\u00e9t\u00e9ran <em>Programmes de 60 minutes\u00ab<\/em> <strong>Scott Pelley<\/strong> Le mardi 2 juin, au lendemain d&#039;une altercation avec le nouveau producteur ex\u00e9cutif de l&#039;\u00e9mission lors d&#039;une r\u00e9union houleuse avec le personnel, Pelley a rejoint CBS en 1989 en tant que correspondant. <em>\u00ab60 minutes\u00bb<\/em> en 2004.<\/p>\n<p> CBS a d\u00e9clar\u00e9 que Pelley avait \u00e9t\u00e9 licenci\u00e9 pour faute grave, ce qui a aliment\u00e9 les sp\u00e9culations des analystes des m\u00e9dias quant \u00e0 la possibilit\u00e9 qu&#039;il intente un proc\u00e8s \u00e0 la cha\u00eene. <\/p>\n<p> Bari Weiss a \u00e9t\u00e9 critiqu\u00e9e par ses coll\u00e8gues pour avoir op\u00e9r\u00e9 des changements \u00e9ditoriaux radicaux apr\u00e8s son d\u00e9part de Paramount. Auteur\u00a0: Real Time with Bill Maher \/ YouTube<\/p>\n<h2> R\u00e9actions des commentateurs<\/h2>\n<p> <strong>Tim Miller<\/strong> Le journal The Bulwark a averti que le d\u00e9part de Pelley pourrait radicalement changer le programme. <em>\u00ab60 minutes\u00bb<\/em> , faisant valoir que sans un correspondant de son calibre pr\u00eat \u00e0 prendre sa place, l&#039;\u00e9mission risque de devenir un programme matinal du dimanche sans int\u00e9r\u00eat.<\/p>\n<p> Commentateur lib\u00e9ral <strong>Harry Sissen<\/strong> Il a f\u00e9licit\u00e9 Pelley pour sa r\u00e9sistance face \u00e0 ce qu&#039;il a qualifi\u00e9 de tentatives de sabotage du programme. Il a \u00e9galement exprim\u00e9 sa gratitude aux correspondants qui quittaient l&#039;\u00e9mission. <strong>Anderson Cooper<\/strong> , <strong>Sharyn Alfonsi<\/strong> \u0438 <strong>Cecilia Vega<\/strong> . <\/p>\n<p> Anderson Cooper, qui a quitt\u00e9 \u00ab\u00a060 Minutes\u00a0\u00bb apr\u00e8s pr\u00e8s de vingt ans, reste \u00e0 CNN en tant que pr\u00e9sentateur vedette. Auteur\u00a0: Joseph Marzullo \/ WENN.com \/ MEGA<\/p>\n<p> <strong>Clay Travis<\/strong> L&#039;avis d&#039;OutKick \u00e9tait plus sarcastique, sugg\u00e9rant que le statut et le salaire de Pelley dans les m\u00e9dias traditionnels appartenaient \u00e0 une \u00e9poque r\u00e9volue.<\/p>\n<p> <strong>Megyn Kelly<\/strong> ont raill\u00e9 la longueur et le ton de la lettre de d\u00e9mission de Bilton, ainsi que son producteur <strong>Steve Krakauer<\/strong> \u00c0 l&#039;instar d&#039;autres conservateurs, il s&#039;est f\u00e9licit\u00e9 du d\u00e9part de Pelley.<\/p>\n<h2> Que s&#039;est-il pass\u00e9 lors de la r\u00e9union du personnel\u00a0?<\/h2>\n<p> Lors de l&#039;assembl\u00e9e g\u00e9n\u00e9rale des employ\u00e9s du programme <em>\u00ab60 minutes,<\/em> Lors de l&#039;audience tenue le lundi 1er juin, Pelley a accus\u00e9 le r\u00e9dacteur en chef de CBS News. <strong>Bari Weiss<\/strong> en \u00ab d\u00e9truisant le programme \u00bb et a d\u00e9clar\u00e9 que le producteur ex\u00e9cutif <strong>Nick Bilton<\/strong> \u00abIl \u00bb\u00a0poss\u00e8de des qualifications limit\u00e9es\u00a0\u00bb pour le poste. La r\u00e9union \u00e9tait une r\u00e9union de pr\u00e9sentation pour les employ\u00e9s afin qu&#039;ils puissent faire connaissance avec Bilton lors de son premier jour. <\/p>\n<p> Nick Bilton est surtout connu pour sa carri\u00e8re de journaliste sp\u00e9cialis\u00e9 dans les technologies au New York Times et comme r\u00e9dacteur ind\u00e9pendant pour Vanity Fair, mais il n&#039;a aucune exp\u00e9rience pr\u00e9alable \u00e0 des postes de direction dans l&#039;information t\u00e9l\u00e9vis\u00e9e. Auteur\u00a0: Rich Roll \/ YouTube<\/p>\n<p> Pelley a \u00e9galement vivement critiqu\u00e9 le licenciement de plusieurs employ\u00e9s du programme. <em>\u00ab60 minutes\u00bb<\/em> la semaine derni\u00e8re, notamment les correspondants Alfonsi et Vega, ainsi que le producteur ex\u00e9cutif <strong>Tanya Simon<\/strong> . Il a qualifi\u00e9 ces changements de personnel de \u00ab Jeudi noir \u00bb.<\/p>\n<p> Une autre source a d\u00e9crit le comportement de Pelley comme grossier et non professionnel, un avis partag\u00e9 par l&#039;adjoint de Weiss., <strong>Charles Forell,<\/strong> pendant la r\u00e9union.<\/p>\n<p> Des rapports contradictoires ont r\u00e9v\u00e9l\u00e9 de profondes divisions au sein du programme. <em>\u00ab60 minutes\u00bb<\/em> , des tensions qui se sont intensifi\u00e9es sur fond de craintes que Paramount, la soci\u00e9t\u00e9 m\u00e8re de CBS, tente de gagner le soutien du pr\u00e9sident <strong>Donald Trump<\/strong> .<\/p>\n<h2> Contexte corporatif et politique<\/h2>\n<p> En d\u00e9cembre 2025, Weiss a \u00e9t\u00e9 critiqu\u00e9e pour avoir retir\u00e9 le reportage d&#039;Alfonsi sur la m\u00e9gaprison CECOT au Salvador quelques heures seulement avant sa diffusion pr\u00e9vue. Le reportage a fuit\u00e9 en ligne le lendemain et a finalement \u00e9t\u00e9 diffus\u00e9 en janvier 2026, avec des commentaires suppl\u00e9mentaires de l&#039;administration Trump.<\/p>\n<p> En 2024, Trump a intent\u00e9 un proc\u00e8s \u00e0 CBS au sujet de cette interview. <strong>Kamala Harris<\/strong> dans le programme <em>\u00ab60 minutes\u00bb<\/em> . Bien que de nombreux avocats aient qualifi\u00e9 la plainte de sans fondement, l&#039;ancienne direction de Paramount a choisi de r\u00e9gler l&#039;affaire \u00e0 l&#039;amiable en juillet 2025 plut\u00f4t que de porter l&#039;affaire devant les tribunaux.<\/p>\n<p> Paramount a par la suite conclu un accord \u00e0 l&#039;amiable de 16 millions de dollars avec Trump, et son administration a approuv\u00e9 la fusion de Paramount et Skydance pour un montant de 8,4 milliards de dollars. <\/p>\n<p> Larry Ellison, cofondateur d&#039;Oracle, s&#039;est publiquement associ\u00e9 \u00e0 l&#039;entourage politique de Trump et a apport\u00e9 un soutien financier \u00e0 des causes r\u00e9publicaines. (Source\u00a0: WENN\/MEGA)<\/p>\n<p> Weiss a \u00e9t\u00e9 nomm\u00e9e r\u00e9dactrice en chef de CBS News apr\u00e8s le rachat de son m\u00e9dia par Paramount Skydance. <em>La presse libre<\/em> pour 150 millions de dollars. Skydance Media est en t\u00eate. <strong>David Ellison<\/strong> , fils du cofondateur d&#039;Oracle <strong>Larry Ellison<\/strong> et un partisan de longue date du pr\u00e9sident.<\/p>","protected":false},"excerpt":{"rendered":"<p>CBS News a licenci\u00e9 le pr\u00e9sentateur vedette de \u00ab\u00a060 Minutes\u00a0\u00bb, Scott Pelley, mardi 2 juin, au lendemain d&#039;un diff\u00e9rend avec\u2026<\/p>","protected":false},"author":1,"featured_media":10648,"comment_status":"open","ping_status":"closed","sticky":false,"template":"","format":"standard","meta":{"footnotes":""},"categories":[6],"tags":[],"class_list":["post-10647","post","type-post","status-publish","format-standard","has-post-thumbnail","hentry","category-kinoindustriya","hvn-theme-has-thumbnail"],"_links":{"self":[{"href":"https:\/\/imgist.ru\/fr\/wp-json\/wp\/v2\/posts\/10647","targetHints":{"allow":["GET"]}}],"collection":[{"href":"https:\/\/imgist.ru\/fr\/wp-json\/wp\/v2\/posts"}],"about":[{"href":"https:\/\/imgist.ru\/fr\/wp-json\/wp\/v2\/types\/post"}],"author":[{"embeddable":true,"href":"https:\/\/imgist.ru\/fr\/wp-json\/wp\/v2\/users\/1"}],"replies":[{"embeddable":true,"href":"https:\/\/imgist.ru\/fr\/wp-json\/wp\/v2\/comments?post=10647"}],"version-history":[{"count":4,"href":"https:\/\/imgist.ru\/fr\/wp-json\/wp\/v2\/posts\/10647\/revisions"}],"predecessor-version":[{"id":154402,"href":"https:\/\/imgist.ru\/fr\/wp-json\/wp\/v2\/posts\/10647\/revisions\/154402"}],"wp:featuredmedia":[{"embeddable":true,"href":"https:\/\/imgist.ru\/fr\/wp-json\/wp\/v2\/media\/10648"}],"wp:attachment":[{"href":"https:\/\/imgist.ru\/fr\/wp-json\/wp\/v2\/media?parent=10647"}],"wp:term":[{"taxonomy":"category","embeddable":true,"href":"https:\/\/imgist.ru\/fr\/wp-json\/wp\/v2\/categories?post=10647"},{"taxonomy":"post_tag","embeddable":true,"href":"https:\/\/imgist.ru\/fr\/wp-json\/wp\/v2\/tags?post=10647"}],"curies":[{"name":"wp","href":"https:\/\/api.w.org\/{rel}","templated":true}]}}