{"id":10820,"date":"2026-06-04T02:59:25","date_gmt":"2026-06-03T23:59:25","guid":{"rendered":"https:\/\/imgist.ru\/zagryaznenie-vozduha-mozhet-vliyat-na-rabotu-vashego-mozga\/"},"modified":"2026-08-29T12:05:38","modified_gmt":"2026-08-29T09:05:38","slug":"la-pollution-de-lair-peut-affecter-les-fonctions-cerebrales","status":"publish","type":"post","link":"https:\/\/imgist.ru\/fr\/zagryaznenie-vozduha-mozhet-vliyat-na-rabotu-vashego-mozga\/","title":{"rendered":"La pollution de l&#039;air peut affecter les fonctions c\u00e9r\u00e9brales."},"content":{"rendered":"<p>Une nouvelle \u00e9tude montre que la pollution de l&#039;air caus\u00e9e par les feux de for\u00eat li\u00e9s au changement climatique, les centrales \u00e9lectriques \u00e0 combustibles fossiles, les centres de donn\u00e9es g\u00e9n\u00e9rant de l&#039;intelligence artificielle et les voitures gourmandes en essence pourrait \u00eatre \u00e0 l&#039;origine de pertes de m\u00e9moire.<\/p>\n<p> Des chercheurs de UC Davis Health et de Kaiser Permanente ont rapport\u00e9 mercredi que les personnes expos\u00e9es aux niveaux les plus \u00e9lev\u00e9s de particules microscopiques pendant pr\u00e8s de 20 ans ont obtenu de moins bons r\u00e9sultats aux tests de m\u00e9moire qui leur demandaient de se rappeler des faits, des mots et des connaissances g\u00e9n\u00e9rales que celles expos\u00e9es \u00e0 des niveaux de pollution plus faibles.<\/p>\n<p> Les r\u00e9sultats \u00e9taient similaires \u00e0 ce que les chercheurs attendaient de 10 ann\u00e9es de vieillissement normal et concernaient la m\u00e9moire s\u00e9mantique\u00a0: le type de m\u00e9moire le plus important pour la vie quotidienne.<\/p>\n<p> \u00ab La m\u00e9moire s\u00e9mantique est essentielle pour communiquer, comprendre et naviguer dans la vie quotidienne \u00bb, a d\u00e9clar\u00e9 Katherine Conlon, auteure principale de l&#039;\u00e9tude et professeure adjointe au D\u00e9partement des sciences de la sant\u00e9 des populations de l&#039;Universit\u00e9 de Californie \u00e0 Davis, dans un communiqu\u00e9.<\/p>\n<p> \u00ab Nos r\u00e9sultats sugg\u00e8rent qu&#039;une exposition prolong\u00e9e \u00e0 la pollution atmosph\u00e9rique a non seulement un impact sur la sant\u00e9 physique, mais peut \u00e9galement influencer le processus de vieillissement c\u00e9r\u00e9bral, en particulier dans les domaines qui comptent pour l&#039;autonomie et la qualit\u00e9 de vie \u00bb, a-t-elle d\u00e9clar\u00e9. <\/p>\n<p> Selon des chercheurs, l&#039;exposition aux particules fines \u00e9mises par les feux de for\u00eat et les centrales thermiques peut avoir un impact sur la m\u00e9moire. Les adultes ayant inhal\u00e9 les plus fortes concentrations de particules PM2,5 ont obtenu de moins bons r\u00e9sultats aux tests de connaissances, de vocabulaire et de faits (Getty Images).<\/p>\n<p> L&#039;impact n&#039;\u00e9tait pas le m\u00eame pour tous les types de m\u00e9moire.<\/p>\n<p> Les tests de m\u00e9moire \u00e9pisodique verbale, ou la capacit\u00e9 \u00e0 se souvenir d&#039;\u00e9v\u00e9nements et d&#039;exp\u00e9riences sp\u00e9cifiques, et de fonction ex\u00e9cutive, qui aide les gens \u00e0 se concentrer et \u00e0 se souvenir des instructions, n&#039;ont r\u00e9v\u00e9l\u00e9 aucun effet de la pollution aux PM2,5, qui est \u00e9mise par les centrales \u00e9lectriques au charbon, les v\u00e9hicules et les sources industrielles.<\/p>\n<p> Les chercheurs affirment que cela indique une diminution de l&#039;activit\u00e9 dans des zones sp\u00e9cifiques et bien d\u00e9finies de la m\u00e9moire, plut\u00f4t qu&#039;une baisse du niveau d&#039;intelligence global de la personne.<\/p>\n<p> Les donn\u00e9es de cette \u00e9tude proviennent de l&#039;\u00e9tude Kaiser Permanente de 2017 sur le vieillissement en bonne sant\u00e9 des Afro-Am\u00e9ricains, qui comprenait la plupart des 750 participants adultes vivant dans la r\u00e9gion de la baie de San Francisco en Californie.<\/p>\n<p> Les chercheurs ont d\u00e9termin\u00e9 le niveau d&#039;exposition \u00e0 la pollution des participants en identifiant les niveaux de pollution approximatifs dans leurs domiciles sur une p\u00e9riode de 17 ans.<\/p>\n<p> Leurs capacit\u00e9s cognitives ont \u00e9t\u00e9 \u00e9valu\u00e9es \u00e0 l&#039;aide de tests administr\u00e9s \u00e0 l&#039;\u00e2ge de cinq, dix et dix-sept ans.<\/p>\n<h2> maladie disproportionn\u00e9e <\/h2>\n<p> Un jeune homme observe les d\u00e9g\u00e2ts depuis la maison familiale ravag\u00e9e par l&#039;incendie d&#039;Eaton \u00e0 Altadena, en Californie, en janvier 2025. Les Afro-Am\u00e9ricains pr\u00e9sentent un risque plus \u00e9lev\u00e9 de d\u00e9velopper une d\u00e9mence (AFP via Getty Images).<\/p>\n<p> Selon la Fondation Alzheimer, les Afro-Am\u00e9ricains ont deux fois plus de risques de d\u00e9velopper la maladie d&#039;Alzheimer et d&#039;autres formes de d\u00e9mence que les Am\u00e9ricains blancs.<\/p>\n<p> Des recherches ant\u00e9rieures ont montr\u00e9 que ce groupe pr\u00e9sente davantage de facteurs de risque de maladies, comme le diab\u00e8te et l&#039;hypertension art\u00e9rielle, et que les personnes \u00e0 la peau fonc\u00e9e sont plus susceptibles de vivre dans les zones les plus touch\u00e9es par la pollution environnementale.<\/p>\n<p> Selon l&#039;American Lung Association, les Afro-Am\u00e9ricains de ces communaut\u00e9s pr\u00e9sentent un risque plus \u00e9lev\u00e9 de d\u00e9c\u00e8s pr\u00e9matur\u00e9 et des taux plus \u00e9lev\u00e9s de troubles cognitifs, probablement parce qu&#039;ils ne consultent un m\u00e9decin que lorsque la maladie a progress\u00e9, explique le site web Alzheimers.gov.<\/p>\n<p> \u00ab De nombreux adultes noirs \u00e2g\u00e9s ont tendance \u00e0 consulter un m\u00e9decin pour des sympt\u00f4mes neuropsychiatriques tels que des hallucinations, des d\u00e9lires et des changements de personnalit\u00e9, mais tardent \u00e0 demander de l&#039;aide pour des probl\u00e8mes de m\u00e9moire, souvent consid\u00e9r\u00e9s comme une cons\u00e9quence normale du vieillissement \u00bb, indique le site web.<\/p>\n<h2> Dommages \u00e0 long terme qui n\u00e9cessitent une correction <\/h2>\n<p> L\u2019exposition aux particules PM2,5 augmente \u00e9galement le risque de cancer et de maladies cardiovasculaires. On peut \u00e9viter cette exposition en pratiquant une activit\u00e9 physique loin des routes \u00e0 forte circulation (Getty Images).<\/p>\n<p> Cette nouvelle \u00e9tude s&#039;appuie \u00e9galement sur des ann\u00e9es de recherches ant\u00e9rieures d\u00e9montrant les effets nocifs potentiels des particules PM2.5, notamment un risque accru de d\u00e9c\u00e8s pr\u00e9matur\u00e9, de cancer et de maladies cardiovasculaires.<\/p>\n<p> Des \u00e9tudes ant\u00e9rieures ont \u00e9galement \u00e9tabli un lien entre la pollution atmosph\u00e9rique et l&#039;augmentation des cas de d\u00e9mence, ainsi que l&#039;aggravation de la maladie d&#039;Alzheimer. Certaines \u00e9tudes ont mis en \u00e9vidence une association mod\u00e9r\u00e9e entre l&#039;exposition \u00e0 la fum\u00e9e des feux de for\u00eat et la d\u00e9mence.<\/p>\n<p> Une \u00e9tude men\u00e9e plus t\u00f4t cette ann\u00e9e a r\u00e9v\u00e9l\u00e9 que la pollution atmosph\u00e9rique augmente le risque de plaques amylo\u00efdes \u2014 des amas de prot\u00e9ines caract\u00e9ristiques de la maladie d&#039;Alzheimer \u2014 chez les Am\u00e9ricains \u00e2g\u00e9s souffrant de troubles cognitifs.<\/p>\n<p> \u00ab Comprendre les facteurs environnementaux qui influencent le d\u00e9clin cognitif est essentiel pour r\u00e9duire les in\u00e9galit\u00e9s face au risque de d\u00e9mence \u00bb, a d\u00e9clar\u00e9 Rachel Witmer, co-auteure de la nouvelle \u00e9tude et codirectrice du Centre de recherche sur la maladie d&#039;Alzheimer de l&#039;Universit\u00e9 de Californie \u00e0 Davis. \u00ab La pollution atmosph\u00e9rique est un facteur modifiable. Cela en fait une cible prioritaire pour la pr\u00e9vention, tant au niveau individuel que par le biais des politiques publiques. \u00bb.<\/p>\n<p> Vous pouvez r\u00e9duire votre risque d&#039;exposition aux polluants en limitant votre temps pass\u00e9 \u00e0 l&#039;ext\u00e9rieur les jours de forte pollution atmosph\u00e9rique, en utilisant des purificateurs d&#039;air \u00e0 l&#039;int\u00e9rieur, en gardant les fen\u00eatres ferm\u00e9es et en \u00e9vitant de faire de l&#039;exercice pr\u00e8s des routes tr\u00e8s fr\u00e9quent\u00e9es.<\/p>","protected":false},"excerpt":{"rendered":"<p>Une nouvelle \u00e9tude montre que la pollution de l&#039;air caus\u00e9e par les feux de for\u00eat li\u00e9s au changement climatique, les centrales \u00e9lectriques \u00e0 combustibles fossiles, les centres de donn\u00e9es aliment\u00e9s par l&#039;IA et les voitures\u2026<\/p>","protected":false},"author":1,"featured_media":10821,"comment_status":"open","ping_status":"closed","sticky":false,"template":"","format":"standard","meta":{"footnotes":""},"categories":[2],"tags":[],"class_list":["post-10820","post","type-post","status-publish","format-standard","has-post-thumbnail","hentry","category-news","hvn-theme-has-thumbnail"],"_links":{"self":[{"href":"https:\/\/imgist.ru\/fr\/wp-json\/wp\/v2\/posts\/10820","targetHints":{"allow":["GET"]}}],"collection":[{"href":"https:\/\/imgist.ru\/fr\/wp-json\/wp\/v2\/posts"}],"about":[{"href":"https:\/\/imgist.ru\/fr\/wp-json\/wp\/v2\/types\/post"}],"author":[{"embeddable":true,"href":"https:\/\/imgist.ru\/fr\/wp-json\/wp\/v2\/users\/1"}],"replies":[{"embeddable":true,"href":"https:\/\/imgist.ru\/fr\/wp-json\/wp\/v2\/comments?post=10820"}],"version-history":[{"count":3,"href":"https:\/\/imgist.ru\/fr\/wp-json\/wp\/v2\/posts\/10820\/revisions"}],"predecessor-version":[{"id":154545,"href":"https:\/\/imgist.ru\/fr\/wp-json\/wp\/v2\/posts\/10820\/revisions\/154545"}],"wp:featuredmedia":[{"embeddable":true,"href":"https:\/\/imgist.ru\/fr\/wp-json\/wp\/v2\/media\/10821"}],"wp:attachment":[{"href":"https:\/\/imgist.ru\/fr\/wp-json\/wp\/v2\/media?parent=10820"}],"wp:term":[{"taxonomy":"category","embeddable":true,"href":"https:\/\/imgist.ru\/fr\/wp-json\/wp\/v2\/categories?post=10820"},{"taxonomy":"post_tag","embeddable":true,"href":"https:\/\/imgist.ru\/fr\/wp-json\/wp\/v2\/tags?post=10820"}],"curies":[{"name":"wp","href":"https:\/\/api.w.org\/{rel}","templated":true}]}}