{"id":10840,"date":"2026-06-04T03:04:39","date_gmt":"2026-06-04T00:04:39","guid":{"rendered":"https:\/\/imgist.ru\/barri-manilou-sdelal-ochen-nepriyatnoe-priznanie-posle-operaczii-po-udaleniyu-raka\/"},"modified":"2026-08-29T12:05:40","modified_gmt":"2026-08-29T09:05:40","slug":"barry-manilou-a-fait-une-confession-tres-desagreable-apres-avoir-subi-une-operation-pour-un-cancer","status":"publish","type":"post","link":"https:\/\/imgist.ru\/fr\/barri-manilou-sdelal-ochen-nepriyatnoe-priznanie-posle-operaczii-po-udaleniyu-raka\/","title":{"rendered":"Barry Manilow a fait une confession \u00ab tr\u00e8s douloureuse \u00bb apr\u00e8s avoir subi une op\u00e9ration pour un cancer."},"content":{"rendered":"<p>Chemin <strong>Barry Manilow<\/strong> Le chemin de la gu\u00e9rison est sem\u00e9 d&#039;emb\u00fbches et de rebondissements inattendus qu&#039;il n&#039;appr\u00e9cie pas du tout.<\/p>\n<p> Le chanteur a admis que la perte de sa voix puissante apr\u00e8s une op\u00e9ration r\u00e9ussie pour retirer un cancer de stade 1 l&#039;avait \u00e0 la fois boulevers\u00e9 et rendu reconnaissant.<\/p>\n<p> Le premier concert de Barry Manilow dans un stade est pr\u00e9vu pour le 25 juin, et ses prochains spectacles \u00e0 Las Vegas auront lieu en juillet. Le chanteur a d\u00e9j\u00e0 combattu un cancer de la gorge et pense que son r\u00e9cent diagnostic a \u00e9t\u00e9 pris au s\u00e9rieux \u00e0 un stade pr\u00e9coce.<\/p>\n<p> <strong>Barry Manilow ignore s&#039;il retrouvera sa voix.<\/strong>  Tammy Arroyo\/AFF-USA.com\/MEGA<\/p>\n<p> Dans une interview accord\u00e9e \u00e0 Chris Connelly d&#039;ABC News, le chanteur a \u00e9voqu\u00e9 la difficult\u00e9 de sa convalescence apr\u00e8s son op\u00e9ration d&#039;un cancer du poumon. Il a admis que l&#039;intervention, qui a consist\u00e9 \u00e0 lui retirer le poumon gauche, avait affect\u00e9 sa capacit\u00e9 \u00e0 chanter.<\/p>\n<p> Le chanteur a poursuivi en expliquant que le retour \u00e0 son activit\u00e9 favorite avait \u00e9t\u00e9 l&#039;un des moments les plus difficiles, car lors de la premi\u00e8re balance, il a eu une mauvaise surprise\u00a0: selon lui, sa voix ne lui \u00e9tait plus famili\u00e8re.<\/p>\n<blockquote>\n<blockquote>\n<p> \u00ab Je ne sais pas si je retrouverai ma voix. \u00bb.<\/p>\n<\/blockquote>\n<\/blockquote>\n<p> Il a admis que cette prise de conscience l&#039;avait amen\u00e9 \u00e0 se demander s&#039;il devait continuer \u00e0 chanter, ajoutant : \u00ab C&#039;est vraiment frustrant. Parce que je ne veux pas que \u00e7a s&#039;arr\u00eate. \u00bb.<\/p>\n<p> Manilow a soulign\u00e9 que cette exp\u00e9rience, aussi douloureuse f\u00fbt-elle, lui avait fait prendre conscience qu&#039;il n&#039;avait v\u00e9ritablement appr\u00e9ci\u00e9 la richesse et la puissance de sa voix que lorsqu&#039;il a commenc\u00e9 \u00e0 craindre de la perdre. Selon ABC News, le chanteur a indiqu\u00e9 qu&#039;il valorise d\u00e9sormais sa voix diff\u00e9remment, car elle ne r\u00e9agit plus comme avant.<\/p>\n<h2> <strong>Durant sa convalescence, l&#039;artiste a \u00e9galement souffert d&#039;une pneumonie.<\/strong> <\/h2>\n<p> ZUMAPRESS.com \/ MEGA<\/p>\n<p> En d\u00e9cembre 2025, Manilow a annonc\u00e9 publiquement sur son site web qu&#039;il \u00e9tait atteint d&#039;un cancer du poumon. Il a expliqu\u00e9 que les m\u00e9decins avaient prescrit des examens compl\u00e9mentaires apr\u00e8s six semaines de bronchite, examens qui avaient permis de d\u00e9couvrir une tache anormale sur son poumon.<\/p>\n<p> Manilow a d\u00e9crit comment il a d\u00fb faire face \u00e0 l&#039;horrible r\u00e9alit\u00e9 de la situation, ainsi qu&#039;\u00e0 l&#039;urgence avec laquelle les m\u00e9decins exigeaient une intervention chirurgicale. Heureusement, il n&#039;a pas eu besoin de chimioth\u00e9rapie ni de radioth\u00e9rapie, car le m\u00e9decin a confirm\u00e9 par la suite qu&#039;il s&#039;agissait d&#039;une tumeur \u00e0 un stade pr\u00e9coce, et l&#039;op\u00e9ration a \u00e9t\u00e9 un succ\u00e8s.<\/p>\n<p> Sa convalescence s&#039;est av\u00e9r\u00e9e plus difficile que pr\u00e9vu\u00a0: hospitalis\u00e9 pour une pneumonie, il a \u00e9t\u00e9 admis en soins intensifs. Le chanteur a confi\u00e9 avoir parfois dout\u00e9 de sa vie, mais a remerci\u00e9 l&#039;\u00e9quipe m\u00e9dicale de l&#039;avoir aid\u00e9 \u00e0 surmonter la maladie.<\/p>\n<p> Il a d\u00e9clar\u00e9 avoir \u00e9t\u00e9 soign\u00e9 par des m\u00e9decins et des infirmi\u00e8res \u00ab\u00a0extraordinaires\u00a0\u00bb, et qu&#039;il leur en est encore tr\u00e8s reconnaissant lorsqu&#039;il y repense. \u00c0 l&#039;approche de son 83e anniversaire, le 17 juin, Manilow a confi\u00e9 que cette exp\u00e9rience l&#039;avait amen\u00e9 \u00e0 une profonde r\u00e9flexion sur sa vie et son h\u00e9ritage.<\/p>\n<p> Il se demande s&#039;il a atteint ses objectifs et si sa musique a apport\u00e9 de la joie aux gens. Il confie avoir \u00e9t\u00e9 particuli\u00e8rement touch\u00e9 par le soutien incroyable de ses fans du monde entier, qui lui a rappel\u00e9 l&#039;impact de sa musique sur plusieurs g\u00e9n\u00e9rations.<\/p>\n<h2> <strong>Barry Manilow<\/strong> <strong>Les dates de d\u00e9but de r\u00e9sidence ont \u00e9t\u00e9 report\u00e9es sur recommandation des m\u00e9decins.<\/strong> <\/h2>\n<p> MAR\/Capital Pictures \/ MEGA<\/p>\n<p> Le site The Blast a rapport\u00e9 que Manilow avait partag\u00e9 avec ses fans des nouvelles de son r\u00e9tablissement et les conseils de son m\u00e9decin sur la mani\u00e8re de r\u00e9ussir son retour sur sc\u00e8ne.<\/p>\n<p> Le chanteur a rassur\u00e9 ses fans via ses r\u00e9seaux sociaux, indiquant que sa convalescence progresse bien et qu&#039;il reste actif, reprenant progressivement ses activit\u00e9s favorites.<\/p>\n<p> Il a d\u00e9clar\u00e9 qu&#039;il restait actif physiquement et qu&#039;il travaillait en studio, une exp\u00e9rience qu&#039;il juge enrichissante pour sa convalescence. Manilow a \u00e9galement indiqu\u00e9 qu&#039;il prolongerait son s\u00e9jour \u00e0 Las Vegas, les m\u00e9decins lui ayant conseill\u00e9 de se concentrer sur sa gu\u00e9rison plut\u00f4t que de reprendre le travail pr\u00e9cipitamment.<\/p>\n<p> Les m\u00e9decins ont conseill\u00e9 au chanteur de reporter ses concerts au Westgate Las Vegas du 12 au 21 f\u00e9vrier afin de lui donner plus de temps pour se r\u00e9tablir, ce qu&#039;il a accept\u00e9, car il devrait \u00eatre en pleine forme pour la prochaine tourn\u00e9e. Il a conclu en indiquant qu&#039;il prenait un cong\u00e9 suppl\u00e9mentaire pour se reposer et se pr\u00e9parer \u00e0 retrouver sa pleine forme.<\/p>\n<h2> <strong>La chanteuse, connue pour sa chanson \u00ab Mandy \u00bb, a attribu\u00e9 son diagnostic de cancer \u00e0 un examen m\u00e9dical de routine effectu\u00e9 en 2020.<\/strong> <\/h2>\n<p> CHAT \/ M\u00c9GA<\/p>\n<p> Ces six derni\u00e8res ann\u00e9es n&#039;ont pas \u00e9t\u00e9 faciles pour la sant\u00e9 du chanteur. The Blast a not\u00e9 qu&#039;en 2020, il a connu une pause inattendue qui a perturb\u00e9 son parcours cr\u00e9atif.<\/p>\n<p> L&#039;aspect le plus important du r\u00e9cit de Manilow r\u00e9sidait peut-\u00eatre dans l&#039;importance qu&#039;il accordait aux examens m\u00e9dicaux r\u00e9guliers et au diagnostic pr\u00e9coce. Manilow racontait comment, lors d&#039;un examen m\u00e9dical de routine, les m\u00e9decins avaient d\u00e9cel\u00e9 des signes de maladie dans sa voix, et comment ce bilan pr\u00e9ventif avait finalement permis de diagnostiquer un cancer de la gorge.<\/p>\n<p> Il a admis que cette d\u00e9couverte l&#039;avait \u00e9branl\u00e9 ; cependant, sa d\u00e9termination \u00e0 la surmonter s&#039;en est trouv\u00e9e renforc\u00e9e, et l&#039;environnement l&#039;a \u00e9galement aid\u00e9 \u00e0 garder une attitude positive malgr\u00e9 le chaos du traitement et de la convalescence.<\/p>\n<p> Deux ans avant cet incident, Manilow avait \u00e9t\u00e9 hospitalis\u00e9 pour une infection bronchique peu apr\u00e8s le d\u00e9but de ses repr\u00e9sentations \u00e0 l&#039;h\u00f4tel Westgate de Las Vegas. En 2017, le chanteur avait \u00e9galement \u00e9t\u00e9 contraint de suspendre ses concerts en raison d&#039;une fatigue des cordes vocales, ce qui l&#039;avait forc\u00e9 \u00e0 reporter plusieurs dates.<\/p>\n<p> Encore plus t\u00f4t, en 2016, l&#039;ic\u00f4ne de la musique avait \u00e9t\u00e9 hospitalis\u00e9e \u00e0 Los Angeles suite \u00e0 des complications survenues apr\u00e8s une intervention chirurgicale buccale d&#039;urgence lors de sa tourn\u00e9e One Last Time \u2013 One Last Tour.<\/p>\n<h2> <strong>Le concert de Barry Manilow pr\u00e9vu pour la Saint-Valentin a \u00e9t\u00e9 annul\u00e9 suite \u00e0 l&#039;annonce de son diagnostic de cancer.<\/strong> <\/h2>\n<p> ZUMAPRESS.com \/ MEGA<\/p>\n<p> Peu apr\u00e8s avoir donn\u00e9 des nouvelles de sa sant\u00e9 et de ses plans de traitement \u00e0 ses fans l&#039;ann\u00e9e derni\u00e8re, Manilow a r\u00e9v\u00e9l\u00e9 que ses op\u00e9rations chirurgicales dureraient tout le mois de janvier, ce qui signifiait qu&#039;il devrait reporter toutes ses repr\u00e9sentations pr\u00e9vues pour ce mois-l\u00e0.<\/p>\n<p> Malgr\u00e9 ce contretemps, Manilow s&#039;est montr\u00e9 optimiste quant \u00e0 un possible retour en f\u00e9vrier 2026, juste \u00e0 temps pour ses repr\u00e9sentations pr\u00e9vues le week-end de la Saint-Valentin. Dans un message adress\u00e9 \u00e0 ses fans, il a d\u00e9clar\u00e9 avoir h\u00e2te de retrouver ce qu&#039;il consid\u00e8re comme sa deuxi\u00e8me maison\u00a0: le Westgate de Las Vegas.<\/p>\n<p> Il a \u00e9galement exprim\u00e9 l&#039;espoir de renouer avec le public lors de concerts donn\u00e9s pendant le week-end de la Saint-Valentin et lors de futures repr\u00e9sentations tout au long de l&#039;ann\u00e9e 2026. Le chanteur a assur\u00e9 \u00e0 ses fans que les concerts \u00e0 venir seraient \u00e0 la hauteur de leurs attentes et les a exhort\u00e9s \u00e0 rester positifs pendant qu&#039;il se concentre sur le r\u00e9tablissement de sa sant\u00e9.<\/p>\n<p> Cependant, ces plans n&#039;\u00e9taient que pr\u00e9liminaires, car les m\u00e9decins ont conseill\u00e9 \u00e0 Manilow de prolonger sa p\u00e9riode de convalescence de deux semaines suppl\u00e9mentaires, ce qui a conduit \u00e0 l&#039;in\u00e9vitable report.<\/p>\n<p> Nous souhaitons \u00e0 Barry Manilow un prompt r\u00e9tablissement !<\/p>\n<p> L&#039;article \u00ab Barry Manilow a fait une confession tr\u00e8s d\u00e9sagr\u00e9able apr\u00e8s son op\u00e9ration du cancer \u00bb est paru initialement sur The Blast.<\/p>","protected":false},"excerpt":{"rendered":"<p>Le chemin de la gu\u00e9rison de Barry Manilow est sem\u00e9 d&#039;emb\u00fbches et de rebondissements inattendus, ce qui ne l&#039;enchante gu\u00e8re. Le chanteur a admis avoir \u00e9t\u00e9 boulevers\u00e9 par la perte de sa voix puissante apr\u00e8s une op\u00e9ration r\u00e9ussie\u2026<\/p>","protected":false},"author":1,"featured_media":10841,"comment_status":"open","ping_status":"closed","sticky":false,"template":"","format":"standard","meta":{"footnotes":""},"categories":[7],"tags":[],"class_list":["post-10840","post","type-post","status-publish","format-standard","has-post-thumbnail","hentry","category-muzyka","hvn-theme-has-thumbnail"],"_links":{"self":[{"href":"https:\/\/imgist.ru\/fr\/wp-json\/wp\/v2\/posts\/10840","targetHints":{"allow":["GET"]}}],"collection":[{"href":"https:\/\/imgist.ru\/fr\/wp-json\/wp\/v2\/posts"}],"about":[{"href":"https:\/\/imgist.ru\/fr\/wp-json\/wp\/v2\/types\/post"}],"author":[{"embeddable":true,"href":"https:\/\/imgist.ru\/fr\/wp-json\/wp\/v2\/users\/1"}],"replies":[{"embeddable":true,"href":"https:\/\/imgist.ru\/fr\/wp-json\/wp\/v2\/comments?post=10840"}],"version-history":[{"count":5,"href":"https:\/\/imgist.ru\/fr\/wp-json\/wp\/v2\/posts\/10840\/revisions"}],"predecessor-version":[{"id":154562,"href":"https:\/\/imgist.ru\/fr\/wp-json\/wp\/v2\/posts\/10840\/revisions\/154562"}],"wp:featuredmedia":[{"embeddable":true,"href":"https:\/\/imgist.ru\/fr\/wp-json\/wp\/v2\/media\/10841"}],"wp:attachment":[{"href":"https:\/\/imgist.ru\/fr\/wp-json\/wp\/v2\/media?parent=10840"}],"wp:term":[{"taxonomy":"category","embeddable":true,"href":"https:\/\/imgist.ru\/fr\/wp-json\/wp\/v2\/categories?post=10840"},{"taxonomy":"post_tag","embeddable":true,"href":"https:\/\/imgist.ru\/fr\/wp-json\/wp\/v2\/tags?post=10840"}],"curies":[{"name":"wp","href":"https:\/\/api.w.org\/{rel}","templated":true}]}}