{"id":10876,"date":"2026-06-04T03:18:59","date_gmt":"2026-06-04T00:18:59","guid":{"rendered":"http:\/\/imgist.ru\/charli-damelio-vyshla-iz-semejnogo-biznesa-posle-togo-kak-ee-otecz-zayavil-chto-eyu-manipuliruyut-v-finansovom-plane\/"},"modified":"2026-06-04T03:18:59","modified_gmt":"2026-06-04T00:18:59","slug":"charlie-damelio-a-quitte-lentreprise-familiale-apres-que-son-pere-a-affirme-quelle-etait-victime-de-manipulation-financiere","status":"publish","type":"post","link":"https:\/\/imgist.ru\/fr\/charli-damelio-vyshla-iz-semejnogo-biznesa-posle-togo-kak-ee-otecz-zayavil-chto-eyu-manipuliruyut-v-finansovom-plane\/","title":{"rendered":"Charli D&#039;Amelio a quitt\u00e9 l&#039;entreprise familiale apr\u00e8s que son p\u00e8re a affirm\u00e9 qu&#039;elle \u00e9tait \u00ab manipul\u00e9e \u00bb financi\u00e8rement."},"content":{"rendered":"<p>D&#039;apr\u00e8s les donn\u00e9es disponibles, <strong>Charli D&#039;Amelio<\/strong> a quitt\u00e9 l&#039;entreprise familiale.<\/p>\n<p> Selon un article de TMZ paru le mercredi 3 juin, des sources ont indiqu\u00e9 que la star des r\u00e9seaux sociaux de 22 ans a rompu ses liens avec Be Happy Snacks, la soci\u00e9t\u00e9 de popcorn fond\u00e9e par les fr\u00e8res D&#039;Amelio en 2023.<\/p>\n<p> La photo de famille figure toujours sur le site web de l&#039;entreprise, et la page \u00ab Notre histoire \u00bb indique : \u00ab Gr\u00e2ce \u00e0 l&#039;amour de la cr\u00e9ativit\u00e9 et du lien social qui anime la famille D&#039;Amelio, nous nous effor\u00e7ons d&#039;apporter de la joie et de satisfaire les envies avec des collations d\u00e9licieuses et savoureuses qui feront danser vos papilles. \u00bb.<\/p>\n<p> Charlie aurait commenc\u00e9 \u00e0 prendre ses distances avec l&#039;entreprise en mars 2025, ce qui a \u00e9t\u00e9 officiellement confirm\u00e9 en novembre de la m\u00eame ann\u00e9e.<\/p>\n<p> Comme l&#039;a rapport\u00e9 TMZ, il s&#039;agissait d&#039;une \u00ab r\u00e9siliation officielle et \u00e0 l&#039;amiable de l&#039;accord avec D&#039;Amelio Brands et D&#039;Amelio Family LLC, accord que tout le monde avait accept\u00e9 \u00e0 l&#039;\u00e9poque \u00bb.<\/p>\n<p> Ses parents seraient, <strong>Heidi D&#039;Amelio<\/strong> \u0438 <strong>Marc D&#039;Amelio<\/strong> , et aussi une s\u0153ur <strong>Dixie D&#039;Amelio<\/strong> rester impliqu\u00e9 dans les op\u00e9rations de l&#039;entreprise. Le gestionnaire d&#039;affaires et l&#039;avocat de Charlie, initialement engag\u00e9s par la famille en 2020 mais travaillant d\u00e9sormais exclusivement pour Charlie, auraient n\u00e9goci\u00e9 une s\u00e9paration avec l&#039;actrice connue pour son r\u00f4le dans le film \u00ab <em>Et Juliette\u00bb<\/em> . <\/p>\n<p>&lt;img","protected":false},"excerpt":{"rendered":"<p>Charli D&#039;Amelio aurait quitt\u00e9 l&#039;entreprise familiale. Selon un article de TMZ publi\u00e9 mercredi 3 juin, des sources indiquent que la star des r\u00e9seaux sociaux de 22 ans se serait s\u00e9par\u00e9e de\u2026<\/p>","protected":false},"author":1,"featured_media":10877,"comment_status":"open","ping_status":"closed","sticky":false,"template":"","format":"standard","meta":{"footnotes":""},"categories":[5],"tags":[],"class_list":["post-10876","post","type-post","status-publish","format-standard","has-post-thumbnail","hentry","category-selebriti","hvn-theme-has-thumbnail"],"_links":{"self":[{"href":"https:\/\/imgist.ru\/fr\/wp-json\/wp\/v2\/posts\/10876","targetHints":{"allow":["GET"]}}],"collection":[{"href":"https:\/\/imgist.ru\/fr\/wp-json\/wp\/v2\/posts"}],"about":[{"href":"https:\/\/imgist.ru\/fr\/wp-json\/wp\/v2\/types\/post"}],"author":[{"embeddable":true,"href":"https:\/\/imgist.ru\/fr\/wp-json\/wp\/v2\/users\/1"}],"replies":[{"embeddable":true,"href":"https:\/\/imgist.ru\/fr\/wp-json\/wp\/v2\/comments?post=10876"}],"version-history":[{"count":0,"href":"https:\/\/imgist.ru\/fr\/wp-json\/wp\/v2\/posts\/10876\/revisions"}],"wp:featuredmedia":[{"embeddable":true,"href":"https:\/\/imgist.ru\/fr\/wp-json\/wp\/v2\/media\/10877"}],"wp:attachment":[{"href":"https:\/\/imgist.ru\/fr\/wp-json\/wp\/v2\/media?parent=10876"}],"wp:term":[{"taxonomy":"category","embeddable":true,"href":"https:\/\/imgist.ru\/fr\/wp-json\/wp\/v2\/categories?post=10876"},{"taxonomy":"post_tag","embeddable":true,"href":"https:\/\/imgist.ru\/fr\/wp-json\/wp\/v2\/tags?post=10876"}],"curies":[{"name":"wp","href":"https:\/\/api.w.org\/{rel}","templated":true}]}}