{"id":10892,"date":"2026-06-04T03:20:30","date_gmt":"2026-06-04T00:20:30","guid":{"rendered":"http:\/\/imgist.ru\/kamila-kabello-i-eyo-bojfrend-genri-dzhunior-chalhub-rasstalis-posle-bolee-chem-goda-otnoshenij\/"},"modified":"2026-08-29T12:05:46","modified_gmt":"2026-08-29T09:05:46","slug":"camila-cabello-et-son-petit-ami-henry-junior-chalhub-se-sont-separes-apres-plus-dun-an-de-relation","status":"publish","type":"post","link":"https:\/\/imgist.ru\/fr\/kamila-kabello-i-eyo-bojfrend-genri-dzhunior-chalhub-rasstalis-posle-bolee-chem-goda-otnoshenij\/","title":{"rendered":"Camila Cabello et son petit ami Henry Junior Chalhoub se sont s\u00e9par\u00e9s apr\u00e8s plus d&#039;un an de relation."},"content":{"rendered":"<h3>\u00c0 SAVOIR<\/h3>\n<ul>\n<li>\n<p> Camila Cabello et Henry Junior Chalhoub se sont s\u00e9par\u00e9s, a confirm\u00e9 le magazine PEOPLE.<\/p>\n<\/li>\n<li>\n<p> Leur relation amoureuse a \u00e9t\u00e9 annonc\u00e9e pour la premi\u00e8re fois en novembre 2024.<\/p>\n<\/li>\n<li>\n<p> Bien que Cabello ait gard\u00e9 leur relation priv\u00e9e, elle a \u00e9crit sur Instagram en juillet dernier qu&#039;elle \u00e9tait \u00ab en train de tomber amoureuse \u00bb.<\/p>\n<\/li>\n<\/ul>\n<p> Camila Cabello et son petit ami, l&#039;h\u00e9ritier milliardaire Henry Junior Chalhoub, se sont s\u00e9par\u00e9s.<\/p>\n<p> Plus d&#039;un an apr\u00e8s que Cabello et Shalhoub ont \u00e9t\u00e9 aper\u00e7us ensemble pour la premi\u00e8re fois, le magazine PEOPLE a confirm\u00e9 que le couple s&#039;est s\u00e9par\u00e9.<\/p>\n<p> TMZ a \u00e9t\u00e9 le premier m\u00e9dia \u00e0 diffuser l&#039;information. Les repr\u00e9sentants de l&#039;interpr\u00e8te de \u00ab He Knows \u00bb n&#039;ont pas r\u00e9pondu \u00e0 la demande de commentaires de PEOPLE.<\/p>\n<p> Par <em>d&#039;apr\u00e8s Business of Fashion,<\/em> La famille Chalhoub a fond\u00e9 Chalhoub Group, une soci\u00e9t\u00e9 de distribution de produits de luxe bas\u00e9e \u00e0 Duba\u00ef, qui collabore avec Versace, Jimmy Choo, Jacquemus et plusieurs marques appartenant \u00e0 LVMH.<\/p>\n<p> Comme indiqu\u00e9 par <em>Panneau d&#039;affichage<\/em> , Camila Cabello, 29 ans, et Robert Shalhoub, 40 ans, ont \u00e9t\u00e9 aper\u00e7us ensemble pour la premi\u00e8re fois en novembre 2024, lors d&#039;une soir\u00e9e suivant le d\u00e9fil\u00e9 Elie Saab en Arabie saoudite. Quelques mois plus tard, ils ont \u00e9t\u00e9 vus main dans la main \u00e0 Saint-Barth\u00e9lemy.<\/p>\n<p> En mars 2025, le couple a assist\u00e9 au d\u00e9fil\u00e9 Chanel automne\/hiver 2025 lors de la Fashion Week de Paris, o\u00f9 ils ont \u00e9t\u00e9 aper\u00e7us enlac\u00e9s tendrement. Une vid\u00e9o TikTok de l&#039;\u00e9v\u00e9nement montrait l&#039;ancien couple se tenant la main.<\/p>\n<p> Bien que Cabello ait gard\u00e9 leur relation secr\u00e8te, elle a partag\u00e9 une s\u00e9rie de photos sur Instagram en juillet dernier, prises lors de son escapade romantique \u00e0 Ibiza avec Shalhoub.<\/p>\n<p> Sur la deuxi\u00e8me diapositive de sa publication, elle a post\u00e9 une photo d&#039;elle tenant la main d&#039;un homme, accompagn\u00e9e de la l\u00e9gende suivante\u00a0: \u00ab\u00a0Tomber amoureuse. Lire des romans pendant des heures. Jouer de la guitare. Manger des tomates de toutes les couleurs, tendre la main dans la voiture, jouer avec le vent.\u00a0\u00bb.<\/p>\n<p> Lors de leur s\u00e9jour \u00e0 Ibiza, le couple a \u00e9galement \u00e9t\u00e9 photographi\u00e9 en train de s&#039;embrasser passionn\u00e9ment sur une jet\u00e9e, elle appuy\u00e9e contre lui, puis de retour dans l&#039;eau.<\/p>\n<p> Comme indiqu\u00e9 par <em>Cosmopolite<\/em> , Le couple a r\u00e9cemment \u00e9t\u00e9 aper\u00e7u main dans la main \u00e0 Coachella, o\u00f9 Cabello a fait une apparition surprise pendant le concert de Young Thug, interpr\u00e9tant leur chanson \u00ab Havana \u00bb. <\/p>\n<p> Henry Junior Chalhoub et Camila Cabello \u00e0 Coachella en avril 2026. Photo : The Hollywood JR \/ BACKGRID<\/p>\n<p> Camila Cabello a entretenu une relation intermittente avec Shawn Mendes. Apr\u00e8s une br\u00e8ve r\u00e9conciliation, Mendes et Cabello se sont s\u00e9par\u00e9s en juin 2023. Cabello a \u00e9galement \u00e9t\u00e9 en couple avec le coach de vie Matthew Hussey.<\/p>\n<p> Dans une interview accord\u00e9e \u00e0 la publication <em>Latina<\/em> En 2017, la chanteuse et compositrice a parl\u00e9 ouvertement de son d\u00e9sir de pr\u00e9server sa vie priv\u00e9e.<\/p>\n<p> \u00ab Je comprends pourquoi les gens s&#039;int\u00e9ressent \u00e0 ma vie personnelle, mais je ne veux pas r\u00e9v\u00e9ler cette partie de moi-m\u00eame car c&#039;est la plus importante \u00bb, a-t-elle d\u00e9clar\u00e9.<\/p>\n<p> Cabello a ensuite d\u00e9crit sa \u00ab vie id\u00e9ale \u00bb : \u00ab Je veux \u00e9crire des chansons et vivre des exp\u00e9riences incroyables avec les gens. Je ne veux pas \u00eatre enferm\u00e9e dans une chambre d&#039;h\u00f4tel et ne faire que des conf\u00e9rences de presse et des apparitions sur le tapis rouge. Ce n&#039;est pas la vie que je veux vivre. \u00bb.<\/p>\n<p> Lisez l&#039;article original sur People.<\/p>","protected":false},"excerpt":{"rendered":"<p>\u00c0 SAVOIR : Camila Cabello et Henry Junior Chalhoub se sont s\u00e9par\u00e9s, confirme le magazine PEOPLE. Leur relation avait \u00e9t\u00e9 r\u00e9v\u00e9l\u00e9e au grand public en novembre 2024. Bien que Cabello ait gard\u00e9 le silence\u2026<\/p>","protected":false},"author":1,"featured_media":10893,"comment_status":"open","ping_status":"closed","sticky":false,"template":"","format":"standard","meta":{"footnotes":""},"categories":[5],"tags":[],"class_list":["post-10892","post","type-post","status-publish","format-standard","has-post-thumbnail","hentry","category-selebriti","hvn-theme-has-thumbnail"],"_links":{"self":[{"href":"https:\/\/imgist.ru\/fr\/wp-json\/wp\/v2\/posts\/10892","targetHints":{"allow":["GET"]}}],"collection":[{"href":"https:\/\/imgist.ru\/fr\/wp-json\/wp\/v2\/posts"}],"about":[{"href":"https:\/\/imgist.ru\/fr\/wp-json\/wp\/v2\/types\/post"}],"author":[{"embeddable":true,"href":"https:\/\/imgist.ru\/fr\/wp-json\/wp\/v2\/users\/1"}],"replies":[{"embeddable":true,"href":"https:\/\/imgist.ru\/fr\/wp-json\/wp\/v2\/comments?post=10892"}],"version-history":[{"count":1,"href":"https:\/\/imgist.ru\/fr\/wp-json\/wp\/v2\/posts\/10892\/revisions"}],"predecessor-version":[{"id":154620,"href":"https:\/\/imgist.ru\/fr\/wp-json\/wp\/v2\/posts\/10892\/revisions\/154620"}],"wp:featuredmedia":[{"embeddable":true,"href":"https:\/\/imgist.ru\/fr\/wp-json\/wp\/v2\/media\/10893"}],"wp:attachment":[{"href":"https:\/\/imgist.ru\/fr\/wp-json\/wp\/v2\/media?parent=10892"}],"wp:term":[{"taxonomy":"category","embeddable":true,"href":"https:\/\/imgist.ru\/fr\/wp-json\/wp\/v2\/categories?post=10892"},{"taxonomy":"post_tag","embeddable":true,"href":"https:\/\/imgist.ru\/fr\/wp-json\/wp\/v2\/tags?post=10892"}],"curies":[{"name":"wp","href":"https:\/\/api.w.org\/{rel}","templated":true}]}}