{"id":11120,"date":"2026-06-04T07:20:16","date_gmt":"2026-06-04T04:20:16","guid":{"rendered":"https:\/\/imgist.ru\/keti-hilton-prinimaet-radikalnoe-reshenie-na-fone-rastushhej-kritiki-v-adres-parada-gordosti-v-vest-gollivude\/"},"modified":"2026-08-29T12:06:11","modified_gmt":"2026-08-29T09:06:11","slug":"katie-hilton-prend-une-decision-radicale-face-aux-critiques-croissantes-concernant-la-gay-pride-dhollywood","status":"publish","type":"post","link":"https:\/\/imgist.ru\/fr\/keti-hilton-prinimaet-radikalnoe-reshenie-na-fone-rastushhej-kritiki-v-adres-parada-gordosti-v-vest-gollivude\/","title":{"rendered":"Face aux critiques croissantes concernant la marche des fiert\u00e9s de West Hollywood, Kathy Hilton prend une d\u00e9cision radicale."},"content":{"rendered":"<p>La controverse autour de la Marche des Fiert\u00e9s, qui a suscit\u00e9 une vive r\u00e9action de la part des groupes LGBTQ+, a culmin\u00e9 avec l&#039;annulation par Kathy Hilton de sa participation pr\u00e9vue en tant qu&#039;invit\u00e9e d&#039;honneur \u00e0 la Marche des Fiert\u00e9s de West Hollywood.<\/p>\n<p> Mercredi, les autorit\u00e9s municipales de West Hollywood ont annonc\u00e9 que Hilton ne serait plus le grand mar\u00e9chal de l&#039;\u00e9v\u00e9nement WeHo Pride 2026 apr\u00e8s des semaines de critiques de la part de certains membres de la communaut\u00e9 LGBTQ+.<\/p>\n<p> Hilton a d\u00e9clar\u00e9 qu&#039;elle respectait le d\u00e9bat entourant son \u00e9lection. <\/p>\n<p> Los Angeles Pride s&#039;est retir\u00e9e de la marche des fiert\u00e9s de 2026 \u00e0 West Hollywood apr\u00e8s la participation de Kathy Hilton, star de l&#039;\u00e9mission \u00ab\u00a0Real Housewives\u00a0\u00bb. (Photo\u00a0: Getty Images)<\/p>\n<p> \u00ab Je suis profond\u00e9ment honor\u00e9e d&#039;\u00eatre nomin\u00e9e pour ce prix et reconnaissante du soutien que j&#039;ai re\u00e7u des membres de la communaut\u00e9 au fil des ans \u00bb, a d\u00e9clar\u00e9 Hilton dans un communiqu\u00e9.<\/p>\n<p> \u00ab La raison pour laquelle je souhaitais participer au week-end de la Fiert\u00e9 de WeHo cette ann\u00e9e est simple\u00a0: c\u00e9l\u00e9brer, soutenir et partager la joie d\u2019une communaut\u00e9 qui compte tant pour tant de personnes. La Fiert\u00e9 a toujours \u00e9t\u00e9 et sera toujours une c\u00e9l\u00e9bration et un soutien des voix, des exp\u00e9riences et des r\u00e9alisations de la communaut\u00e9 LGBTQ+. \u00bb.<\/p>\n<p> Cette d\u00e9cision intervient apr\u00e8s le retrait d&#039;Indigenous Pride LA du d\u00e9fil\u00e9 du 7 juin, estimant que Hilton n&#039;\u00e9tait pas un choix appropri\u00e9 pour repr\u00e9senter la Fiert\u00e9. <\/p>\n<p> Le conseil d&#039;administration d&#039;Indigenous Pride LA a fermement condamn\u00e9 la pr\u00e9sence de Paris Hilton \u00e0 la parade du 7 juin, la consid\u00e9rant comme une ic\u00f4ne de la mode. (Los Angeles Times via Getty Images)<\/p>\n<p> \u00ab Nombreux sont ceux, au sein de nos communaut\u00e9s bisexuelles, autochtones et LGBTQ+, qui estiment que le choix du Grand Mar\u00e9chal de cette ann\u00e9e ne repr\u00e9sente pas les valeurs, les exp\u00e9riences et l&#039;esprit de la Fiert\u00e9 que nous nous effor\u00e7ons de d\u00e9fendre \u00bb, a d\u00e9clar\u00e9 le groupe dans un communiqu\u00e9 publi\u00e9 sur Instagram.<\/p>\n<p> D&#039;autres critiques se sont d\u00e9cha\u00een\u00e9s contre Hilton sur les r\u00e9seaux sociaux au sujet de ses liens politiques pr\u00e9sum\u00e9s avec le pr\u00e9sident Donald Trump, laissant des commentaires tels que \u00ab Il n&#039;y a pas de r\u00e9publicains \u00e0 la Pride \u00bb et \u00ab C&#039;est une partisane de MAGA \u00bb.<\/p>\n<h2> <strong>T\u00e9l\u00e9chargez l&#039;application The California Post, suivez-nous sur les r\u00e9seaux sociaux et inscrivez-vous \u00e0 nos newsletters.<\/strong><\/h2>\n<p> <strong>California Post News<\/strong> Facebook, Instagram, TikTok, X, YouTube, WhatsApp, LinkedIn. <strong>California Post Sports :<\/strong> Facebook, Instagram, TikTok, YouTube, X. Opinions <strong>Poste de Californie.<\/strong> <strong>Bulletins d&#039;information du California Post<\/strong> Abonnez-vous ici ! <strong>Application California Post<\/strong> T\u00e9l\u00e9chargez ici ! <strong>Livraison \u00e0 domicile<\/strong> Abonnez-vous ici ! <strong>Page Six Hollywood<\/strong> Abonnez-vous ici ! <\/p>\n<p> La lettre pr\u00e9cisait que ce sont les membres de leur communaut\u00e9 qui avaient \u00ab guid\u00e9 \u00bb leur d\u00e9cision de se retirer du d\u00e9fil\u00e9. (Getty Images)<\/p>\n<p> Hilton a \u00e9galement fait l&#039;objet d&#039;un nouvel examen minutieux suite aux accusations d&#039;Erika Jayne, son ancienne coll\u00e8gue de l&#039;\u00e9mission \u00ab\u00a0Real Housewives of Beverly Hills\u00a0\u00bb, qui affirmait qu&#039;elle avait prof\u00e9r\u00e9 une insulte homophobe lors d&#039;un tournage \u00e0 Aspen. Hilton a ni\u00e9 les faits, et Jayne a d\u00e9clar\u00e9 par la suite qu&#039;elle \u00ab\u00a0ne renoncerait jamais \u00e0 la v\u00e9rit\u00e9 sur ce qui s&#039;est pass\u00e9 ce soir-l\u00e0 dans la bo\u00eete de nuit d&#039;Aspen\u00a0\u00bb.<\/p>\n<p> Dans un communiqu\u00e9 publi\u00e9 par les autorit\u00e9s municipales, il a \u00e9t\u00e9 indiqu\u00e9 que la fiert\u00e9 \u00ab a toujours \u00e9t\u00e9 la plus forte lorsqu&#039;elle refl\u00e8te v\u00e9ritablement les int\u00e9r\u00eats de la communaut\u00e9 \u00bb et que le choix de l&#039;h\u00f4tel Hilton \u00ab a suscit\u00e9 un large \u00e9ventail d&#039;opinions au sein de notre communaut\u00e9 \u00bb.<\/p>\n<p> \u00ab Apr\u00e8s m\u00fbre r\u00e9flexion, la ville de West Hollywood, l&#039;\u00e9quipe organisatrice de la WeHo Pride et Kathy Hilton ont conclu que le d\u00e9fil\u00e9 de la WeHo Pride 2026 n&#039;aura pas de grand mar\u00e9chal honoraire \u00bb, indique le communiqu\u00e9. <\/p>\n<p> Les autorit\u00e9s municipales ont publi\u00e9 un communiqu\u00e9 concernant la r\u00e9action du public, d\u00e9fendant le soutien apport\u00e9 par Hilton \u00e0 la communaut\u00e9 locale. (Photo\u00a0: Getty Images)<\/p>\n<p> Hilton a ajout\u00e9 qu&#039;elle restait \u00ab profond\u00e9ment engag\u00e9e \u00e0 soutenir le mouvement LGBTQ+ et \u00e0 accro\u00eetre sa visibilit\u00e9 \u00bb, et a d\u00e9clar\u00e9 que son soutien \u00e0 la communaut\u00e9 et \u00e0 la West Hollywood Pride \u00e9tait \u00ab in\u00e9branlable \u00bb.<\/p>\n<p> La ville a remerci\u00e9 Hilton pour sa \u00ab bienveillance \u00bb et a annonc\u00e9 que la WeHo Pride se d\u00e9roulerait sans Grand Mar\u00e9chal, tout en accueillant les quelque 120 participants \u00e0 la parade de cette ann\u00e9e.<\/p>","protected":false},"excerpt":{"rendered":"<p>La controverse autour de la Marche des fiert\u00e9s, qui a suscit\u00e9 une vive r\u00e9action de la part des groupes LGBTQ+, a culmin\u00e9 avec l&#039;annulation par Kathy Hilton de sa participation pr\u00e9vue en tant qu&#039;invit\u00e9e d&#039;honneur \u00e0 la parade.<\/p>","protected":false},"author":1,"featured_media":11121,"comment_status":"open","ping_status":"closed","sticky":false,"template":"","format":"standard","meta":{"footnotes":""},"categories":[5],"tags":[],"class_list":["post-11120","post","type-post","status-publish","format-standard","has-post-thumbnail","hentry","category-selebriti","hvn-theme-has-thumbnail"],"_links":{"self":[{"href":"https:\/\/imgist.ru\/fr\/wp-json\/wp\/v2\/posts\/11120","targetHints":{"allow":["GET"]}}],"collection":[{"href":"https:\/\/imgist.ru\/fr\/wp-json\/wp\/v2\/posts"}],"about":[{"href":"https:\/\/imgist.ru\/fr\/wp-json\/wp\/v2\/types\/post"}],"author":[{"embeddable":true,"href":"https:\/\/imgist.ru\/fr\/wp-json\/wp\/v2\/users\/1"}],"replies":[{"embeddable":true,"href":"https:\/\/imgist.ru\/fr\/wp-json\/wp\/v2\/comments?post=11120"}],"version-history":[{"count":4,"href":"https:\/\/imgist.ru\/fr\/wp-json\/wp\/v2\/posts\/11120\/revisions"}],"predecessor-version":[{"id":154813,"href":"https:\/\/imgist.ru\/fr\/wp-json\/wp\/v2\/posts\/11120\/revisions\/154813"}],"wp:featuredmedia":[{"embeddable":true,"href":"https:\/\/imgist.ru\/fr\/wp-json\/wp\/v2\/media\/11121"}],"wp:attachment":[{"href":"https:\/\/imgist.ru\/fr\/wp-json\/wp\/v2\/media?parent=11120"}],"wp:term":[{"taxonomy":"category","embeddable":true,"href":"https:\/\/imgist.ru\/fr\/wp-json\/wp\/v2\/categories?post=11120"},{"taxonomy":"post_tag","embeddable":true,"href":"https:\/\/imgist.ru\/fr\/wp-json\/wp\/v2\/tags?post=11120"}],"curies":[{"name":"wp","href":"https:\/\/api.w.org\/{rel}","templated":true}]}}