{"id":11124,"date":"2026-06-04T07:21:09","date_gmt":"2026-06-04T04:21:09","guid":{"rendered":"https:\/\/imgist.ru\/resheno-kamila-mendes-schitaet-chto-eto-eyo-luchshij-obraz-na-krasnoj-dorozhke-za-vsyu-kareru\/"},"modified":"2026-08-29T12:06:20","modified_gmt":"2026-08-29T09:06:20","slug":"camila-mendes-affirme-que-cest-sa-plus-belle-tenue-de-tapis-rouge-a-ce-jour","status":"publish","type":"post","link":"https:\/\/imgist.ru\/fr\/resheno-kamila-mendes-schitaet-chto-eto-eyo-luchshij-obraz-na-krasnoj-dorozhke-za-vsyu-kareru\/","title":{"rendered":"Conclusion\u00a0: Camila Mendes pense que c\u2019est sa meilleure apparition sur tapis rouge de toute sa carri\u00e8re."},"content":{"rendered":"<p>Lorsque vous effectuez un achat via les liens pr\u00e9sents dans nos articles, Future et ses partenaires de distribution peuvent percevoir une commission. <\/p>\n<p> Photo : Gleason Paulino<\/p>\n<p> Depuis sa perc\u00e9e dans <em>la s\u00e9rie t\u00e9l\u00e9vis\u00e9e \u00ab Riverdale \u00bb<\/em> En 2017, Camila Mendes, star de la couverture du magazine Who What Wear, a assist\u00e9 \u00e0 de nombreux \u00e9v\u00e9nements sur tapis rouge, notamment le Met Gala, le Comic-Con, le Festival du film de Venise, ainsi que de nombreuses avant-premi\u00e8res de films et c\u00e9r\u00e9monies de remise de prix. <em>beaucoup<\/em> Des heures pass\u00e9es en talons hauts et robes luxueuses.<\/p>\n<p> Interrog\u00e9e sur sa tenue pr\u00e9f\u00e9r\u00e9e sur le tapis rouge, elle a, \u00e0 sa grande surprise, cit\u00e9 rapidement toutes ses apparitions : \u00ab La robe Tamara Ralph que je portais \u00e0 la soir\u00e9e. \u00bb <em>Vanity Fair<\/em> \u00bb\u00a0C\u2019\u00e9tait un soutien-gorge sculpt\u00e9 en or et une magnifique jupe en velours noir. Je trouvais \u00e7a vraiment sublime. J\u2019ai pass\u00e9 quelques heures chez le joaillier \u00e0 essayer le soutien-gorge en m\u00e9tal. Ils faisaient une petite marque, puis le soudaient et me le rapportaient, et je l\u2019essayais \u00e0 nouveau. J\u2019y ai pass\u00e9 quelques heures la veille de la soir\u00e9e.\u00a0\u00ab a confi\u00e9 Mendes \u00e0 Who What Wear, en r\u00e9f\u00e9rence \u00e0 la soir\u00e9e organis\u00e9e par le magazine apr\u00e8s les Oscars en 2024. <em>Vanity Fair,<\/em> D\u00e9di\u00e9 aux Oscars. Nous avons trouv\u00e9 le look parfait, et il me seyait \u00e0 merveille. C&#039;\u00e9tait incroyable. Faites d\u00e9filer vers le bas pour revivre ce look et visionner notre interview compl\u00e8te avec Mendes sur YouTube. <\/p>\n<p> Source : Getty Images<\/p>\n<p> <strong>\u00c0 propos de Camila Mendes :<\/strong> Robe sign\u00e9e Tamara Ralph. <\/p>\n<p> Source : Getty Images<\/p>","protected":false},"excerpt":{"rendered":"<p>Lorsque vous achetez un produit via les liens pr\u00e9sents dans nos articles, Future et ses partenaires de distribution peuvent percevoir une commission. Photo\u00a0: Gleason Paulino. Depuis sa cr\u00e9ation\u2026<\/p>","protected":false},"author":1,"featured_media":11125,"comment_status":"open","ping_status":"closed","sticky":false,"template":"","format":"standard","meta":{"footnotes":""},"categories":[5],"tags":[],"class_list":["post-11124","post","type-post","status-publish","format-standard","has-post-thumbnail","hentry","category-selebriti","hvn-theme-has-thumbnail"],"_links":{"self":[{"href":"https:\/\/imgist.ru\/fr\/wp-json\/wp\/v2\/posts\/11124","targetHints":{"allow":["GET"]}}],"collection":[{"href":"https:\/\/imgist.ru\/fr\/wp-json\/wp\/v2\/posts"}],"about":[{"href":"https:\/\/imgist.ru\/fr\/wp-json\/wp\/v2\/types\/post"}],"author":[{"embeddable":true,"href":"https:\/\/imgist.ru\/fr\/wp-json\/wp\/v2\/users\/1"}],"replies":[{"embeddable":true,"href":"https:\/\/imgist.ru\/fr\/wp-json\/wp\/v2\/comments?post=11124"}],"version-history":[{"count":4,"href":"https:\/\/imgist.ru\/fr\/wp-json\/wp\/v2\/posts\/11124\/revisions"}],"predecessor-version":[{"id":154846,"href":"https:\/\/imgist.ru\/fr\/wp-json\/wp\/v2\/posts\/11124\/revisions\/154846"}],"wp:featuredmedia":[{"embeddable":true,"href":"https:\/\/imgist.ru\/fr\/wp-json\/wp\/v2\/media\/11125"}],"wp:attachment":[{"href":"https:\/\/imgist.ru\/fr\/wp-json\/wp\/v2\/media?parent=11124"}],"wp:term":[{"taxonomy":"category","embeddable":true,"href":"https:\/\/imgist.ru\/fr\/wp-json\/wp\/v2\/categories?post=11124"},{"taxonomy":"post_tag","embeddable":true,"href":"https:\/\/imgist.ru\/fr\/wp-json\/wp\/v2\/tags?post=11124"}],"curies":[{"name":"wp","href":"https:\/\/api.w.org\/{rel}","templated":true}]}}