{"id":11556,"date":"2026-06-04T15:10:11","date_gmt":"2026-06-04T12:10:11","guid":{"rendered":"https:\/\/imgist.ru\/redkij-moment-anny-faris-na-krasnoj-dorozhke-s-synom-dzhekom-sdelal-ee-vozvrashhenie-v-film-uzhasov-eshhe-bolee-priyatnym\/"},"modified":"2026-06-04T15:10:11","modified_gmt":"2026-06-04T12:10:11","slug":"la-presence-danna-faris-sur-le-tapis-rouge-avec-son-fils-jack-un-moment-rare-a-fait-de-son-retour-au-cinema-dhorreur-une-agreable-surprise","status":"publish","type":"post","link":"https:\/\/imgist.ru\/fr\/redkij-moment-anny-faris-na-krasnoj-dorozhke-s-synom-dzhekom-sdelal-ee-vozvrashhenie-v-film-uzhasov-eshhe-bolee-priyatnym\/","title":{"rendered":"La rare apparition d&#039;Anna Faris sur le tapis rouge avec son fils Jack a rendu son retour dans le monde du cin\u00e9ma d&#039;horreur encore plus \u00e9mouvant."},"content":{"rendered":"<p>Anna Faris revient \u00e0 <em>\u00abFilm d&#039;horreur\u00bb<\/em> s&#039;est transform\u00e9e en une soir\u00e9e familiale sur le tapis rouge.<\/p>\n<p> L&#039;actrice a emmen\u00e9 son fils Jack Pratt, \u00e2g\u00e9 de 13 ans, \u00e0 l&#039;avant-premi\u00e8re mondiale. <em>film &quot;Scary Movie&quot;\u00ab<\/em> Le mercredi 3 juin, People a rapport\u00e9 que Faris \u00e9tait accompagn\u00e9e \u00e0 la premi\u00e8re par Jack, son mari Michael Barrett et la fille de ce dernier, Margot Barrett.<\/p>\n<p> Jack portait un costume noir et une chemise blanche, tandis que Faris \u00e9tait v\u00eatue d&#039;une robe noire \u00e0 sequins, dos nu et fendue sur les c\u00f4t\u00e9s. Cette apparition d\u00e9tonait, car Faris, qui a un fils, Jack, avec son ex-mari Chris Pratt, l&#039;a g\u00e9n\u00e9ralement tenu \u00e0 l&#039;\u00e9cart des apparitions publiques.<\/p>\n<h2> Jack rejoint Faris pour un retour majeur dans la franchise.<\/h2>\n<p> Cette premi\u00e8re a marqu\u00e9 le retour de Faris dans le r\u00f4le de Cindy Campbell, qui a fait d&#039;elle l&#039;un des visages embl\u00e9matiques de la franchise originale. <em>\u00abFilm d&#039;horreur\u00bb<\/em> .<\/p>\n<p> Faris a jou\u00e9 Cindy pour la derni\u00e8re fois dans <em>dans le film \u00ab Scary Movie 4 \u00bb<\/em> . Dans ce nouveau film, elle revient plus de 20 ans apr\u00e8s que ce personnage ait contribu\u00e9 \u00e0 lancer sa carri\u00e8re comique.<\/p>\n<p> Faris aurait d\u00e9clar\u00e9 avoir \u00e9t\u00e9 \u00ab choqu\u00e9e et imm\u00e9diatement ravie \u00bb d&#039;apprendre son retour dans le sixi\u00e8me volet.<\/p>\n<p> Elle a \u00e9galement d\u00e9crit cette exp\u00e9rience comme \u00ab r\u00e9paratrice \u00bb, affirmant que cette rencontre lui avait permis de renouer avec des personnes impliqu\u00e9es dans l&#039;une des \u00e9tapes les plus importantes du d\u00e9but de sa carri\u00e8re.<\/p>\n<h2> Margot Barrett a d\u00e9j\u00e0 v\u00e9cu son moment de film d&#039;horreur.<\/h2>\n<\/p>\n<p> Jack n&#039;\u00e9tait pas le seul membre de la famille li\u00e9 \u00e0 cette nuit-l\u00e0.<\/p>\n<p> La belle-fille de Faris, Margot, aurait recr\u00e9\u00e9 l&#039;une des sc\u00e8nes c\u00e9l\u00e8bres de \u00ab <em>Film d&#039;horreur\u00bb<\/em> Faris pour Halloween 2025. Dans sa vid\u00e9o TikTok, Margot a fait du playback sur l&#039;audio de la sc\u00e8ne originale o\u00f9 Ghostface appelle Cindy apr\u00e8s s&#039;\u00eatre introduit par effraction chez elle.<\/p>\n<p> \u00c0 l&#039;\u00e9poque, Faris a republi\u00e9 la vid\u00e9o sur Instagram, \u00e9tablissant ainsi un lien, m\u00eame t\u00e9nu, entre l&#039;apparition de Margot \u00e0 la premi\u00e8re et ce r\u00f4le.<\/p>\n<h2> Les fr\u00e8res Wayans sont de retour eux aussi !<\/h2>\n<p> Dans le nouveau <em>dans le film &quot;Scary Movie&quot;\u00ab<\/em> On retrouve \u00e9galement des acteurs bien connus des premi\u00e8res ann\u00e9es de la franchise.<\/p>\n<p> Selon People, Marlon, Shawn et Keenen Ivory Wayans feront leur retour dans la s\u00e9rie pour la premi\u00e8re fois depuis leur d\u00e9part. <em>film &quot;Scary Movie 2&quot;\u00ab<\/em> .<\/p>\n<p> Faris a d\u00e9clar\u00e9 que cette rencontre lui avait donn\u00e9 l&#039;occasion de remercier les fr\u00e8res Wayans d&#039;une mani\u00e8re qu&#039;elle n&#039;avait pas pu pleinement appr\u00e9cier lorsque le premier film avait chang\u00e9 sa carri\u00e8re.<\/p>\n<p> \u00ab J\u2019avais l\u2019impression que les fr\u00e8res Wayans m\u2019invitaient \u00bb, a-t-elle confi\u00e9 au magazine People. \u00ab Et cette fois, j\u2019ai pu les remercier et avoir la certitude que je n\u2019allais pas \u00eatre licenci\u00e9e, vous voyez ? \u00bb<\/p>\n<h2> Lors de l&#039;avant-premi\u00e8re, Faris a pris une rare photo de famille sur le tapis rouge.<\/h2>\n<p> Premi\u00e8re du nouveau <em>film &quot;Scary Movie&quot;\u00ab<\/em> sortira en salles le vendredi 5 juin.<\/p>\n<p> Pour Faris, cette premi\u00e8re marquait \u00e0 la fois son retour au cin\u00e9ma et ses retrouvailles familiales. Elle reprenait l&#039;un de ses r\u00f4les les plus embl\u00e9matiques aux c\u00f4t\u00e9s de Jack, Michael Barrett et Margot Barrett.<\/p>\n<p> Cela a rendu la soir\u00e9e plus intime qu&#039;une simple avant-premi\u00e8re de franchise. Cindy Campbell a contribu\u00e9 \u00e0 faire d\u00e9couvrir Faris \u00e0 toute une g\u00e9n\u00e9ration de fans de com\u00e9die, et cette fois-ci, sa famille \u00e9tait pr\u00e9sente pour la voir r\u00e9inventer le r\u00f4le.<\/p>","protected":false},"excerpt":{"rendered":"<p>Le retour d&#039;Anna Faris dans \u00ab Scary Movie \u00bb s&#039;est transform\u00e9 en un \u00e9v\u00e9nement familial sur tapis rouge. L&#039;actrice a emmen\u00e9 son fils de 13 ans, Jack Pratt, \u00e0 l&#039;avant-premi\u00e8re mondiale du film\u2026<\/p>","protected":false},"author":1,"featured_media":11557,"comment_status":"open","ping_status":"closed","sticky":false,"template":"","format":"standard","meta":{"footnotes":""},"categories":[6],"tags":[],"class_list":["post-11556","post","type-post","status-publish","format-standard","has-post-thumbnail","hentry","category-kinoindustriya","hvn-theme-has-thumbnail"],"_links":{"self":[{"href":"https:\/\/imgist.ru\/fr\/wp-json\/wp\/v2\/posts\/11556","targetHints":{"allow":["GET"]}}],"collection":[{"href":"https:\/\/imgist.ru\/fr\/wp-json\/wp\/v2\/posts"}],"about":[{"href":"https:\/\/imgist.ru\/fr\/wp-json\/wp\/v2\/types\/post"}],"author":[{"embeddable":true,"href":"https:\/\/imgist.ru\/fr\/wp-json\/wp\/v2\/users\/1"}],"replies":[{"embeddable":true,"href":"https:\/\/imgist.ru\/fr\/wp-json\/wp\/v2\/comments?post=11556"}],"version-history":[{"count":0,"href":"https:\/\/imgist.ru\/fr\/wp-json\/wp\/v2\/posts\/11556\/revisions"}],"wp:featuredmedia":[{"embeddable":true,"href":"https:\/\/imgist.ru\/fr\/wp-json\/wp\/v2\/media\/11557"}],"wp:attachment":[{"href":"https:\/\/imgist.ru\/fr\/wp-json\/wp\/v2\/media?parent=11556"}],"wp:term":[{"taxonomy":"category","embeddable":true,"href":"https:\/\/imgist.ru\/fr\/wp-json\/wp\/v2\/categories?post=11556"},{"taxonomy":"post_tag","embeddable":true,"href":"https:\/\/imgist.ru\/fr\/wp-json\/wp\/v2\/tags?post=11556"}],"curies":[{"name":"wp","href":"https:\/\/api.w.org\/{rel}","templated":true}]}}