{"id":11721,"date":"2026-06-04T16:20:38","date_gmt":"2026-06-04T13:20:38","guid":{"rendered":"https:\/\/imgist.ru\/robert-de-niro-nanyos-trampu-nastolko-ochevidnyj-vypad-chto-emu-dazhe-ne-nuzhno-bylo-nazyvat-ego-imya\/"},"modified":"2026-06-04T16:20:38","modified_gmt":"2026-06-04T13:20:38","slug":"robert-de-niro-alias-nanyos-tramp-etait-une-attaque-tellement-evidente-quil-netait-meme-pas-necessaire-de-le-nommer","status":"publish","type":"post","link":"https:\/\/imgist.ru\/fr\/robert-de-niro-nanyos-trampu-nastolko-ochevidnyj-vypad-chto-emu-dazhe-ne-nuzhno-bylo-nazyvat-ego-imya\/","title":{"rendered":"Robert De Niro a lanc\u00e9 une pique tellement \u00e9vidente \u00e0 l&#039;encontre de Trump qu&#039;il n&#039;a m\u00eame pas eu besoin de mentionner son nom."},"content":{"rendered":"<p><em>Cet article vous a plu\u00a0? Soutenez le journalisme ind\u00e9pendant. Soutenez le HuffPost.<\/em><\/p>\n<p> Mercredi soir, jour d&#039;ouverture du Festival du film de Tribeca, Robert De Niro a critiqu\u00e9 Donald Trump sans mentionner le nom du pr\u00e9sident.<\/p>\n<p> \u00ab Vous savez de qui je parle \u00bb, a d\u00e9clar\u00e9 le laur\u00e9at d&#039;un Oscar au public, opposant ce qu&#039;il a appel\u00e9 l&#039;id\u00e9e de \u00ab rassembler les gens \u00bb au c\u0153ur du Festival du film de New York qu&#039;il a cofond\u00e9 apr\u00e8s les attentats du 11 septembre avec des \u00ab dirigeants monstrueux \u00bb qui \u00ab tentent de nous diviser pour leurs propres fins immorales, cruelles et corrompues \u00bb, rapporte Variety.<\/p>\n<p> <strong>Buzz : Voici 8 s\u00e9ries que NBC a annul\u00e9es en 2026 jusqu&#039;\u00e0 pr\u00e9sent.<\/strong><\/p>\n<p> De Niro a condamn\u00e9 \u00e0 plusieurs reprises Trump, le qualifiant de \u00ab menace existentielle pour nos libert\u00e9s et notre s\u00e9curit\u00e9 \u00bb, de \u00ab pr\u00e9sident philistin \u00bb, de \u00ab monstre \u00bb et de \u00ab tyran \u00bb.<\/p>\n<p> Il l&#039;a \u00e9galement trait\u00e9 d&#039;\u00ab imb\u00e9cile \u00bb et de \u00ab clown \u00bb.<\/p>\n<p> Plus r\u00e9cemment, De Niro a lanc\u00e9 une nouvelle pique \u00e0 Trump lors d&#039;un des derniers segments du &quot;Late Show&quot; de Stephen Colbert.<\/p>\n<p> Parall\u00e8lement, Trump a critiqu\u00e9 \u00e0 plusieurs reprises De Niro sur les r\u00e9seaux sociaux et a m\u00eame menac\u00e9 d&#039;expulser l&#039;acteur, bien qu&#039;il soit citoyen am\u00e9ricain.<\/p>\n<h3> Connect\u00e9\u2026<\/h3>\n<ul>\n<li>\n<p> Kaitlan Collins a relev\u00e9 un d\u00e9tail frappant dans la derni\u00e8re attaque personnelle de Trump \u00e0 son encontre.<\/p>\n<\/li>\n<li>\n<p> Le New York Times a publi\u00e9 un titre cinglant \u00e0 propos du nouveau chef du renseignement de Trump.<\/p>\n<\/li>\n<li>\n<p> La Maison Blanche a inflig\u00e9 une nouvelle insulte \u00e0 Trump et, d&#039;une mani\u00e8re ou d&#039;une autre, a aggrav\u00e9 la situation.<\/p>\n<\/li>\n<\/ul>\n<p> <strong>Lisez l&#039;article original sur HuffPost.<\/strong><\/p>","protected":false},"excerpt":{"rendered":"<p>Cet article vous a plu\u00a0? Soutenez le journalisme ind\u00e9pendant. Soutenez le HuffPost. Mercredi soir, jour d\u2019ouverture du Festival du film de Tribeca, Robert De Niro a critiqu\u00e9 Donald Trump sans mentionner le pr\u00e9sident\u2026<\/p>","protected":false},"author":1,"featured_media":11722,"comment_status":"open","ping_status":"closed","sticky":false,"template":"","format":"standard","meta":{"footnotes":""},"categories":[5],"tags":[],"class_list":["post-11721","post","type-post","status-publish","format-standard","has-post-thumbnail","hentry","category-selebriti","hvn-theme-has-thumbnail"],"_links":{"self":[{"href":"https:\/\/imgist.ru\/fr\/wp-json\/wp\/v2\/posts\/11721","targetHints":{"allow":["GET"]}}],"collection":[{"href":"https:\/\/imgist.ru\/fr\/wp-json\/wp\/v2\/posts"}],"about":[{"href":"https:\/\/imgist.ru\/fr\/wp-json\/wp\/v2\/types\/post"}],"author":[{"embeddable":true,"href":"https:\/\/imgist.ru\/fr\/wp-json\/wp\/v2\/users\/1"}],"replies":[{"embeddable":true,"href":"https:\/\/imgist.ru\/fr\/wp-json\/wp\/v2\/comments?post=11721"}],"version-history":[{"count":0,"href":"https:\/\/imgist.ru\/fr\/wp-json\/wp\/v2\/posts\/11721\/revisions"}],"wp:featuredmedia":[{"embeddable":true,"href":"https:\/\/imgist.ru\/fr\/wp-json\/wp\/v2\/media\/11722"}],"wp:attachment":[{"href":"https:\/\/imgist.ru\/fr\/wp-json\/wp\/v2\/media?parent=11721"}],"wp:term":[{"taxonomy":"category","embeddable":true,"href":"https:\/\/imgist.ru\/fr\/wp-json\/wp\/v2\/categories?post=11721"},{"taxonomy":"post_tag","embeddable":true,"href":"https:\/\/imgist.ru\/fr\/wp-json\/wp\/v2\/tags?post=11721"}],"curies":[{"name":"wp","href":"https:\/\/api.w.org\/{rel}","templated":true}]}}