{"id":1190,"date":"2026-05-29T22:27:56","date_gmt":"2026-05-29T19:27:56","guid":{"rendered":"https:\/\/imgist.ru\/kane-uest-poluchil-razreshenie-ot-pravitelstva-na-vystuplenie-v-niderlandah-nesmotrya-na-protesty\/"},"modified":"2026-05-29T22:27:56","modified_gmt":"2026-05-29T19:27:56","slug":"kane-uest-a-obtenu-lautorisation-du-gouvernement-pour-se-produire-aux-pays-bas-malgre-les-protestations","status":"publish","type":"post","link":"https:\/\/imgist.ru\/fr\/kane-uest-poluchil-razreshenie-ot-pravitelstva-na-vystuplenie-v-niderlandah-nesmotrya-na-protesty\/","title":{"rendered":"Kanye West a re\u00e7u l&#039;autorisation du gouvernement n\u00e9erlandais de se produire aux Pays-Bas malgr\u00e9 les protestations."},"content":{"rendered":"<p>La veille du coup d&#039;envoi de sa tourn\u00e9e estivale \u00e0 Istanbul, Kanye West a re\u00e7u l&#039;autorisation des autorit\u00e9s n\u00e9erlandaises de se produire dans la ville d&#039;Arnhelm les 6 et 8 juin, malgr\u00e9 les manifestations et la r\u00e9sistance dans le pays.<\/p>\n<p> \u00ab Il doit exister des motifs imp\u00e9rieux pour refuser l&#039;entr\u00e9e sur le territoire. Nos analyses n&#039;en ont r\u00e9v\u00e9l\u00e9 aucun \u00bb, a d\u00e9clar\u00e9 vendredi le vice-Premier ministre Bart van den Brink, selon Reuters. \u00ab Ses d\u00e9clarations pass\u00e9es ne constituent pas, \u00e0 l&#039;heure actuelle, un motif de refus d&#039;entr\u00e9e. \u00bb.<\/p>\n<p> <strong>Plus d&#039;articles de Variety<\/strong> <\/p>\n<ul>\n<li>\n<p> Jon Stewart et Seth Rogen s&#039;en prennent \u00e0 Kanye West pour sa tentative de retour : \u00ab Qu&#039;il aille se faire voir ! \u00bb <\/p>\n<\/li>\n<li>\n<p> Le prochain concert de Kanye West en Italie a suscit\u00e9 l&#039;indignation apr\u00e8s l&#039;annulation de ses spectacles au Royaume-Uni, en France, en Suisse et en Pologne. <\/p>\n<\/li>\n<li>\n<p> Un club de football suisse a annul\u00e9 un concert de Kanye West, d\u00e9clarant que cela \u00ab ne correspond pas \u00e0 nos valeurs \u00bb. <\/p>\n<\/li>\n<\/ul>\n<p> Van den Brink faisait r\u00e9f\u00e9rence aux propos antis\u00e9mites tenus par Kanye West ces derni\u00e8res ann\u00e9es, notamment la sortie d&#039;une chanson intitul\u00e9e \u00ab Heil Hitler \u00bb, qui a suscit\u00e9 l&#039;indignation de nombreux fans et observateurs \u00e0 travers le monde. Bien que West se soit excus\u00e9, invoquant des probl\u00e8mes de sant\u00e9 mentale, beaucoup doutent de sa sinc\u00e9rit\u00e9.<\/p>\n<p> En janvier, West a publi\u00e9 une publicit\u00e9 pleine page dans le Wall Street Journal demandant pardon et attribuant son comportement \u00e0 un diagnostic de trouble bipolaire de type I, qui a d\u00e9clench\u00e9 \u00ab un \u00e9pisode maniaque de quatre mois de comportement psychotique, parano\u00efaque et impulsif qui a d\u00e9truit ma vie \u00bb.<\/p>\n<p> Plus t\u00f4t ce mois-ci, une majorit\u00e9 de d\u00e9put\u00e9s n\u00e9erlandais ont demand\u00e9 l&#039;interdiction d&#039;entr\u00e9e sur le territoire am\u00e9ricain pour les ressortissants de l&#039;ouest du pays, selon la cha\u00eene de t\u00e9l\u00e9vision publique n\u00e9erlandaise NOS. Le Centre d&#039;information et de documentation sur Isra\u00ebl (CIDI) a \u00e9galement appel\u00e9 \u00e0 une interdiction d&#039;entr\u00e9e.<\/p>\n<p> En avril, Kanye West s&#039;est vu interdire l&#039;entr\u00e9e au Royaume-Uni, ce qui a entra\u00een\u00e9 l&#039;annulation de sa participation \u00e0 un festival. En France, le maire de Marseille, o\u00f9 il devait se produire, a d\u00e9clar\u00e9\u00a0: \u00ab\u00a0Kanye West n&#039;est pas le bienvenu ici\u00a0\u00bb, selon le Guardian. Le ministre de l&#039;Int\u00e9rieur fran\u00e7ais, Laurent Nunes, \u00e9tait lui aussi \u00ab\u00a0extr\u00eamement d\u00e9termin\u00e9\u00a0\u00bb \u00e0 emp\u00eacher le concert, d&#039;apr\u00e8s Le Monde. Une salle de spectacle en Pologne a \u00e9galement annul\u00e9 sa repr\u00e9sentation, vraisemblablement sous la pression du gouvernement. <\/p>\n<p> Vendredi matin, 75\u00a0000 billets avaient d\u00e9j\u00e0 \u00e9t\u00e9 vendus pour le concert de Kanye West \u00e0 Istanbul. La tourn\u00e9e comprend dix concerts, notamment en Turquie et aux Pays-Bas.<\/p>\n<p> <strong>Le meilleur de la vari\u00e9t\u00e9<\/strong> <\/p>\n<ul>\n<li>\n<p> Quelles sont les nouveaut\u00e9s sur Disney+ en juin 2026\u00a0? <\/p>\n<\/li>\n<li>\n<p> Quelles sont les nouveaut\u00e9s sur Netflix en juin 2026 ? <\/p>\n<\/li>\n<li>\n<p> Pr\u00e9dictions pour les Tony Awards\u00a0: les premi\u00e8res pr\u00e9dictions incluent \u00ab\u00a0Death of a Salesman\u00a0\u00bb et \u00ab\u00a0The Lost Boys\u00a0\u00bb, ainsi que des records possibles pour Squibb, Lithgow et Apple.<\/p>\n<\/li>\n<\/ul>\n<p> Abonnez-vous \u00e0 la newsletter de Variety. Pour les derni\u00e8res actualit\u00e9s, suivez-nous sur Facebook, Twitter et Instagram. .<\/p>","protected":false},"excerpt":{"rendered":"<p>La veille du coup d&#039;envoi de sa tourn\u00e9e estivale \u00e0 Istanbul, Kanye West a re\u00e7u l&#039;autorisation des autorit\u00e9s n\u00e9erlandaises de se produire dans la ville d&#039;Arnhelm les 6 et 8\u2026<\/p>","protected":false},"author":1,"featured_media":1191,"comment_status":"open","ping_status":"closed","sticky":false,"template":"","format":"standard","meta":{"footnotes":""},"categories":[7],"tags":[],"class_list":["post-1190","post","type-post","status-publish","format-standard","has-post-thumbnail","hentry","category-muzyka","hvn-theme-has-thumbnail"],"_links":{"self":[{"href":"https:\/\/imgist.ru\/fr\/wp-json\/wp\/v2\/posts\/1190","targetHints":{"allow":["GET"]}}],"collection":[{"href":"https:\/\/imgist.ru\/fr\/wp-json\/wp\/v2\/posts"}],"about":[{"href":"https:\/\/imgist.ru\/fr\/wp-json\/wp\/v2\/types\/post"}],"author":[{"embeddable":true,"href":"https:\/\/imgist.ru\/fr\/wp-json\/wp\/v2\/users\/1"}],"replies":[{"embeddable":true,"href":"https:\/\/imgist.ru\/fr\/wp-json\/wp\/v2\/comments?post=1190"}],"version-history":[{"count":0,"href":"https:\/\/imgist.ru\/fr\/wp-json\/wp\/v2\/posts\/1190\/revisions"}],"wp:featuredmedia":[{"embeddable":true,"href":"https:\/\/imgist.ru\/fr\/wp-json\/wp\/v2\/media\/1191"}],"wp:attachment":[{"href":"https:\/\/imgist.ru\/fr\/wp-json\/wp\/v2\/media?parent=1190"}],"wp:term":[{"taxonomy":"category","embeddable":true,"href":"https:\/\/imgist.ru\/fr\/wp-json\/wp\/v2\/categories?post=1190"},{"taxonomy":"post_tag","embeddable":true,"href":"https:\/\/imgist.ru\/fr\/wp-json\/wp\/v2\/tags?post=1190"}],"curies":[{"name":"wp","href":"https:\/\/api.w.org\/{rel}","templated":true}]}}