{"id":11967,"date":"2026-06-04T18:14:23","date_gmt":"2026-06-04T15:14:23","guid":{"rendered":"http:\/\/imgist.ru\/elison-bri-obyasnyaet-pochemu-larri-devid-stal-tezkoj-ee-parika-vlasteliny-vselennoj-video\/"},"modified":"2026-06-04T18:14:23","modified_gmt":"2026-06-04T15:14:23","slug":"elison-brie-explique-pourquoi-larry-david-a-donne-son-nom-a-sa-perruque-inspiree-de-la-serie-les-maitres-de-lunivers","status":"publish","type":"post","link":"https:\/\/imgist.ru\/fr\/elison-bri-obyasnyaet-pochemu-larri-devid-stal-tezkoj-ee-parika-vlasteliny-vselennoj-video\/","title":{"rendered":"Alison Brie explique pourquoi Larry David a donn\u00e9 son nom \u00e0 sa perruque des \u00ab\u00a0Ma\u00eetres de l&#039;Univers\u00a0\u00bb | Vid\u00e9o"},"content":{"rendered":"<p>Larry David n&#039;appara\u00eet peut-\u00eatre pas dans Les Ma\u00eetres de l&#039;Univers, mais son esprit y est certainement pr\u00e9sent. D&#039;ailleurs, selon Alison Brie, sa perruque pour le film porte son nom.<\/p>\n<p> Brie incarne Evil Lynn dans le film Amazon MGM, bras droit de Skeletor (Jared Leto). Son personnage a les cheveux enti\u00e8rement blancs, et lors de son passage dans l&#039;\u00e9mission \u00ab Late Night with Seth Meyers \u00bb mercredi, Brie a expliqu\u00e9 avoir obtenu ce look gr\u00e2ce \u00e0 un bonnet chauve modifi\u00e9. Au lieu d&#039;utiliser un bonnet chauve avec une perruque par-dessus et un accessoire de t\u00eate, elle a simplement utilis\u00e9 un bonnet chauve avec une m\u00e8che de cheveux en dessous.<\/p>\n<p> \u00ab Il lui fallait un nom parce que c&#039;\u00e9tait vraiment g\u00eanant \u00bb, a admis l&#039;actrice. \u00ab Alors on a commenc\u00e9 \u00e0 l&#039;appeler &quot;Larry David&quot;. \u00ab.<\/p>\n<p> Myers a ensuite montr\u00e9 une photo de la star de Curb Your Enthusiasm \u00e0 c\u00f4t\u00e9 d&#039;une photo de Brie portant une perruque, et en effet, la ressemblance \u00e9tait frappante.<\/p>\n<p> \u00ab Je m&#039;en suis rendu compte en me disant : &quot;Pourquoi Larry n&#039;est-il pas si effrayant ?&quot; Et tout est une question de favoris ! \u201e a-t-elle d\u00e9clar\u00e9. \u201c Je pense que si j&#039;avais des favoris blancs, tout serait r\u00e9gl\u00e9. \u00bb.<\/p>\n<p> Meyers a acquiesc\u00e9, mais a rapidement plaisant\u00e9 en disant que les fans inconditionnels de He-Man seraient profond\u00e9ment contrari\u00e9s par ce changement, ajoutant : \u00ab Je suis \u00e9galement content qu&#039;Evil-Lyn n&#039;ait pas la m\u00eame voix que Larry David. \u00bb.<\/p>\n<p> Vous pouvez visionner la prestation compl\u00e8te d&#039;Alison Brie dans l&#039;\u00e9mission \u00ab Late Night with Seth Meyers \u00bb dans la vid\u00e9o ci-dessus.<\/p>\n<p> Les Ma\u00eetres de l&#039;Univers sortiront en salles dans le monde entier le 5 juin.<\/p>\n<p> L&#039;article \u00ab Alison Brie explique pourquoi Larry David a donn\u00e9 son nom \u00e0 sa perruque de &#039;Masters of the Universe&#039; | Vid\u00e9o \u00ab est paru initialement sur TheWrap.<\/p>","protected":false},"excerpt":{"rendered":"<p>Larry David n&#039;appara\u00eet certes pas dans Les Ma\u00eetres de l&#039;Univers, mais son esprit y \u00e9tait certainement pr\u00e9sent. Le hic, c&#039;est que, d&#039;apr\u00e8s Alison Brie, sa perruque pour le film\u2026<\/p>","protected":false},"author":1,"featured_media":11968,"comment_status":"open","ping_status":"closed","sticky":false,"template":"","format":"standard","meta":{"footnotes":""},"categories":[6],"tags":[],"class_list":["post-11967","post","type-post","status-publish","format-standard","has-post-thumbnail","hentry","category-kinoindustriya","hvn-theme-has-thumbnail"],"_links":{"self":[{"href":"https:\/\/imgist.ru\/fr\/wp-json\/wp\/v2\/posts\/11967","targetHints":{"allow":["GET"]}}],"collection":[{"href":"https:\/\/imgist.ru\/fr\/wp-json\/wp\/v2\/posts"}],"about":[{"href":"https:\/\/imgist.ru\/fr\/wp-json\/wp\/v2\/types\/post"}],"author":[{"embeddable":true,"href":"https:\/\/imgist.ru\/fr\/wp-json\/wp\/v2\/users\/1"}],"replies":[{"embeddable":true,"href":"https:\/\/imgist.ru\/fr\/wp-json\/wp\/v2\/comments?post=11967"}],"version-history":[{"count":0,"href":"https:\/\/imgist.ru\/fr\/wp-json\/wp\/v2\/posts\/11967\/revisions"}],"wp:featuredmedia":[{"embeddable":true,"href":"https:\/\/imgist.ru\/fr\/wp-json\/wp\/v2\/media\/11968"}],"wp:attachment":[{"href":"https:\/\/imgist.ru\/fr\/wp-json\/wp\/v2\/media?parent=11967"}],"wp:term":[{"taxonomy":"category","embeddable":true,"href":"https:\/\/imgist.ru\/fr\/wp-json\/wp\/v2\/categories?post=11967"},{"taxonomy":"post_tag","embeddable":true,"href":"https:\/\/imgist.ru\/fr\/wp-json\/wp\/v2\/tags?post=11967"}],"curies":[{"name":"wp","href":"https:\/\/api.w.org\/{rel}","templated":true}]}}