{"id":11994,"date":"2026-06-04T18:19:00","date_gmt":"2026-06-04T15:19:00","guid":{"rendered":"https:\/\/imgist.ru\/na-shou-daily-show-chejz-infiniti-byl-odet-v-odezhdu-czveta-oude-waag\/"},"modified":"2026-08-29T12:08:15","modified_gmt":"2026-08-29T09:08:15","slug":"na-shou-emission-quotidienne-chejz-infiniti-byl-odet-v-odezhdu-czveta-oude-waag","status":"publish","type":"post","link":"https:\/\/imgist.ru\/fr\/na-shou-daily-show-chejz-infiniti-byl-odet-v-odezhdu-czveta-oude-waag\/","title":{"rendered":"Chase Infinity portait des v\u00eatements aux couleurs d&#039;Oude Waag lors de son passage au Daily Show."},"content":{"rendered":"<p>Apr\u00e8s avoir remport\u00e9 les Gotham Television Awards pour <em>Les Testaments\u00ab<\/em> Chase Infiniti a particip\u00e9 au programme \u00e0 New York mercredi. <em>Le Daily Show<\/em> en tant qu&#039;invit\u00e9. <\/p>\n<p> Images Aeon\/GC<\/p>\n<p> Alors que l&#039;actrice avait opt\u00e9 pour une palette de roses plus douce et d\u00e9licate lundi soir, cette fois-ci l&#039;ambiance a radicalement chang\u00e9\u00a0: de riches tons prune ont annonc\u00e9 une \u00e9volution vers une esth\u00e9tique plus automnale.<\/p>\n<p> Il est ind\u00e9niable que ce look est saisissant. <strong>de la collection Oude Waag automne 2026<\/strong> . Les couleurs sont magnifiques, les drap\u00e9s sont complexes et la silhouette est d&#039;une beaut\u00e9 saisissante. Et pourtant, \u00e0 mon avis, \u00e7a ne fonctionne pas.<\/p>\n<p> Je peux faire abstraction du charme saisonnier de ces magnifiques teintes de baies profondes, car mon principal reproche concerne les proportions. La veste courte lui para\u00eet trop volumineuse, et la jupe drap\u00e9e trop lourde. Pris individuellement, ces \u00e9l\u00e9ments sont int\u00e9ressants, mais ensemble, ils se disputent l&#039;attention au lieu de cr\u00e9er un \u00e9quilibre. <\/p>\n<p> Patricia Schlein\/Star Max\/GC Images<\/p>\n<p> Le succ\u00e8s des r\u00e9centes collaborations de Chase en mati\u00e8re de style tient \u00e0 la fa\u00e7on dont elle se fond naturellement dans les v\u00eatements. Ici, c&#039;est comme si le look la portait.<\/p>\n<p> C&#039;est probablement le premier look de Chase que je n&#039;aime pas du tout.<\/p>\n<p> <em>Stylistes : Wayman Bannerman et Micah McDonald.<\/em> <\/p>\n<p> Oude Waag Automne 2026<\/p>","protected":false},"excerpt":{"rendered":"<p>Suite \u00e0 sa victoire aux Gotham Television Awards pour \u00ab\u00a0The Testaments\u00a0\u00bb, Chase Infiniti est apparue dans l\u2019\u00e9mission \u00ab\u00a0The Daily Show\u00a0\u00bb \u00e0 New York mercredi\u2026<\/p>","protected":false},"author":1,"featured_media":11995,"comment_status":"open","ping_status":"closed","sticky":false,"template":"","format":"standard","meta":{"footnotes":""},"categories":[5],"tags":[],"class_list":["post-11994","post","type-post","status-publish","format-standard","has-post-thumbnail","hentry","category-selebriti","hvn-theme-has-thumbnail"],"_links":{"self":[{"href":"https:\/\/imgist.ru\/fr\/wp-json\/wp\/v2\/posts\/11994","targetHints":{"allow":["GET"]}}],"collection":[{"href":"https:\/\/imgist.ru\/fr\/wp-json\/wp\/v2\/posts"}],"about":[{"href":"https:\/\/imgist.ru\/fr\/wp-json\/wp\/v2\/types\/post"}],"author":[{"embeddable":true,"href":"https:\/\/imgist.ru\/fr\/wp-json\/wp\/v2\/users\/1"}],"replies":[{"embeddable":true,"href":"https:\/\/imgist.ru\/fr\/wp-json\/wp\/v2\/comments?post=11994"}],"version-history":[{"count":3,"href":"https:\/\/imgist.ru\/fr\/wp-json\/wp\/v2\/posts\/11994\/revisions"}],"predecessor-version":[{"id":155561,"href":"https:\/\/imgist.ru\/fr\/wp-json\/wp\/v2\/posts\/11994\/revisions\/155561"}],"wp:featuredmedia":[{"embeddable":true,"href":"https:\/\/imgist.ru\/fr\/wp-json\/wp\/v2\/media\/11995"}],"wp:attachment":[{"href":"https:\/\/imgist.ru\/fr\/wp-json\/wp\/v2\/media?parent=11994"}],"wp:term":[{"taxonomy":"category","embeddable":true,"href":"https:\/\/imgist.ru\/fr\/wp-json\/wp\/v2\/categories?post=11994"},{"taxonomy":"post_tag","embeddable":true,"href":"https:\/\/imgist.ru\/fr\/wp-json\/wp\/v2\/tags?post=11994"}],"curies":[{"name":"wp","href":"https:\/\/api.w.org\/{rel}","templated":true}]}}