{"id":12004,"date":"2026-06-04T18:19:57","date_gmt":"2026-06-04T15:19:57","guid":{"rendered":"https:\/\/imgist.ru\/podrobnosti-neprostoj-lichnoj-zhizni-dzhejsona-sudejkisa-posle-rasstavaniya-s-oliviej-uajld\/"},"modified":"2026-08-29T12:08:15","modified_gmt":"2026-08-29T09:08:15","slug":"details-de-la-vie-personnelle-compliquee-de-jason-sudejkis-apres-sa-separation-davec-olivia-wald","status":"publish","type":"post","link":"https:\/\/imgist.ru\/fr\/podrobnosti-neprostoj-lichnoj-zhizni-dzhejsona-sudejkisa-posle-rasstavaniya-s-oliviej-uajld\/","title":{"rendered":"D\u00e9tails de la vie personnelle difficile de Jason Sudeikis apr\u00e8s sa s\u00e9paration d&#039;avec Olivia Wilde."},"content":{"rendered":"<p><strong>Jason Sudeikis<\/strong> Il parle ouvertement et honn\u00eatement des r\u00e9alit\u00e9s \u00e9motionnelles li\u00e9es \u00e0 ses relations amoureuses dans les ann\u00e9es qui ont suivi sa rupture tr\u00e8s m\u00e9diatis\u00e9e avec son ex-partenaire. <strong>Olivia Wilde<\/strong> .<\/p>\n<p> La c\u00e9l\u00e8bre vedette de t\u00e9l\u00e9vision a admis que son retour \u00e0 la vie publique comporte des d\u00e9fis uniques, car il doit concilier besoins personnels, vie professionnelle et responsabilit\u00e9s familiales.<\/p>\n<p> Malgr\u00e9 l&#039;\u00e9volution de sa vie recluse, l&#039;acteur reste fid\u00e8le \u00e0 ses priorit\u00e9s et se concentre sur sa famille.<\/p>\n<p> Les relations amoureuses apr\u00e8s une rupture pr\u00e9sentent des d\u00e9fis \u00e9motionnels uniques pour Jason Sudeikis.<\/p>\n<p> L&#039;acteur de 50 ans, connu pour son r\u00f4le dans \u00ab Ted Lasso \u00bb, s&#039;est confi\u00e9 sur les hauts et les bas de sa vie personnelle lors de son passage dans le dernier \u00e9pisode du podcast \u00ab Friends Keep Secrets \u00bb, anim\u00e9 par Benny Blanco, Lil Dicky et Christine Bataluccio.<\/p>\n<p> Au cours de la conversation, on a demand\u00e9 \u00e0 Sudeikis s&#039;il envisagerait d&#039;agrandir sa famille et d&#039;avoir d&#039;autres enfants \u00e0 l&#039;avenir. L&#039;acteur a r\u00e9pondu avec franchise qu&#039;il serait tout \u00e0 fait ouvert \u00e0 cette id\u00e9e s&#039;il tombait amoureux \u00e0 nouveau.<\/p>\n<p> Il est \u00e0 noter qu&#039;il a actuellement deux enfants avec son ex-fianc\u00e9e Wilde\u00a0: un fils de 12\u00a0ans, Otis Alexander, et une fille de 9\u00a0ans, Daisy Josephine.<\/p>\n<p> Le c\u00e9l\u00e8bre couple hollywoodien s&#039;est s\u00e9par\u00e9 officiellement en 2020 apr\u00e8s sept ans de fian\u00e7ailles. Interrog\u00e9 sans d\u00e9tour par Lil Dicky sur son c\u00e9libat, l&#039;humoriste a confirm\u00e9 qu&#039;il \u00e9tait c\u00e9libataire, expliquant que naviguer dans le monde des rencontres lorsqu&#039;on est parent d&#039;\u00e2ge m\u00fbr peut \u00eatre une exp\u00e9rience d\u00e9routante.<\/p>\n<p> \u00ab Je n&#039;en suis pas \u00e0 un stade de ma vie o\u00f9, vous savez, il est agr\u00e9able ou satisfaisant de fr\u00e9quenter plusieurs personnes \u00e0 la fois \u00bb, a-t-il d\u00e9clar\u00e9. \u00ab Oui, cela peut para\u00eetre intimidant et accablant, surtout quand on est parent \u00bb, a-t-il ajout\u00e9.<\/p>\n<p> L&#039;acteur a d\u00e9clar\u00e9 qu&#039;il pr\u00e9f\u00e9rait \u00eatre dans une relation s\u00e9rieuse plut\u00f4t que de fr\u00e9quenter plusieurs personnes \u00e0 la fois, soulignant que ses jeunes enfants occuperaient toujours la place la plus importante dans sa vie.<\/p>\n<h2> <strong>Un ancien couple hollywoodien a mis fin \u00e0 une longue bataille juridique concernant la garde financi\u00e8re.<\/strong> <\/h2>\n<p> M\u00e9ga<\/p>\n<p> Le fait de placer ses enfants au premier plan de ses priorit\u00e9s intervient apr\u00e8s une bataille judiciaire tr\u00e8s m\u00e9diatis\u00e9e de dix-huit mois concernant leur garde et leur \u00e9ducation futures.<\/p>\n<p> En 2023, l&#039;humoriste et son ex-compagne ont finalement mis fin \u00e0 leur \u00e2pre bataille pour la garde de leurs enfants, parvenant \u00e0 un accord global concernant leurs enfants mineurs.<\/p>\n<p> Selon The Blast, l&#039;acteur de We&#039;re the Millers a \u00e9t\u00e9 condamn\u00e9 \u00e0 verser \u00e0 l&#039;actrice une pension alimentaire mensuelle de 27 500 dollars, dont 10 300 dollars pour son fils et 17 200 dollars pour sa fille.<\/p>\n<p> Finalement, les ex-\u00e9poux ont convenu d&#039;une garde partag\u00e9e des enfants mineurs, \u00e0 raison d&#039;une visite par semaine. De plus, le tribunal a ordonn\u00e9 \u00e0 l&#039;acteur de prendre en charge 25 % des frais de garde des enfants de la m\u00e8re, compte tenu de sa situation financi\u00e8re nettement plus avantageuse.<\/p>\n<h2> <strong>Retour sur l&#039;histoire d&#039;un ancien couple<\/strong> <\/h2>\n<p> M\u00e9ga<\/p>\n<p> Avant que ces arrangements financiers et de garde sp\u00e9cifiques ne soient r\u00e9gl\u00e9s par le tribunal, l&#039;ancien couple a travers\u00e9 une p\u00e9riode largement m\u00e9diatis\u00e9e.<\/p>\n<p> Les deux stars hollywoodiennes se sont rencontr\u00e9es pour la premi\u00e8re fois en mai 2011 lors d&#039;une f\u00eate suivant la derni\u00e8re \u00e9mission de \u00ab Saturday Night Live \u00bb. L&#039;actrice a trouv\u00e9 le com\u00e9dien incroyablement charmant et a \u00e9t\u00e9 particuli\u00e8rement impressionn\u00e9e par ses talents de danseur.<\/p>\n<p> Bien qu&#039;il ait obtenu ses coordonn\u00e9es, il a d\u00e9lib\u00e9r\u00e9ment attendu un mois entier avant de finalement lui envoyer un SMS, rapporte le magazine People.<\/p>\n<p> Ils ont \u00e9chang\u00e9 leurs premiers messages en 2011, puis sont sortis ensemble pour la premi\u00e8re fois et se sont embrass\u00e9s la m\u00eame ann\u00e9e. Ils ont eu un fils en 2014 et un deuxi\u00e8me enfant en 2016. Cependant, en 2020, des rumeurs ont circul\u00e9 selon lesquelles ils auraient rompu leurs fian\u00e7ailles.<\/p>\n<h2> <strong>Olivia Wilde s&#039;est retrouv\u00e9e sous les feux des projecteurs suite aux fian\u00e7ailles tr\u00e8s m\u00e9diatis\u00e9es de Harry Styles.<\/strong> <\/h2>\n<p> MEGA<\/p>\n<p> Suite \u00e0 sa rupture tr\u00e8s m\u00e9diatis\u00e9e, Olivia Wilde s&#039;est retrouv\u00e9e de nouveau sous les feux des projecteurs lorsque la nouvelle a \u00e9clat\u00e9 que son c\u00e9l\u00e8bre ex-petit ami, Harry Styles, se serait fianc\u00e9 \u00e0 Zo\u00eb Kravitz apr\u00e8s huit mois de relation.<\/p>\n<p> Ces rumeurs de fian\u00e7ailles soudaines ont naturellement ramen\u00e9 le r\u00e9alisateur sur le devant de la sc\u00e8ne, lui dont la relation tr\u00e8s m\u00e9diatis\u00e9e de pr\u00e8s de deux ans avec l&#039;ancien membre des One Direction avait fait la une des journaux du monde entier.<\/p>\n<p> Selon The Blast, une source proche de l&#039;actrice a r\u00e9v\u00e9l\u00e9 que, bien qu&#039;elle soit apparue parfaitement calme lors de cet \u00e9v\u00e9nement professionnel, le moment choisi pour cette annonce a naturellement fait ressurgir de vieux souvenirs.<\/p>\n<p> La source a pr\u00e9cis\u00e9 que la rupture initiale avec le chanteur avait \u00e9t\u00e9 une exp\u00e9rience incroyablement douloureuse pour la star, mais a not\u00e9 qu&#039;apr\u00e8s la rupture, elle avait fr\u00e9quent\u00e9 d&#039;autres personnes avec succ\u00e8s et avait tourn\u00e9 la page.<\/p>\n<h2> <strong>Jason Sudeikis s&#039;est \u00e9galement retrouv\u00e9 sous les feux des projecteurs en raison de conflits survenus en coulisses pendant le tournage.<\/strong> <\/h2>\n<p> OConnor\/AFF-USA.com \/ MEGA<\/p>\n<p> Tout comme son ex-compagne a d\u00fb faire face \u00e0 la publicit\u00e9 entourant leur relation pass\u00e9e, Sudeikis a \u00e9galement \u00e9t\u00e9 soumis \u00e0 un examen m\u00e9diatique intense concernant sa conduite professionnelle.<\/p>\n<p> La vague soudaine de critiques a \u00e9clat\u00e9 apr\u00e8s que sa partenaire \u00e0 l&#039;\u00e9cran, Hannah Waddingham, a publiquement admis qu&#039;elle et l&#039;acteur principal entretenaient une relation difficile, pleine de contradictions, en raison des changements constants apport\u00e9s au sc\u00e9nario, rapporte The Blast.<\/p>\n<p> L&#039;actrice a r\u00e9v\u00e9l\u00e9 que le cr\u00e9ateur de la s\u00e9rie r\u00e9\u00e9crivait r\u00e9guli\u00e8rement des sc\u00e8nes \u00e0 la derni\u00e8re minute avant le tournage. Bien qu&#039;elle ait d\u00e9crit le processus de travail avec une certaine retenue, de nombreux professionnels du secteur affirment que son m\u00e9contentement quant \u00e0 l&#039;environnement de travail est partag\u00e9 par d&#039;autres membres de l&#039;\u00e9quipe.<\/p>\n<p> L&#039;article \u00ab Un aper\u00e7u de la vie personnelle \u00ab compliqu\u00e9e \u00bb de Jason Sudeikis apr\u00e8s sa s\u00e9paration avec Olivia Wilde \u00bb est paru initialement sur The Blast.<\/p>","protected":false},"excerpt":{"rendered":"<p>Jason Sudeikis se confie avec franchise et honn\u00eatet\u00e9 sur les r\u00e9alit\u00e9s \u00e9motionnelles de ses relations amoureuses au cours des ann\u00e9es qui ont suivi sa rupture tr\u00e8s m\u00e9diatis\u00e9e avec son ancienne compagne, Olivia Wilde.<\/p>","protected":false},"author":1,"featured_media":12005,"comment_status":"open","ping_status":"closed","sticky":false,"template":"","format":"standard","meta":{"footnotes":""},"categories":[5],"tags":[],"class_list":["post-12004","post","type-post","status-publish","format-standard","has-post-thumbnail","hentry","category-selebriti","hvn-theme-has-thumbnail"],"_links":{"self":[{"href":"https:\/\/imgist.ru\/fr\/wp-json\/wp\/v2\/posts\/12004","targetHints":{"allow":["GET"]}}],"collection":[{"href":"https:\/\/imgist.ru\/fr\/wp-json\/wp\/v2\/posts"}],"about":[{"href":"https:\/\/imgist.ru\/fr\/wp-json\/wp\/v2\/types\/post"}],"author":[{"embeddable":true,"href":"https:\/\/imgist.ru\/fr\/wp-json\/wp\/v2\/users\/1"}],"replies":[{"embeddable":true,"href":"https:\/\/imgist.ru\/fr\/wp-json\/wp\/v2\/comments?post=12004"}],"version-history":[{"count":4,"href":"https:\/\/imgist.ru\/fr\/wp-json\/wp\/v2\/posts\/12004\/revisions"}],"predecessor-version":[{"id":155566,"href":"https:\/\/imgist.ru\/fr\/wp-json\/wp\/v2\/posts\/12004\/revisions\/155566"}],"wp:featuredmedia":[{"embeddable":true,"href":"https:\/\/imgist.ru\/fr\/wp-json\/wp\/v2\/media\/12005"}],"wp:attachment":[{"href":"https:\/\/imgist.ru\/fr\/wp-json\/wp\/v2\/media?parent=12004"}],"wp:term":[{"taxonomy":"category","embeddable":true,"href":"https:\/\/imgist.ru\/fr\/wp-json\/wp\/v2\/categories?post=12004"},{"taxonomy":"post_tag","embeddable":true,"href":"https:\/\/imgist.ru\/fr\/wp-json\/wp\/v2\/tags?post=12004"}],"curies":[{"name":"wp","href":"https:\/\/api.w.org\/{rel}","templated":true}]}}