{"id":12016,"date":"2026-06-04T18:21:10","date_gmt":"2026-06-04T15:21:10","guid":{"rendered":"https:\/\/imgist.ru\/emiliya-klark-otkrovenno-rasskazala-o-dvuh-krovoizliyaniyah-v-mozg-kotorye-ona-perenesla-v-vozraste-okolo-20-let\/"},"modified":"2026-08-29T12:08:18","modified_gmt":"2026-08-29T09:08:18","slug":"emilia-clarke-a-parle-ouvertement-des-deux-hemorragies-cerebrales-dont-elle-a-souffert-au-debut-de-la-vingtaine","status":"publish","type":"post","link":"https:\/\/imgist.ru\/fr\/emiliya-klark-otkrovenno-rasskazala-o-dvuh-krovoizliyaniyah-v-mozg-kotorye-ona-perenesla-v-vozraste-okolo-20-let\/","title":{"rendered":"Emilia Clarke a parl\u00e9 ouvertement des deux h\u00e9morragies c\u00e9r\u00e9brales dont elle a souffert au d\u00e9but de la vingtaine."},"content":{"rendered":"<p>Pendant des ann\u00e9es, la star hollywoodienne Emilia Clarke n&#039;a pas parl\u00e9 publiquement des deux h\u00e9morragies c\u00e9r\u00e9brales dont elle a \u00e9t\u00e9 victime au d\u00e9but de la vingtaine. \u00ab Il m&#039;a fallu des ann\u00e9es pour accepter la v\u00e9rit\u00e9 \u00bb, a-t-elle d\u00e9clar\u00e9 mercredi lors d&#039;un discours prononc\u00e9 apr\u00e8s avoir \u00e9t\u00e9 honor\u00e9e \u00e0 l&#039;\u00e9v\u00e9nement \u00ab Power of Women \u00bb organis\u00e9 par Variety \u00e0 Londres.<\/p>\n<p> Lorsque Clarke a partag\u00e9 son exp\u00e9rience en 2019, \u00ab nous avons \u00e9t\u00e9 submerg\u00e9s par les r\u00e9actions \u00bb, a-t-elle ajout\u00e9, d\u00e9crivant l&#039;impact \u00e0 long terme de cette exp\u00e9rience.<\/p>\n<p> \u00ab En 2011, je ne voulais pas que quiconque soit au courant de mes h\u00e9morragies c\u00e9r\u00e9brales \u00bb, a d\u00e9clar\u00e9 l&#039;actrice britannique, surtout connue pour son r\u00f4le de Daenerys Targaryen dans Game of Thrones. \u00ab J&#039;avais honte et j&#039;\u00e9tais sous le choc d&#039;un diagnostic que je ne comprenais pas. \u00bb.<\/p>\n<p> \u00ab Quinze ans apr\u00e8s mes premi\u00e8res saignements, je r\u00e9alise \u00e0 quel point cette p\u00e9riode a \u00e9t\u00e9 difficile \u00bb, a-t-elle ajout\u00e9.<\/p>\n<p> Apr\u00e8s deux h\u00e9morragies \u2013 l\u2019une en 2011 et l\u2019autre en 2013 \u2013 elle d\u00e9clare qu\u2019elle \u00ab n\u2019a jamais eu l\u2019occasion de comprendre ce que deux l\u00e9sions c\u00e9r\u00e9brales lui avaient fait, car elle pouvait marcher, parler, \u00eatre elle-m\u00eame, se souvenir de ses r\u00e9pliques et \u00e9tait de retour sur le plateau de tournage quelques semaines apr\u00e8s les deux l\u00e9sions c\u00e9r\u00e9brales. \u00bb.<\/p>\n<p> Clark, \u00e2g\u00e9e de 39 ans, a d\u00e9clar\u00e9 avoir tent\u00e9 de minimiser d&#039;autres cons\u00e9quences. \u00ab J&#039;ai ignor\u00e9 ce qui se passait avec mes hormones, ou plut\u00f4t, mes d\u00e9s\u00e9quilibres hormonaux, et ma fatigue extr\u00eame, dont personne que je connaissais au d\u00e9but de la vingtaine ne souffrait \u00bb, a-t-elle d\u00e9clar\u00e9.<\/p>\n<p> \u00ab Et mon anxi\u00e9t\u00e9 ? C\u2019est normal dans notre milieu o\u00f9 l\u2019image est reine, non ? Une c\u00f4te cass\u00e9e apr\u00e8s une sc\u00e8ne de sexe ? Bon, c\u2019\u00e9tait peut-\u00eatre de sa faute. Mais parfois, je m\u2019\u00e9vanouissais m\u00eame apr\u00e8s de longues nuits de tournage. Des douleurs partout ? Je n\u2019ai m\u00eame pas cherch\u00e9 \u00e0 en comprendre la cause. J\u2019ai tout simplement mis \u00e7a sur le compte du stress et de mon rythme de travail effr\u00e9n\u00e9, que je g\u00e9rais mal. Je pensais que c\u2019\u00e9tait pass\u00e9. Mes m\u00e9decins le pensaient aussi. Aucun de nous n\u2019a trouv\u00e9 de sch\u00e9ma, alors je me suis sentie coupable. \u00bb. <\/p>\n<p> Emilia Clarke a subi deux h\u00e9morragies c\u00e9r\u00e9brales au d\u00e9but de la vingtaine. \u2014 Ian West\/PA<\/p>\n<p> \u00ab Je n\u2019avais jamais pens\u00e9 que le probl\u00e8me ne venait peut-\u00eatre pas de moi\u2026 mais les l\u00e9sions c\u00e9r\u00e9brales constituent un ph\u00e9nom\u00e8ne incroyablement complexe, et nous commen\u00e7ons seulement \u00e0 comprendre l\u2019impact qu\u2019elles peuvent avoir longtemps apr\u00e8s la gu\u00e9rison suppos\u00e9e d\u2019une personne. \u00bb.<\/p>\n<p> Pour faire face aux difficult\u00e9s de sa propre convalescence, elle a fond\u00e9 l&#039;association caritative de r\u00e9adaptation des l\u00e9sions c\u00e9r\u00e9brales SameYou, dont le nom fait r\u00e9f\u00e9rence \u00e0 l&#039;id\u00e9e de revenir \u00e0 l&#039;\u00e9tat dans lequel on se trouvait avant sa l\u00e9sion c\u00e9r\u00e9brale.<\/p>\n<p> \u00ab Aujourd\u2019hui, des dizaines de milliers de personnes qui ont v\u00e9cu des choses similaires disent en substance la m\u00eame chose : le chemin de la gu\u00e9rison est comme une chute libre du haut d\u2019une falaise, sans personne pour vous rattraper \u00bb, a-t-elle d\u00e9clar\u00e9.<\/p>\n<p> Concernant sa propre gu\u00e9rison, Clark a d\u00e9clar\u00e9 qu&#039;elle avait d\u00e9sormais \u00ab l&#039;\u00e9nergie et la positivit\u00e9 que j&#039;avais dans ma vingtaine \u00bb apr\u00e8s avoir travaill\u00e9 avec le neuroscientifique David Putrino \u00e0 l&#039;h\u00f4pital Mount Sinai de New York.<\/p>\n<p> \u00ab Quand vous pensez \u00e0 qui vous \u00eates \u2014 votre personnalit\u00e9, votre intelligence, votre sens de l\u2019humour, vos souvenirs, votre excellent go\u00fbt \u2014 o\u00f9 r\u00e9sident-ils ? Dans votre esprit. \u00bb.<\/p>\n<p> \u00ab Et quand \u00e7a ne marche pas, \u00e7a peut miner votre confiance en vous. \u00c7a peut vous effrayer et vous convaincre que vous ne serez plus jamais le m\u00eame \u00bb, a-t-elle d\u00e9clar\u00e9.<\/p>\n<p> Pour recevoir plus d&#039;actualit\u00e9s et de newsletters de CNN, cr\u00e9ez un compte sur CNN.com.<\/p>","protected":false},"excerpt":{"rendered":"<p>Pendant des ann\u00e9es, la star hollywoodienne Emilia Clarke n&#039;a pas parl\u00e9 publiquement des deux h\u00e9morragies c\u00e9r\u00e9brales dont elle a \u00e9t\u00e9 victime au d\u00e9but de la vingtaine. \u00ab Cela m&#039;a pris des ann\u00e9es\u2026 \u00bb<\/p>","protected":false},"author":1,"featured_media":12017,"comment_status":"open","ping_status":"closed","sticky":false,"template":"","format":"standard","meta":{"footnotes":""},"categories":[5],"tags":[],"class_list":["post-12016","post","type-post","status-publish","format-standard","has-post-thumbnail","hentry","category-selebriti","hvn-theme-has-thumbnail"],"_links":{"self":[{"href":"https:\/\/imgist.ru\/fr\/wp-json\/wp\/v2\/posts\/12016","targetHints":{"allow":["GET"]}}],"collection":[{"href":"https:\/\/imgist.ru\/fr\/wp-json\/wp\/v2\/posts"}],"about":[{"href":"https:\/\/imgist.ru\/fr\/wp-json\/wp\/v2\/types\/post"}],"author":[{"embeddable":true,"href":"https:\/\/imgist.ru\/fr\/wp-json\/wp\/v2\/users\/1"}],"replies":[{"embeddable":true,"href":"https:\/\/imgist.ru\/fr\/wp-json\/wp\/v2\/comments?post=12016"}],"version-history":[{"count":1,"href":"https:\/\/imgist.ru\/fr\/wp-json\/wp\/v2\/posts\/12016\/revisions"}],"predecessor-version":[{"id":155576,"href":"https:\/\/imgist.ru\/fr\/wp-json\/wp\/v2\/posts\/12016\/revisions\/155576"}],"wp:featuredmedia":[{"embeddable":true,"href":"https:\/\/imgist.ru\/fr\/wp-json\/wp\/v2\/media\/12017"}],"wp:attachment":[{"href":"https:\/\/imgist.ru\/fr\/wp-json\/wp\/v2\/media?parent=12016"}],"wp:term":[{"taxonomy":"category","embeddable":true,"href":"https:\/\/imgist.ru\/fr\/wp-json\/wp\/v2\/categories?post=12016"},{"taxonomy":"post_tag","embeddable":true,"href":"https:\/\/imgist.ru\/fr\/wp-json\/wp\/v2\/tags?post=12016"}],"curies":[{"name":"wp","href":"https:\/\/api.w.org\/{rel}","templated":true}]}}