{"id":1208,"date":"2026-05-29T22:29:04","date_gmt":"2026-05-29T19:29:04","guid":{"rendered":"https:\/\/imgist.ru\/predstavitel-administraczii-trampa-richard-grenell-raskritikoval-martinu-makbrajd-posle-togo-kak-ona-otkazalas-ot-uchastiya-v-serii-konczertov-freedom-250\/"},"modified":"2026-05-29T22:29:04","modified_gmt":"2026-05-29T19:29:04","slug":"le-porte-parole-de-ladministration-trump-richard-grenell-a-critique-martina-mcbride-apres-son-retrait-de-la-serie-de-concerts-freedom-250","status":"publish","type":"post","link":"https:\/\/imgist.ru\/fr\/predstavitel-administraczii-trampa-richard-grenell-raskritikoval-martinu-makbrajd-posle-togo-kak-ona-otkazalas-ot-uchastiya-v-serii-konczertov-freedom-250\/","title":{"rendered":"Le porte-parole de l&#039;administration Trump, Richard Grenell, a critiqu\u00e9 Martina McBride apr\u00e8s son retrait de la s\u00e9rie de concerts Freedom 250."},"content":{"rendered":"<p>(Darko Vojinovic\/Mark Humphrey\/AP Photo)<\/p>\n<p> chanteuse country <strong>Martina McBride<\/strong> L&#039;entreprise s&#039;est attir\u00e9 les foudres d&#039;un responsable de l&#039;administration Trump en se retirant de la s\u00e9rie de concerts Freedom 250, qui semble destin\u00e9e \u00e0 devenir le Fyre Festival des concerts d&#039;\u00e9t\u00e9, apr\u00e8s l&#039;annulation des deux tiers de sa programmation.<\/p>\n<p> Jeudi, McBride s&#039;est retir\u00e9 de l&#039;\u00e9v\u00e9nement, tout comme des artistes tels que <strong>Morris Day<\/strong> et le groupe The Time, rappeur <strong>Jeune MC<\/strong> , le chanteur des Commodores et de Poison <strong>Bret Michaels<\/strong> . <\/p>\n<p> \u00ab Je ne me produirai pas \u00e0 la Great American State Fair le 25 juin \u00bb, a d\u00e9clar\u00e9 McBride dans un long communiqu\u00e9 publi\u00e9 sur X. \u00ab On m&#039;avait propos\u00e9 de jouer lors d&#039;un \u00e9v\u00e9nement apolitique, mais il s&#039;agissait d&#039;une arnaque. J&#039;ai pos\u00e9 beaucoup de questions et on m&#039;a assur\u00e9 qu&#039;il s&#039;agissait d&#039;un \u00e9v\u00e9nement apolitique con\u00e7u pour c\u00e9l\u00e9brer les 50 \u00c9tats. Je pensais que c&#039;\u00e9tait une excellente fa\u00e7on de c\u00e9l\u00e9brer les \u00c9tats et de rassembler les gens comme seule la musique peut le faire. \u00bb.<\/p>\n<p> Elle a ajout\u00e9 : \u00ab Hier, la situation a commenc\u00e9 \u00e0 changer et ce qu&#039;on nous avait dit \u00e9tait en r\u00e9alit\u00e9 faux. \u00bb. <\/p>\n<p> Le d\u00e9part de McBride de la Great American State Fair a \u00e9t\u00e9 d\u00e9cevant. <strong>Richard Grenell<\/strong> , pr\u00e9sident, envoy\u00e9 sp\u00e9cial <strong>Donald Trump<\/strong> membre du conseil d&#039;administration et ancien directeur par int\u00e9rim du Kennedy Center.<\/p>\n<p> \u00ab Vous avez toujours \u00e9t\u00e9 un progressiste de gauche \u00bb, a \u00e9crit Grenell en r\u00e9ponse \u00e0 la d\u00e9claration de McBride. <\/p>\n<p> Une heure plus tard, Grenell porta son attention sur <strong>Sam Stein<\/strong> d&#039;apr\u00e8s The Bulwark, McBride \u00e9tait \u00ab le cinqui\u00e8me des neuf artistes \u00bb \u00e0 se retirer du spectacle (six des neuf avaient d\u00e9j\u00e0 annul\u00e9 leur participation). <\/p>\n<p> Stein a ajout\u00e9 : \u00ab J&#039;adorerais lire un article expliquant comment diable tout cela s&#039;est produit. \u00bb.<\/p>\n<p> En r\u00e9ponse, Grenell a \u00e9crit : \u00ab Sam Stein se r\u00e9jouit une fois de plus de la censure politique. Croit-on que Sam se demande un jour si ce n&#039;est pas son \u00e9quipe politique d&#039;extr\u00eame gauche qui est devenue intol\u00e9rante ?! \u00bb<\/p>\n<p> Quelques minutes apr\u00e8s avoir attaqu\u00e9 Stein, Grenell a r\u00e9primand\u00e9 le co-animateur du podcast Pod Save America et ancien membre de l&#039;administration. <strong>Barack Obama<\/strong> <strong>Tommy Vietora<\/strong> , qui a d\u00e9clar\u00e9 : \u00ab La situation devient pr\u00e9occupante. \u00bb.<\/p>\n<p> \u00ab L\u2019intol\u00e9rance vient de vous \u00bb, a d\u00e9clar\u00e9 Grenell. \u00ab Pourquoi ne pouvez-vous pas communiquer avec les personnes qui ne partagent pas vos opinions politiques ? \u00bb<\/p>\n<p> Pour le moment, seuls Vanilla Ice et <strong>Fab Morvan<\/strong> de Milli Vanilli. <\/p>\n<p> Six autres personnes \u2014 McBride, Young MC, The Commodores, Morris Day and The Time, Michaels et les chanteurs originaux de Milli Vanilli \u2014 ont refus\u00e9 d&#039;y assister.<\/p>\n<p> L&#039;article, intitul\u00e9 \u00ab Richard Grenell, un responsable de l&#039;administration Trump, critique violemment Martina McBride apr\u00e8s son retrait de la s\u00e9rie de concerts du 250e anniversaire de la libert\u00e9 \u00bb, est paru initialement sur Mediaite. .<\/p>","protected":false},"excerpt":{"rendered":"<p>(Darko Vojinovic\/Mark Humphrey\/AP Photo) La chanteuse country Martina McBride s&#039;est attir\u00e9 les foudres d&#039;un responsable de l&#039;administration Trump en refusant de participer \u00e0 la s\u00e9rie de concerts Freedom 250, qui semble \u00eatre\u2026<\/p>","protected":false},"author":1,"featured_media":1209,"comment_status":"open","ping_status":"closed","sticky":false,"template":"","format":"standard","meta":{"footnotes":""},"categories":[7],"tags":[],"class_list":["post-1208","post","type-post","status-publish","format-standard","has-post-thumbnail","hentry","category-muzyka","hvn-theme-has-thumbnail"],"_links":{"self":[{"href":"https:\/\/imgist.ru\/fr\/wp-json\/wp\/v2\/posts\/1208","targetHints":{"allow":["GET"]}}],"collection":[{"href":"https:\/\/imgist.ru\/fr\/wp-json\/wp\/v2\/posts"}],"about":[{"href":"https:\/\/imgist.ru\/fr\/wp-json\/wp\/v2\/types\/post"}],"author":[{"embeddable":true,"href":"https:\/\/imgist.ru\/fr\/wp-json\/wp\/v2\/users\/1"}],"replies":[{"embeddable":true,"href":"https:\/\/imgist.ru\/fr\/wp-json\/wp\/v2\/comments?post=1208"}],"version-history":[{"count":0,"href":"https:\/\/imgist.ru\/fr\/wp-json\/wp\/v2\/posts\/1208\/revisions"}],"wp:featuredmedia":[{"embeddable":true,"href":"https:\/\/imgist.ru\/fr\/wp-json\/wp\/v2\/media\/1209"}],"wp:attachment":[{"href":"https:\/\/imgist.ru\/fr\/wp-json\/wp\/v2\/media?parent=1208"}],"wp:term":[{"taxonomy":"category","embeddable":true,"href":"https:\/\/imgist.ru\/fr\/wp-json\/wp\/v2\/categories?post=1208"},{"taxonomy":"post_tag","embeddable":true,"href":"https:\/\/imgist.ru\/fr\/wp-json\/wp\/v2\/tags?post=1208"}],"curies":[{"name":"wp","href":"https:\/\/api.w.org\/{rel}","templated":true}]}}