{"id":12149,"date":"2026-06-04T19:20:48","date_gmt":"2026-06-04T16:20:48","guid":{"rendered":"https:\/\/imgist.ru\/irlandiya-bolduin-otkrovenno-rasskazala-o-simptomah-svoej-beremennosti-zayaviv-chto-ee-mocha-prinyala-formu-mikki-mausa\/"},"modified":"2026-06-04T19:20:48","modified_gmt":"2026-06-04T16:20:48","slug":"ireland-bolduin-a-parle-ouvertement-de-ses-symptomes-de-grossesse-affirmant-que-son-urine-avait-pris-la-forme-de-mickey-mouse","status":"publish","type":"post","link":"https:\/\/imgist.ru\/fr\/irlandiya-bolduin-otkrovenno-rasskazala-o-simptomah-svoej-beremennosti-zayaviv-chto-ee-mocha-prinyala-formu-mikki-mausa\/","title":{"rendered":"Ireland Baldwin s&#039;est confi\u00e9e sur ses sympt\u00f4mes de grossesse, r\u00e9v\u00e9lant que son urine avait pris la forme de Mickey Mouse."},"content":{"rendered":"<h3>\u00c0 SAVOIR<\/h3>\n<ul>\n<li>\n<p> Ireland Baldwin s&#039;est confi\u00e9e sur ses sympt\u00f4mes de grossesse, notamment de fortes naus\u00e9es et un incident bizarre dans les toilettes.<\/p>\n<\/li>\n<\/ul>\n<ul>\n<li>\n<p> Elle attend son deuxi\u00e8me enfant avec son petit ami RAC et a annonc\u00e9 la nouvelle en mai avec une vid\u00e9o Instagram cr\u00e9ative.<\/p>\n<\/li>\n<li>\n<p> Baldwin et RAC sont d\u00e9j\u00e0 parents d&#039;une fille, Holland, qui a f\u00eat\u00e9 son deuxi\u00e8me anniversaire l&#039;ann\u00e9e derni\u00e8re avec une f\u00eate sur le th\u00e8me de la ferme.<\/p>\n<\/li>\n<\/ul>\n<p> Ireland Baldwin partage certains de ses sympt\u00f4mes de grossesse.<\/p>\n<p> L&#039;actrice de 30 ans a partag\u00e9 plusieurs photos sur son compte Instagram mercredi 3 juin, d\u00e9taillant certains des sympt\u00f4mes qu&#039;elle ressent depuis l&#039;annonce de sa deuxi\u00e8me grossesse. \u00ab J&#039;ai de terribles naus\u00e9es aujourd&#039;hui \u00bb, a-t-elle \u00e9crit en l\u00e9gende.<\/p>\n<p> \u00ab J&#039;avais vomi toute la journ\u00e9e \u00e0 cause du m\u00eame burrito de chez Chipotle. Je priais par terre \u00ab, poursuivit Baldwin. \u00bb Et l\u00e0\u2026 LE SIGNE ! J&#039;ai vomi si fort \u00e0 plusieurs reprises que je me suis m\u00eame fait pipi dessus, partout sur le sol de la salle de bain. Et j&#039;ai fait pipi en forme de Mickey ! Regardez \u00e7a ! Mmm, maintenant j&#039;ai envie de cr\u00eapes. \u00bb.<\/p>\n<p> <strong>Ne manquez aucune actualit\u00e9 - abonnez-vous \u00e0<\/strong> <strong>newsletter quotidienne gratuite PEOPLE<\/strong> <strong>, pour rester au courant des meilleures actualit\u00e9s de PEOPLE, des nouvelles des c\u00e9l\u00e9brit\u00e9s aux histoires humaines les plus touchantes.<\/strong><\/p>\n<p> Baldwin a inclus des photos d&#039;elle-m\u00eame semblant avoir la naus\u00e9e, ainsi que des photos d&#039;elle dans une salle de bains o\u00f9 elle semblait prier.<\/p>\n<p> En mai, Baldwin, qui a d\u00e9j\u00e0 une fille, Holland, avec son petit ami RAC (de son vrai nom Andre Allen Anjos), a annonc\u00e9 sur Instagram qu&#039;elle attendait son deuxi\u00e8me enfant.<\/p>\n<p> L&#039;article pr\u00e9sentait une vid\u00e9o du couple se pr\u00e9parant \u00e0 devenir une famille de quatre. On y voyait notamment un peignoir marron duveteux, un body pour b\u00e9b\u00e9 \u00e0 c\u00f4t\u00e9 de son pyjama, un biberon \u00e0 c\u00f4t\u00e9 d&#039;un gobelet \u00e0 bec et une bouteille de vin \u00e0 l&#039;\u00e9cart.<\/p>\n<p> La vid\u00e9o se terminait sur la main manucur\u00e9e de Baldwin tenant une bande d&#039;images d&#039;\u00e9chographie dans l&#039;entr\u00e9e de leur salle \u00e0 manger.<\/p>\n<p> L&#039;ann\u00e9e derni\u00e8re, la fi\u00e8re maman a f\u00eat\u00e9 le deuxi\u00e8me anniversaire de sa fille Holland avec une f\u00eate sur le th\u00e8me de la ferme. Baldwin a partag\u00e9 plusieurs photos sur Instagram, notamment d&#039;adorables clich\u00e9s de Holland interagissant avec des animaux et posant avec des membres de sa famille, comme sa grand-m\u00e8re, Kim Basinger.<\/p>\n<p> \u00ab&quot;Nous avons f\u00eat\u00e9 le deuxi\u00e8me anniversaire de la f\u00eate n\u00e9erlandaise \u00e0 @triskeleefarm avec notre \u00e9quipe \ud83e\ude77\ud83e\ude77\ud83e\ude77&quot;, a \u00e9crit Baldwin en l\u00e9gende de la photo.<\/p>\n<p> En mai 2023, Hailey Baldwin a donn\u00e9 naissance \u00e0 une fille gr\u00e2ce \u00e0 RAC. Elle a annonc\u00e9 l&#039;heureuse nouvelle sur Instagram, en partageant une photo prise \u00e0 l&#039;h\u00f4pital o\u00f9 on la voit tenant son nouveau-n\u00e9 dans ses bras, souriante, tandis que RAC se blottit contre elles.<\/p>\n<p> \u00ab Pays-Bas \ud83e\ude77 \u00bb, a-t-elle simplement l\u00e9gend\u00e9 la photo.<\/p>\n<p> Lisez l&#039;article original sur People.<\/p>","protected":false},"excerpt":{"rendered":"<p>\u00c0 SAVOIR : Ireland Baldwin s&#039;est confi\u00e9e sur ses sympt\u00f4mes de grossesse, notamment de fortes naus\u00e9es et un incident inhabituel aux toilettes. Elle attend son deuxi\u00e8me enfant avec son compagnon\u2026<\/p>","protected":false},"author":1,"featured_media":12150,"comment_status":"open","ping_status":"closed","sticky":false,"template":"","format":"standard","meta":{"footnotes":""},"categories":[5],"tags":[],"class_list":["post-12149","post","type-post","status-publish","format-standard","has-post-thumbnail","hentry","category-selebriti","hvn-theme-has-thumbnail"],"_links":{"self":[{"href":"https:\/\/imgist.ru\/fr\/wp-json\/wp\/v2\/posts\/12149","targetHints":{"allow":["GET"]}}],"collection":[{"href":"https:\/\/imgist.ru\/fr\/wp-json\/wp\/v2\/posts"}],"about":[{"href":"https:\/\/imgist.ru\/fr\/wp-json\/wp\/v2\/types\/post"}],"author":[{"embeddable":true,"href":"https:\/\/imgist.ru\/fr\/wp-json\/wp\/v2\/users\/1"}],"replies":[{"embeddable":true,"href":"https:\/\/imgist.ru\/fr\/wp-json\/wp\/v2\/comments?post=12149"}],"version-history":[{"count":0,"href":"https:\/\/imgist.ru\/fr\/wp-json\/wp\/v2\/posts\/12149\/revisions"}],"wp:featuredmedia":[{"embeddable":true,"href":"https:\/\/imgist.ru\/fr\/wp-json\/wp\/v2\/media\/12150"}],"wp:attachment":[{"href":"https:\/\/imgist.ru\/fr\/wp-json\/wp\/v2\/media?parent=12149"}],"wp:term":[{"taxonomy":"category","embeddable":true,"href":"https:\/\/imgist.ru\/fr\/wp-json\/wp\/v2\/categories?post=12149"},{"taxonomy":"post_tag","embeddable":true,"href":"https:\/\/imgist.ru\/fr\/wp-json\/wp\/v2\/tags?post=12149"}],"curies":[{"name":"wp","href":"https:\/\/api.w.org\/{rel}","templated":true}]}}