{"id":12355,"date":"2026-06-04T21:04:50","date_gmt":"2026-06-04T18:04:50","guid":{"rendered":"https:\/\/imgist.ru\/konczert-kane-uesta-v-niderlandah-razreshen-posle-zapreta-v-velikobritanii\/"},"modified":"2026-08-29T12:09:08","modified_gmt":"2026-08-29T09:09:08","slug":"le-konczert-kane-westa-est-autorise-aux-pays-bas-apres-avoir-ete-interdit-au-royaume-uni","status":"publish","type":"post","link":"https:\/\/imgist.ru\/fr\/konczert-kane-uesta-v-niderlandah-razreshen-posle-zapreta-v-velikobritanii\/","title":{"rendered":"Le concert de Kanye West aux Pays-Bas a \u00e9t\u00e9 autoris\u00e9 apr\u00e8s avoir \u00e9t\u00e9 interdit au Royaume-Uni."},"content":{"rendered":"<p>Kanye West a \u00e9t\u00e9 autoris\u00e9 \u00e0 se produire aux Pays-Bas en juin apr\u00e8s que le vice-Premier ministre n\u00e9erlandais, Bart van den Brink, a statu\u00e9 qu&#039;il n&#039;y avait aucun fondement juridique pour lui interdire l&#039;entr\u00e9e sur le territoire.<\/p>\n<p> Ye se produira au GelreDome d&#039;Arnhem les 6 et 8 juin, une salle situ\u00e9e \u00e0 environ 60 miles au sud-est d&#039;Amsterdam.<\/p>\n<p> \u00ab Il doit exister des raisons imp\u00e9rieuses pour interdire l&#039;entr\u00e9e. Nous n&#039;en avons trouv\u00e9 aucune lors des tests que nous avons effectu\u00e9s \u00bb, a d\u00e9clar\u00e9 van den Brink, commentant la d\u00e9cision, comme l&#039;a rapport\u00e9 le journal. <em>Reuters<\/em> . \u00ab Ses d\u00e9clarations pass\u00e9es ne constituent pas actuellement un motif de refus d&#039;entr\u00e9e. \u00bb.<\/p>\n<p> Cette d\u00e9cision a \u00e9t\u00e9 prise malgr\u00e9 les pressions des parlementaires n\u00e9erlandais, qui exhortaient le gouvernement \u00e0 refuser l&#039;entr\u00e9e de West, invoquant ses propos d&#039;admiration pour Adolf Hitler et le nazisme, largement condamn\u00e9s. Plusieurs autres engagements europ\u00e9ens ont \u00e9t\u00e9 annul\u00e9s dans l&#039;attente de l&#039;autorisation des Pays-Bas.<\/p>\n<p> BOUTIQUE UNIQUE : Retrouvez vos marques pr\u00e9f\u00e9r\u00e9es o\u00f9 et quand vous voulez. D\u00e9couvrez les nouveaut\u00e9s. Achetez. Collectionnez. Profitez.<\/p>\n<p> L&#039;autorisation accord\u00e9e aux Pays-Bas contraste fortement avec la situation au Royaume-Uni, o\u00f9 le minist\u00e8re de l&#039;Int\u00e9rieur a interdit \u00e0 Kanye West l&#039;entr\u00e9e sur le territoire. Sa prestation en t\u00eate d&#039;affiche lors des trois soir\u00e9es du Wireless Festival de Londres avait d\u00e9j\u00e0 suscit\u00e9 une vive indignation, y compris des critiques de la part du Premier ministre britannique Keir Starmer. Pepsi a retir\u00e9 son parrainage, d&#039;autres partenaires ont suivi, et finalement, le Wireless Festival a annul\u00e9 son \u00e9dition 2026.<\/p>\n<p> Les concerts aux Pays-Bas s&#039;inscrivent dans le cadre d&#039;une tourn\u00e9e mondiale que West avait pr\u00e9vue pour promouvoir son nouvel album. <em>Intimidateur<\/em> , sorti en mars.<\/p>\n<p> Malgr\u00e9 des probl\u00e8mes avec ses concerts \u00e0 l&#039;\u00e9tranger (notamment un concert pr\u00e9vu \u00e0 New Delhi), ses projets aux \u00c9tats-Unis semblent se d\u00e9rouler comme pr\u00e9vu. Il a r\u00e9cemment annonc\u00e9 qu&#039;il se produira \u00e0 Tampa, en Floride, le 26 juin, son premier concert dans cette ville depuis dix ans.<\/p>\n<p> Bien que les d\u00e9tails concernant le concert de Tampa soient tenus secrets, selon les informations figurant sur le site web de la tourn\u00e9e de Kanye West, ceux qui se pr\u00e9inscrivent pour obtenir des billets recevront des billets gratuits.<\/p>\n<h3> Actualit\u00e9s connexes <\/h3>\n<p> Kanye West n&#039;est pas le bienvenu en France, et les autorit\u00e9s fran\u00e7aises ont d\u00e9cid\u00e9 de lui interdire l&#039;acc\u00e8s au territoire. Il est \u00e9galement interdit de s\u00e9jour au Royaume-Uni, et le festival Wireless a \u00e9t\u00e9 annul\u00e9. Kanye West aurait \u00e9t\u00e9 menac\u00e9 d&#039;arrestation s&#039;il tenait des propos nazis lors d&#039;un concert au Br\u00e9sil.<\/p>\n<h2> Actualit\u00e9s connexes<\/h2>\n<p> Drake a \u00e9tabli un record dans les charts britanniques en devenant le premier artiste \u00e0 avoir trois albums class\u00e9s dans le top 10 d\u00e8s leur sortie.<\/p>\n<p> Ozzy Osbourne sera ressuscit\u00e9 sous la forme d&#039;un avatar cr\u00e9\u00e9 par une intelligence artificielle.<\/p>\n<p> BOUTIQUE UNIQUE : Retrouvez vos marques pr\u00e9f\u00e9r\u00e9es o\u00f9 et quand vous voulez. D\u00e9couvrez les nouveaut\u00e9s. Achetez. Collectionnez. Profitez.<\/p>\n<p> Nous donnons vie \u00e0 la culture. Retrouvez ici les derni\u00e8res actualit\u00e9s du monde du divertissement, ainsi que les meilleurs contenus sur la musique, la culture pop, les sneakers, la mode et les s\u00e9ries originales.<\/p>","protected":false},"excerpt":{"rendered":"<p>Kanye West a \u00e9t\u00e9 autoris\u00e9 \u00e0 se produire aux Pays-Bas en juin apr\u00e8s que le vice-Premier ministre n\u00e9erlandais, Bart van den Brink, a statu\u00e9 qu&#039;il n&#039;existait aucun fondement juridique pour\u2026<\/p>","protected":false},"author":1,"featured_media":12356,"comment_status":"open","ping_status":"closed","sticky":false,"template":"","format":"standard","meta":{"footnotes":""},"categories":[7],"tags":[],"class_list":["post-12355","post","type-post","status-publish","format-standard","has-post-thumbnail","hentry","category-muzyka","hvn-theme-has-thumbnail"],"_links":{"self":[{"href":"https:\/\/imgist.ru\/fr\/wp-json\/wp\/v2\/posts\/12355","targetHints":{"allow":["GET"]}}],"collection":[{"href":"https:\/\/imgist.ru\/fr\/wp-json\/wp\/v2\/posts"}],"about":[{"href":"https:\/\/imgist.ru\/fr\/wp-json\/wp\/v2\/types\/post"}],"author":[{"embeddable":true,"href":"https:\/\/imgist.ru\/fr\/wp-json\/wp\/v2\/users\/1"}],"replies":[{"embeddable":true,"href":"https:\/\/imgist.ru\/fr\/wp-json\/wp\/v2\/comments?post=12355"}],"version-history":[{"count":3,"href":"https:\/\/imgist.ru\/fr\/wp-json\/wp\/v2\/posts\/12355\/revisions"}],"predecessor-version":[{"id":155857,"href":"https:\/\/imgist.ru\/fr\/wp-json\/wp\/v2\/posts\/12355\/revisions\/155857"}],"wp:featuredmedia":[{"embeddable":true,"href":"https:\/\/imgist.ru\/fr\/wp-json\/wp\/v2\/media\/12356"}],"wp:attachment":[{"href":"https:\/\/imgist.ru\/fr\/wp-json\/wp\/v2\/media?parent=12355"}],"wp:term":[{"taxonomy":"category","embeddable":true,"href":"https:\/\/imgist.ru\/fr\/wp-json\/wp\/v2\/categories?post=12355"},{"taxonomy":"post_tag","embeddable":true,"href":"https:\/\/imgist.ru\/fr\/wp-json\/wp\/v2\/tags?post=12355"}],"curies":[{"name":"wp","href":"https:\/\/api.w.org\/{rel}","templated":true}]}}