{"id":12467,"date":"2026-06-04T21:21:14","date_gmt":"2026-06-04T18:21:14","guid":{"rendered":"https:\/\/imgist.ru\/kajli-dzhenner-rasskazala-chto-vozit-s-soboj-v-koshelke-snimki-uzi-svoih-dvoih-detej\/"},"modified":"2026-08-29T12:09:26","modified_gmt":"2026-08-29T09:09:26","slug":"kylie-jenner-a-revele-quelle-conservait-dans-son-portefeuille-les-echographies-de-ses-deux-enfants","status":"publish","type":"post","link":"https:\/\/imgist.ru\/fr\/kajli-dzhenner-rasskazala-chto-vozit-s-soboj-v-koshelke-snimki-uzi-svoih-dvoih-detej\/","title":{"rendered":"Kylie Jenner a r\u00e9v\u00e9l\u00e9 qu&#039;elle conservait des \u00e9chographies de ses deux enfants dans son portefeuille."},"content":{"rendered":"<h3>\u00c0 SAVOIR<\/h3>\n<ul>\n<li>\n<p> Kylie Jenner a r\u00e9v\u00e9l\u00e9 qu&#039;elle conservait des photos d&#039;\u00e9chographie de ses enfants, Stormi et Air, dans son portefeuille.<\/p>\n<\/li>\n<\/ul>\n<ul>\n<li>\n<p> Une m\u00e8re de deux enfants s&#039;est r\u00e9cemment confi\u00e9e sur la fa\u00e7on dont elle a annonc\u00e9 sa grossesse \u00e0 ses parents \u00e0 l&#039;\u00e2ge de 19 ans.<\/p>\n<\/li>\n<li>\n<p> Kylie \u00e9l\u00e8ve deux enfants avec son ex-mari Travis Scott.<\/p>\n<\/li>\n<\/ul>\n<p> Kylie Jenner garde des photos de ses enfants dans son portefeuille, mais ce n&#039;est pas tout \u00e0 fait ce \u00e0 quoi vous pourriez vous attendre.<\/p>\n<p> La cofondatrice de Kylie Cosmetics, \u00e2g\u00e9e de 28 ans, a publi\u00e9 une vid\u00e9o sur son compte TikTok depuis un avion pendant ses vacances, d\u00e9voilant le contenu de son sac de voyage. \u00c0 un moment donn\u00e9, la m\u00e8re de deux enfants a sorti son sac \u00e0 main et a d\u00e9cid\u00e9 d&#039;en v\u00e9rifier le contenu.<\/p>\n<p> \u00ab Voyons voir si j&#039;ai quelque chose d&#039;int\u00e9ressant dans mon portefeuille \u00bb, dit Jenner. \u00ab Oh mon Dieu ! \u00c7a va \u00eatre incroyable. J&#039;ai des \u00e9chographies de mes deux enfants. C&#039;est dingue, non ? \u00bb<\/p>\n<p> <strong>Ne manquez aucune actualit\u00e9 - abonnez-vous \u00e0<\/strong> <strong>newsletter quotidienne gratuite PEOPLE<\/strong> <strong>, pour rester au courant des meilleures actualit\u00e9s de PEOPLE, des nouvelles des c\u00e9l\u00e9brit\u00e9s aux histoires humaines les plus touchantes.<\/strong><\/p>\n<p> \u00ab Qui est-ce ? \u00bb demanda-t-elle en examinant l&#039;image avant de montrer la cam\u00e9ra d&#039;\u00e9chographie. \u00ab De l&#039;air. Regardez son petit corps. \u00bb.<\/p>\n<p> Jenner est la m\u00e8re de Stormi, une fille de 8 ans, et d&#039;Air, un gar\u00e7on de 4 ans, dont le p\u00e8re est son ex-mari Travis Scott.<\/p>\n<p> En mai dernier, la fi\u00e8re maman est apparue dans un podcast <em>Th\u00e9rapeute<\/em> , anim\u00e9e par Jake Shane, o\u00f9 elle a racont\u00e9 comment, \u00e0 19 ans, elle avait annonc\u00e9 \u00e0 ses parents, Kris Jenner et Caitlyn Jenner, qu&#039;elle \u00e9tait enceinte.<\/p>\n<p> \u00ab J&#039;avais 19 ans quand je suis tomb\u00e9e enceinte \u00bb, a d\u00e9clar\u00e9 Kylie. \u00ab J&#039;\u00e9tais paniqu\u00e9e. Oui, j&#039;\u00e9tais paniqu\u00e9e. J&#039;avais vraiment peur de l&#039;annoncer \u00e0 mes parents. \u00bb.<\/p>\n<p> \u00ab Et c\u2019\u00e9tait\u2026 j\u2019avais vraiment peur. Mais quelque chose au fond de moi me disait que je voulais le faire, et je devais prendre cette d\u00e9cision seule. Qu\u2019est-ce que je veux vraiment\u00a0? Qu\u2019est-ce que je suis capable de g\u00e9rer\u00a0? Et m\u00eame si je dois le faire seule ou d\u2019une autre mani\u00e8re, c\u2019est le choix que je ferai \u00bb, a-t-elle poursuivi. <\/p>\n<p> Kylie Jenner et ses deux enfants. Photo : Kylie Jenner\/Instagram<\/p>\n<p> Kylie a ajout\u00e9 qu&#039;elle avait fini par en parler \u00e0 ses parents.<\/p>\n<p> \u00ab Et puis je l&#039;ai dit \u00e0 ma m\u00e8re. Personne ne m&#039;en a voulu. C&#039;\u00e9tait une p\u00e9riode folle \u00bb, a-t-elle d\u00e9clar\u00e9.<\/p>\n<p> Le m\u00eame mois, la fille de Kylie, Stormi, a fait \u00e9talage de ses adorables talents de mannequin dans des photos de campagne pour la marque de v\u00eatements de la star de t\u00e9l\u00e9-r\u00e9alit\u00e9, Khy.<\/p>\n<p> Sur des photos publi\u00e9es sur Instagram le 8 mai, Stormi posait v\u00eatue d&#039;une veste en jean oversize City Jacket, associ\u00e9e \u00e0 un jean blanc et \u00e0 son propre t-shirt Khy de la collection.<\/p>\n<p> Kylie n&#039;a pas cach\u00e9 sa joie pour sa fille, \u00e9crivant dans les commentaires : \u00ab Mon b\u00e9b\u00e9\u2026.<\/p>\n<p> Lisez l&#039;article original sur People.<\/p>","protected":false},"excerpt":{"rendered":"<p>\u00c0 SAVOIR\u00a0: Kylie Jenner a r\u00e9v\u00e9l\u00e9 qu\u2019elle conserve les \u00e9chographies de ses enfants, Stormi et Air, dans son portefeuille. La m\u00e8re de deux enfants a r\u00e9cemment expliqu\u00e9 comment\u2026<\/p>","protected":false},"author":1,"featured_media":12468,"comment_status":"open","ping_status":"closed","sticky":false,"template":"","format":"standard","meta":{"footnotes":""},"categories":[5],"tags":[],"class_list":["post-12467","post","type-post","status-publish","format-standard","has-post-thumbnail","hentry","category-selebriti","hvn-theme-has-thumbnail"],"_links":{"self":[{"href":"https:\/\/imgist.ru\/fr\/wp-json\/wp\/v2\/posts\/12467","targetHints":{"allow":["GET"]}}],"collection":[{"href":"https:\/\/imgist.ru\/fr\/wp-json\/wp\/v2\/posts"}],"about":[{"href":"https:\/\/imgist.ru\/fr\/wp-json\/wp\/v2\/types\/post"}],"author":[{"embeddable":true,"href":"https:\/\/imgist.ru\/fr\/wp-json\/wp\/v2\/users\/1"}],"replies":[{"embeddable":true,"href":"https:\/\/imgist.ru\/fr\/wp-json\/wp\/v2\/comments?post=12467"}],"version-history":[{"count":1,"href":"https:\/\/imgist.ru\/fr\/wp-json\/wp\/v2\/posts\/12467\/revisions"}],"predecessor-version":[{"id":155924,"href":"https:\/\/imgist.ru\/fr\/wp-json\/wp\/v2\/posts\/12467\/revisions\/155924"}],"wp:featuredmedia":[{"embeddable":true,"href":"https:\/\/imgist.ru\/fr\/wp-json\/wp\/v2\/media\/12468"}],"wp:attachment":[{"href":"https:\/\/imgist.ru\/fr\/wp-json\/wp\/v2\/media?parent=12467"}],"wp:term":[{"taxonomy":"category","embeddable":true,"href":"https:\/\/imgist.ru\/fr\/wp-json\/wp\/v2\/categories?post=12467"},{"taxonomy":"post_tag","embeddable":true,"href":"https:\/\/imgist.ru\/fr\/wp-json\/wp\/v2\/tags?post=12467"}],"curies":[{"name":"wp","href":"https:\/\/api.w.org\/{rel}","templated":true}]}}