{"id":12469,"date":"2026-06-04T21:21:24","date_gmt":"2026-06-04T18:21:24","guid":{"rendered":"https:\/\/imgist.ru\/gitaristka-gruppy-alice-cooper-nita-shtraus-rodila-rebenka-ot-svoego-muzha-dzhosha-vilyalty\/"},"modified":"2026-08-29T12:09:26","modified_gmt":"2026-08-29T09:09:26","slug":"la-guitariste-dalice-cooper-nita-strauss-a-donne-naissance-a-un-enfant-avec-son-mari-josh-villalty","status":"publish","type":"post","link":"https:\/\/imgist.ru\/fr\/gitaristka-gruppy-alice-cooper-nita-shtraus-rodila-rebenka-ot-svoego-muzha-dzhosha-vilyalty\/","title":{"rendered":"La guitariste d&#039;Alice Cooper, Nita Strauss, a donn\u00e9 naissance \u00e0 un enfant avec son mari, Josh Villalta."},"content":{"rendered":"<p>La guitariste d&#039;Alice Cooper, Nita Strauss, est devenue maman pour la premi\u00e8re fois. Avec son mari, le musicien et manager Josh Villalta, elle a accueilli son premier enfant, un gar\u00e7on pr\u00e9nomm\u00e9 Maxwell James Villalta, le 28 mai, et ils partagent seulement maintenant cette heureuse nouvelle avec le monde entier.<\/p>\n<p> <em>Nouvelles<\/em> L&#039;information a \u00e9t\u00e9 publi\u00e9e dans une nouvelle interview, o\u00f9 les heureux parents ont partag\u00e9 leurs impressions. Ils ont \u00e9galement publi\u00e9 des photos du b\u00e9b\u00e9 sur les r\u00e9seaux sociaux.<\/p>\n<p> \u00ab Nous sommes en pleine pr\u00e9paration de l&#039;arriv\u00e9e de notre nouveau-n\u00e9\u00a0: \u00e9puis\u00e9s, \u00e0 bout de nerfs, et d\u00e9couvrant au fur et \u00e0 mesure nos nouvelles responsabilit\u00e9s parentales, et pourtant, c&#039;est la p\u00e9riode la plus merveilleuse et la plus enrichissante de notre vie \u00bb, a confi\u00e9 Nita au magazine. \u00ab M\u00eame apr\u00e8s seulement quelques jours de maternit\u00e9, c&#039;est d\u00e9j\u00e0 la meilleure chose que j&#039;aie jamais faite. \u00bb.<\/p>\n<p> <em><strong>Plus d&#039;actualit\u00e9s :<\/strong><\/em> Taylor Swift est ravie du nouvel album de Paul McCartney.<\/p>\n<p> D&#039;o\u00f9 vient donc le nom Maxwell\u00a0? Selon Josh, il est n\u00e9 de l&#039;id\u00e9e que \u00ab\u00a0quoi qu&#039;il fasse dans la vie, nous esp\u00e9rons qu&#039;il le fera \u00e0 fond\u00a0!\u00a0\u00bb Son deuxi\u00e8me pr\u00e9nom, James, est un hommage au p\u00e8re de Nita, le musicien James Strauss. <\/p>\n<p> Nita Strauss en concert. (Photo : Rick Kern\/Getty Images)<\/p>\n<p> Dans une interview, Nita a d\u00e9crit l&#039;accouchement comme \u00ab la chose la plus difficile que j&#039;aie jamais eu \u00e0 faire \u00bb, mais tout s&#039;est termin\u00e9 miraculeusement.<\/p>\n<p> \u00ab J\u2019ai toujours entendu dire\u00a0: \u201eOn ne conna\u00eet pas le v\u00e9ritable amour avant de tenir son b\u00e9b\u00e9 dans ses bras pour la premi\u00e8re fois\u201c, mais je ne l\u2019avais jamais vraiment compris avant de le vivre moi-m\u00eame\u00a0! \u00bb a-t-elle confi\u00e9 au magazine. \u00ab\u00a0C\u2019\u00e9tait comme si le reste du monde s\u2019\u00e9tait effondr\u00e9 et que nous nous sommes retrouv\u00e9s pris dans un tourbillon, donnant naissance \u00e0 une nouvelle vie.\u00a0\u00bb.<\/p>\n<p> <em><strong>Plus d&#039;actualit\u00e9s du monde du divertissement\u00a0:<\/strong><\/em> Sharon Osbourne envisage de r\u00e9aliser une suite anim\u00e9e \u00e0 la s\u00e9rie \u00ab\u00a0The Osbournes\u00a0\u00bb.<\/p>\n<p> \u00ab Je suis impatiente d&#039;entamer ce nouveau chapitre, depuis les premiers soins \u00e0 apporter \u00e0 notre nouveau-n\u00e9 jusqu&#039;aux tourn\u00e9es avec notre fils le moment venu ! \u00bb a ajout\u00e9 Strauss, \u00e9voquant la maternit\u00e9. \u00ab Ce sera incroyable, chaotique et passionnant, et nous ne le voudrions pas autrement. \u00bb.<\/p>\n<p> Pendant le cong\u00e9 maternit\u00e9 de Strauss, qui ne se produit pas avec Cooper, elle est remplac\u00e9e en tourn\u00e9e par la guitariste Anna Kara, \u00e2g\u00e9e de 22 ans. J&#039;ai interview\u00e9 Strauss \u00e0 plusieurs reprises\u00a0; elle est tr\u00e8s agr\u00e9able et sera sans doute une m\u00e8re formidable.<\/p>\n<p> <strong>Articles connexes<\/strong><\/p>\n<ul>\n<li>\n<p> Charli XCX a partag\u00e9 des d\u00e9tails sur la pochette de son album, qui combine musique, mode et cin\u00e9ma.<\/p>\n<\/li>\n<li>\n<p> Taylor Swift est ravie du nouvel album de Paul McCartney.<\/p>\n<\/li>\n<li>\n<p> Robert De Niro a avou\u00e9 \u00e0 Ariana Grande<\/p>\n<\/li>\n<\/ul>\n<p> D\u00e9marrez votre essai illimit\u00e9 de Newsweek.<\/p>","protected":false},"excerpt":{"rendered":"<p>La guitariste d&#039;Alice Cooper, Nita Strauss, est devenue maman pour la premi\u00e8re fois. Avec son mari, le musicien et manager Josh Villalta, elle a accueilli son premier enfant, un gar\u00e7on pr\u00e9nomm\u00e9 Maxwell James Villalta.<\/p>","protected":false},"author":1,"featured_media":12470,"comment_status":"open","ping_status":"closed","sticky":false,"template":"","format":"standard","meta":{"footnotes":""},"categories":[5],"tags":[],"class_list":["post-12469","post","type-post","status-publish","format-standard","has-post-thumbnail","hentry","category-selebriti","hvn-theme-has-thumbnail"],"_links":{"self":[{"href":"https:\/\/imgist.ru\/fr\/wp-json\/wp\/v2\/posts\/12469","targetHints":{"allow":["GET"]}}],"collection":[{"href":"https:\/\/imgist.ru\/fr\/wp-json\/wp\/v2\/posts"}],"about":[{"href":"https:\/\/imgist.ru\/fr\/wp-json\/wp\/v2\/types\/post"}],"author":[{"embeddable":true,"href":"https:\/\/imgist.ru\/fr\/wp-json\/wp\/v2\/users\/1"}],"replies":[{"embeddable":true,"href":"https:\/\/imgist.ru\/fr\/wp-json\/wp\/v2\/comments?post=12469"}],"version-history":[{"count":1,"href":"https:\/\/imgist.ru\/fr\/wp-json\/wp\/v2\/posts\/12469\/revisions"}],"predecessor-version":[{"id":155925,"href":"https:\/\/imgist.ru\/fr\/wp-json\/wp\/v2\/posts\/12469\/revisions\/155925"}],"wp:featuredmedia":[{"embeddable":true,"href":"https:\/\/imgist.ru\/fr\/wp-json\/wp\/v2\/media\/12470"}],"wp:attachment":[{"href":"https:\/\/imgist.ru\/fr\/wp-json\/wp\/v2\/media?parent=12469"}],"wp:term":[{"taxonomy":"category","embeddable":true,"href":"https:\/\/imgist.ru\/fr\/wp-json\/wp\/v2\/categories?post=12469"},{"taxonomy":"post_tag","embeddable":true,"href":"https:\/\/imgist.ru\/fr\/wp-json\/wp\/v2\/tags?post=12469"}],"curies":[{"name":"wp","href":"https:\/\/api.w.org\/{rel}","templated":true}]}}