{"id":12858,"date":"2026-06-05T00:20:13","date_gmt":"2026-06-04T21:20:13","guid":{"rendered":"https:\/\/imgist.ru\/byvshij-pilot-formuly-1-ralf-shumaher-zhenilsya-na-svoem-partnere-etene-buske-kassane-v-sen-trope\/"},"modified":"2026-08-29T12:10:39","modified_gmt":"2026-08-29T09:10:39","slug":"lancien-pilote-de-formule-1-ralf-schumacher-a-epouse-sa-compagne-etene-buske-cassane-a-saint-tropez","status":"publish","type":"post","link":"https:\/\/imgist.ru\/fr\/byvshij-pilot-formuly-1-ralf-shumaher-zhenilsya-na-svoem-partnere-etene-buske-kassane-v-sen-trope\/","title":{"rendered":"L&#039;ancien pilote de Formule 1 Ralf Schumacher a \u00e9pous\u00e9 son partenaire Etienne Bousquet-Cassand \u00e0 Saint-Tropez"},"content":{"rendered":"<h3>\u00c0 SAVOIR<\/h3>\n<ul>\n<li>\n<p> Ralf Schumacher et \u00c9tienne Bousquet-Cassagne ont annonc\u00e9 sur Instagram qu&#039;ils s&#039;\u00e9taient mari\u00e9s \u00e0 Saint-Tropez.<\/p>\n<\/li>\n<\/ul>\n<ul>\n<li>\n<p> Le mariage figurera dans leur s\u00e9rie documentaire, qui sera diffus\u00e9e le 6 juin.<\/p>\n<\/li>\n<li>\n<p> Le couple a officialis\u00e9 sa relation en juillet 2024 et annonc\u00e9 ses fian\u00e7ailles en f\u00e9vrier 2026.<\/p>\n<\/li>\n<\/ul>\n<p> Ralf Schumacher et Etienne Bousquet-Cassagne sont mari\u00e9s !<\/p>\n<p> L&#039;ancien pilote de Formule 1, \u00e2g\u00e9 de 50 ans, et son mari se sont mari\u00e9s \u00e0 Saint-Tropez et ont annonc\u00e9 l&#039;heureuse nouvelle dans une publication Instagram commune le jeudi 4 juin.<\/p>\n<p> La l\u00e9gende de la photo, publi\u00e9e en allemand et \u00e9crite par Bousquet-Cassagne, se traduit ainsi en fran\u00e7ais\u00a0: \u00ab\u00a0Le week-end dernier, le premier chapitre de notre nouvelle vie ensemble a commenc\u00e9 devant tous ceux qui nous aiment. Le c\u0153ur rempli de fiert\u00e9 et d\u2019\u00e9motion, je veux te dire que je te choisis pour toujours.\u00a0\u00bb. <\/p>\n<p> Ralf Schumacher (\u00e0 droite) et \u00c9tienne Bousquet-Cassan le jour de leur mariage. Photo\u00a0: EliotPress\/BACKGRID<\/p>\n<p> Bousquet-Cassagne continua de se confier \u00e0 son mari, d\u00e9taillant comment celui-ci avait \u00ab apport\u00e9 de la lumi\u00e8re \u00bb et \u00ab un agr\u00e9able sentiment de confiance \u00bb dans sa vie.<\/p>\n<p> \u00ab Avec toi, je me sens libre d&#039;\u00eatre moi-m\u00eame et une personne \u00e0 part enti\u00e8re \u00bb, a-t-il \u00e9crit, ajoutant : \u00ab Ma vie a chang\u00e9 depuis que nous nous sommes rencontr\u00e9s. Tu as illumin\u00e9 mes journ\u00e9es de solitude. \u00bb.<\/p>\n<p> Bousquet-Cassagne a jur\u00e9 d&#039;aimer et de respecter Ralph pour toujours et de continuer \u00e0 le soutenir dans les bons comme dans les mauvais moments. <\/p>\n<p> Ralf Schumacher (\u00e0 gauche) et \u00c9tienne Bousquet-Cassagne le jour de leur mariage. Photo\u00a0: EliotPress\/BACKGRID<\/p>\n<p> \u00ab Pour le reste de ma vie, je veux explorer le monde avec toi, partager les petits bonheurs du quotidien comme les plus grandes aventures, et grandir ensemble dans cet amour qui nous rend plus forts \u00bb, a-t-il poursuivi. \u00ab Je t\u2019aime infiniment \u2014 mon mari, mon tout. Ton mari, pour toujours. \u2764\ufe0f \u00bb.<\/p>\n<p> \u00c0 la fin de l&#039;article se trouvait l&#039;\u00e9pisode final de la s\u00e9rie documentaire \u00ab <em>Ralph et \u00c9tienne : Nous sommes en train de parler.\u00bb<\/em> , Ce t\u00e9l\u00e9film, qui devrait raconter l&#039;histoire du mariage, sera diffus\u00e9 sur Sky Deutschland le samedi 6 juin.<\/p>\n<p> Le couple a partag\u00e9 une douzaine de photos de leur mariage. Sur l&#039;une d&#039;elles, on les voit signer leur certificat de mariage \u00e0 la mairie de Saint-Tropez, entour\u00e9s de leurs proches, puis naviguer dans le golfe de Saint-Tropez \u00e0 bord d&#039;un hors-bord. Plus tard dans la soir\u00e9e, ils ont f\u00eat\u00e9 l&#039;\u00e9v\u00e9nement en plein air avec de la musique, des danses et un feu d&#039;artifice. <\/p>\n<p> Ralf Schumacher (\u00e0 gauche) et \u00c9tienne Bousquet-Cassagne le jour de leur mariage. Photo\u00a0: EliotPress\/BACKGRID<\/p>\n<p> <strong>Ne manquez aucune actualit\u00e9 - abonnez-vous \u00e0<\/strong> <strong>newsletter quotidienne gratuite PEOPLE<\/strong> <strong>, pour rester au courant des meilleures actualit\u00e9s de PEOPLE, des nouvelles des c\u00e9l\u00e9brit\u00e9s aux histoires humaines les plus touchantes.<\/strong><\/p>\n<p> Ralf, le fr\u00e8re cadet du pilote de Formule 1 Michael Schumacher, a officialis\u00e9 sa relation avec Busquets-Cassagne sur Instagram en juillet 2024. Le couple avait annonc\u00e9 ses fian\u00e7ailles sur Instagram en f\u00e9vrier de la m\u00eame ann\u00e9e.<\/p>\n<p> Ralph a un fils, David, \u00e2g\u00e9 de 24 ans, avec son ex-femme, Cora-Coraline Schumacher. Le couple s&#039;est mari\u00e9 en 2001 et a finalis\u00e9 son divorce en 2015.<\/p>\n<p> Lisez l&#039;article original sur People.<\/p>","protected":false},"excerpt":{"rendered":"<p>\u00c0 SAVOIR\u00a0: Ralf Schumacher et \u00c9tienne Bousquet-Cassagne ont annonc\u00e9 sur Instagram leur mariage \u00e0 Saint-Tropez. La c\u00e9r\u00e9monie sera pr\u00e9sent\u00e9e dans leur s\u00e9rie documentaire, qui sera diffus\u00e9e\u2026<\/p>","protected":false},"author":1,"featured_media":12859,"comment_status":"open","ping_status":"closed","sticky":false,"template":"","format":"standard","meta":{"footnotes":""},"categories":[5],"tags":[],"class_list":["post-12858","post","type-post","status-publish","format-standard","has-post-thumbnail","hentry","category-selebriti","hvn-theme-has-thumbnail"],"_links":{"self":[{"href":"https:\/\/imgist.ru\/fr\/wp-json\/wp\/v2\/posts\/12858","targetHints":{"allow":["GET"]}}],"collection":[{"href":"https:\/\/imgist.ru\/fr\/wp-json\/wp\/v2\/posts"}],"about":[{"href":"https:\/\/imgist.ru\/fr\/wp-json\/wp\/v2\/types\/post"}],"author":[{"embeddable":true,"href":"https:\/\/imgist.ru\/fr\/wp-json\/wp\/v2\/users\/1"}],"replies":[{"embeddable":true,"href":"https:\/\/imgist.ru\/fr\/wp-json\/wp\/v2\/comments?post=12858"}],"version-history":[{"count":3,"href":"https:\/\/imgist.ru\/fr\/wp-json\/wp\/v2\/posts\/12858\/revisions"}],"predecessor-version":[{"id":156287,"href":"https:\/\/imgist.ru\/fr\/wp-json\/wp\/v2\/posts\/12858\/revisions\/156287"}],"wp:featuredmedia":[{"embeddable":true,"href":"https:\/\/imgist.ru\/fr\/wp-json\/wp\/v2\/media\/12859"}],"wp:attachment":[{"href":"https:\/\/imgist.ru\/fr\/wp-json\/wp\/v2\/media?parent=12858"}],"wp:term":[{"taxonomy":"category","embeddable":true,"href":"https:\/\/imgist.ru\/fr\/wp-json\/wp\/v2\/categories?post=12858"},{"taxonomy":"post_tag","embeddable":true,"href":"https:\/\/imgist.ru\/fr\/wp-json\/wp\/v2\/tags?post=12858"}],"curies":[{"name":"wp","href":"https:\/\/api.w.org\/{rel}","templated":true}]}}