{"id":12969,"date":"2026-06-05T01:20:19","date_gmt":"2026-06-04T22:20:19","guid":{"rendered":"https:\/\/imgist.ru\/13-letnyaya-vivian-doch-toma-bredi-i-zhizel-byundhen-ochen-pohozha-na-nih-ona-demonstriruet-svoi-dlinnye-volosy-i-navyki-igry-v-volejbol\/"},"modified":"2026-08-29T12:10:54","modified_gmt":"2026-08-29T09:10:54","slug":"vivian-13-ans-fille-de-tom-brady-et-giselle-bundchen-leur-ressemble-comme-deux-gouttes-deau-et-exhibe-ses-longs-cheveux-et-ses-talents-au-volley-ball","status":"publish","type":"post","link":"https:\/\/imgist.ru\/fr\/13-letnyaya-vivian-doch-toma-bredi-i-zhizel-byundhen-ochen-pohozha-na-nih-ona-demonstriruet-svoi-dlinnye-volosy-i-navyki-igry-v-volejbol\/","title":{"rendered":"Vivian, la fille de 13 ans de Tom Brady et Gisele B\u00fcndchen, leur ressemble comme deux gouttes d&#039;eau, avec ses longs cheveux et ses talents au volley-ball."},"content":{"rendered":"<h3>L&#039;essence<\/h3>\n<ul>\n<li>\n<p> Vivian, la fille de 13 ans de Tom Brady et Gisele B\u00fcndchen, appara\u00eet dans le nouveau carrousel Instagram de son p\u00e8re.<\/p>\n<\/li>\n<li>\n<p> Sur plusieurs photos, il joue au volley-ball avec son plus jeune enfant.<\/p>\n<\/li>\n<li>\n<p> \u00ab Je crois que j&#039;ai besoin d&#039;un entra\u00eeneur pour m&#039;aider \u00e0 suivre le rythme \u00bb, a \u00e9crit Brady.<\/p>\n<\/li>\n<\/ul>\n<p> Vivian, la fille de Tom Brady et Gisele B\u00fcndchen, a h\u00e9rit\u00e9 du talent sportif de son p\u00e8re. Dans une nouvelle s\u00e9rie de photos Instagram publi\u00e9e le 3 juin, l&#039;ancien joueur de football am\u00e9ricain a encourag\u00e9 sa fille de 13 ans \u00e0 commencer un entra\u00eenement en vue des Jeux olympiques.<\/p>\n<p> Sur plusieurs photos, Brady et Vivian profitent d&#039;un match de volley-ball par une journ\u00e9e ensoleill\u00e9e. L&#039;adolescente, qui a manifestement h\u00e9rit\u00e9 de la couleur de cheveux bronze de sa m\u00e8re, a ses longs cheveux, qui lui arrivent aux hanches, attach\u00e9s en une queue de cheval basse. <\/p>\n<p> Tom Brady et sa fille Vivian en juin 2025. Photo : Tom Brady sur Instagram.<\/p>\n<p> \u00ab Je crois que j&#039;ai besoin d&#039;un entra\u00eeneur pour suivre le rythme. @usavolleyball, avez-vous des places disponibles au camp cette ann\u00e9e ? \u00bb, a \u00e9crit Brady en l\u00e9gende de la photo.<\/p>\n<p> L&#039;ancien quarterback des New England Patriots avait d\u00e9j\u00e0 mis en avant les talents de sa fille au volley-ball. En avril, il avait qualifi\u00e9 Vivian de \u00ab future championne olympique \u00bb dans une vid\u00e9o Instagram o\u00f9 elle faisait la d\u00e9monstration de son adresse au tir. <\/p>\n<p> Tom Brady et sa fille Vivian aux Jeux olympiques de Paris 2024. Photo\u00a0: Getty Images<\/p>\n<p> Brady et B\u00fcndchen ont \u00e9t\u00e9 mari\u00e9s pendant plus de 20 ans avant de divorcer en 2022. Ils ont un fils, Benjamin. L&#039;athl\u00e8te est \u00e9galement le p\u00e8re de Jack, un gar\u00e7on de 18 ans, n\u00e9 de sa relation avec son ex-compagne, Bridget Moynahan. B\u00fcndchen s&#039;est ensuite remari\u00e9e avec Joaquim Valente, le p\u00e8re de son troisi\u00e8me enfant, un gar\u00e7on.<\/p>\n<p> En mars dernier, Brady s&#039;est rem\u00e9mor\u00e9 l&#039;enfance de Vivian en publiant une touchante photo d&#039;\u00e9poque de sa fille unique. <\/p>\n<p> Publication de Tom Brady sur Instagram Stories du 13 mars 2026. Photo\u00a0: Tom Brady\/Instagram<\/p>\n<p> Sur une photo publi\u00e9e dans sa story Instagram, Vivian enlace son p\u00e8re, v\u00eatu de l&#039;uniforme des New England Patriots et agenouill\u00e9 sur le terrain de football am\u00e9ricain. Il a l\u00e9gend\u00e9 la photo avec trois \u00e9mojis c\u0153ur rouge. La photo a \u00e9t\u00e9 prise lors du camp d&#039;entra\u00eenement de l&#039;\u00e9quipe en ao\u00fbt 2018\u00a0; Vivian avait alors cinq ans.<\/p>\n<p> En d\u00e9cembre, Brady a c\u00e9l\u00e9br\u00e9 l&#039;anniversaire de sa fille avec un autre hommage touchant sur Instagram.<\/p>\n<p> Le carrousel de photos de Brady pr\u00e9sentait des clich\u00e9s de divers voyages et \u00e9v\u00e9nements. En couverture, il enlace Vivian, et sur une autre photo, elle joue au volley-ball. Le p\u00e8re et la fille figuraient \u00e9galement sur des photos prises dans le Michigan, au Japon et \u00e0 Paris.<\/p>\n<p> Lisez l&#039;article original sur InStyle.<\/p>","protected":false},"excerpt":{"rendered":"<p>Vivian, la fille de 13 ans de Tom Brady et Gisele B\u00fcndchen, appara\u00eet dans le nouveau carrousel Instagram de son p\u00e8re. Sur plusieurs photos, on le voit jouer au volley-ball\u2026<\/p>","protected":false},"author":1,"featured_media":12970,"comment_status":"open","ping_status":"closed","sticky":false,"template":"","format":"standard","meta":{"footnotes":""},"categories":[5],"tags":[],"class_list":["post-12969","post","type-post","status-publish","format-standard","has-post-thumbnail","hentry","category-selebriti","hvn-theme-has-thumbnail"],"_links":{"self":[{"href":"https:\/\/imgist.ru\/fr\/wp-json\/wp\/v2\/posts\/12969","targetHints":{"allow":["GET"]}}],"collection":[{"href":"https:\/\/imgist.ru\/fr\/wp-json\/wp\/v2\/posts"}],"about":[{"href":"https:\/\/imgist.ru\/fr\/wp-json\/wp\/v2\/types\/post"}],"author":[{"embeddable":true,"href":"https:\/\/imgist.ru\/fr\/wp-json\/wp\/v2\/users\/1"}],"replies":[{"embeddable":true,"href":"https:\/\/imgist.ru\/fr\/wp-json\/wp\/v2\/comments?post=12969"}],"version-history":[{"count":3,"href":"https:\/\/imgist.ru\/fr\/wp-json\/wp\/v2\/posts\/12969\/revisions"}],"predecessor-version":[{"id":156415,"href":"https:\/\/imgist.ru\/fr\/wp-json\/wp\/v2\/posts\/12969\/revisions\/156415"}],"wp:featuredmedia":[{"embeddable":true,"href":"https:\/\/imgist.ru\/fr\/wp-json\/wp\/v2\/media\/12970"}],"wp:attachment":[{"href":"https:\/\/imgist.ru\/fr\/wp-json\/wp\/v2\/media?parent=12969"}],"wp:term":[{"taxonomy":"category","embeddable":true,"href":"https:\/\/imgist.ru\/fr\/wp-json\/wp\/v2\/categories?post=12969"},{"taxonomy":"post_tag","embeddable":true,"href":"https:\/\/imgist.ru\/fr\/wp-json\/wp\/v2\/tags?post=12969"}],"curies":[{"name":"wp","href":"https:\/\/api.w.org\/{rel}","templated":true}]}}