{"id":13122,"date":"2026-06-05T03:14:08","date_gmt":"2026-06-05T00:14:08","guid":{"rendered":"https:\/\/imgist.ru\/final-seriala-uoltony-iznachalno-ne-zadumyvalsya-kak-konecz-i-poklonniki-do-sih-por-sporyat-ob-etom\/"},"modified":"2026-08-29T12:11:21","modified_gmt":"2026-08-29T09:11:21","slug":"le-dernier-episode-de-la-serie-les-waltons-netait-pas-initialement-prevu-comme-la-fin-et-les-fans-en-debattent-encore","status":"publish","type":"post","link":"https:\/\/imgist.ru\/fr\/final-seriala-uoltony-iznachalno-ne-zadumyvalsya-kak-konecz-i-poklonniki-do-sih-por-sporyat-ob-etom\/","title":{"rendered":"Le dernier \u00e9pisode de La Famille Walton n&#039;\u00e9tait pas initialement pr\u00e9vu comme la fin, et les fans en d\u00e9battent encore."},"content":{"rendered":"<p>Plus de quatre d\u00e9cennies apr\u00e8s la fin <em>s\u00e9rie t\u00e9l\u00e9vis\u00e9e \u00ab Les Waltons \u00bb<\/em> L&#039;\u00e9pisode final continue de susciter la controverse parmi les fans. Cela peut s&#039;expliquer en partie par le fait que ce que les t\u00e9l\u00e9spectateurs ont vu comme le final de la s\u00e9rie n&#039;\u00e9tait pas initialement pr\u00e9vu comme tel.<\/p>\n<p> Comme indiqu\u00e9 <strong>Kami Kotler<\/strong> (Elizabeth) a d\u00e9clar\u00e9 dans un message Facebook que le dernier \u00e9pisode avait d\u00e9j\u00e0 \u00e9t\u00e9 film\u00e9 pendant que les acteurs \u00e9taient en vacances, esp\u00e9rant un renouvellement pour la saison prochaine.<\/p>\n<p> \u00ab Lorsque la cha\u00eene a d\u00e9cid\u00e9 d&#039;arr\u00eater la diffusion de l&#039;\u00e9mission, aucun pr\u00e9avis officiel n&#039;a \u00e9t\u00e9 donn\u00e9 aux acteurs \u00bb, a-t-elle expliqu\u00e9.<\/p>\n<p> Kotler a poursuivi\u00a0: \u00ab\u00a0Quelqu\u2019un l\u2019a vu aux informations et a ensuite appel\u00e9 tout le monde pour le signaler. C\u2019\u00e9tait d\u00e9routant de penser que c\u2019\u00e9tait fini.\u00a0\u00bb.<\/p>\n<p> L&#039;\u00e9pisode, intitul\u00e9 \u00ab\u00a0Vacances\u00a0\u00bb, a \u00e9t\u00e9 diffus\u00e9 en juin 1981. Au moment du tournage, les cr\u00e9ateurs de la s\u00e9rie esp\u00e9raient qu&#039;une autre saison suivrait.<\/p>\n<p> Pour les t\u00e9l\u00e9spectateurs de longue date de la s\u00e9rie <em>\u00abLes Walton\u00bb<\/em> La discussion autour de la fin s&#039;inscrit en r\u00e9alit\u00e9 dans un d\u00e9bat plus large sur le moment o\u00f9 la s\u00e9rie a commenc\u00e9 \u00e0 changer.<\/p>\n<p> Certains estiment que la s\u00e9rie a perdu de son charme apr\u00e8s le d\u00e9part de John-Boy (Richard Thomas) et la mort de Grand-p\u00e8re (Will Geere). D&#039;autres appr\u00e9cient la mani\u00e8re dont elle a continu\u00e9 d&#039;\u00e9voluer durant ses derni\u00e8res ann\u00e9es.<\/p>\n<p> De nombreux fans de la s\u00e9rie <em>\u00abLes Walton\u00bb<\/em> Ils admettent avoir trouv\u00e9 l&#039;\u00e9pisode final globalement assez d\u00e9routant, tandis que beaucoup d&#039;autres ont estim\u00e9 qu&#039;il avait vis\u00e9 juste.<\/p>\n<p> \u00ab Ma m\u00e8re et moi regardons souvent le dernier \u00e9pisode de la s\u00e9rie. Nous avons toujours trouv\u00e9 que c&#039;\u00e9tait une fin bizarre \u00bb, a comment\u00e9 un fan.<\/p>\n<p> \u00ab En regardant le dernier \u00e9pisode, on a l&#039;impression que quelqu&#039;un savait exactement que c&#039;\u00e9tait la fin\u2026 C&#039;est tr\u00e8s \u00e9mouvant \u00bb, a \u00e9crit un fan sur Facebook.<\/p>\n<p> Un autre utilisateur de Facebook a d\u00e9clar\u00e9 : \u00ab L&#039;ironie, c&#039;est que les &quot;pires&quot; saisons\/\u00e9pisodes de s\u00e9ries classiques comme Les Walton ou La Petite Maison dans la prairie sont encore meilleurs que presque tout ce qui passe \u00e0 la t\u00e9l\u00e9vision ces temps-ci. \u00ab.<\/p>\n<p> Sur Reddit, un spectateur a admis avoir \u00e9t\u00e9 assez surpris par la m\u00e9diocrit\u00e9 du final\u2026 \u00ab Je pensais qu\u2019apr\u00e8s tant d\u2019ann\u00e9es de rediffusions, ils auraient offert une fin digne de ce nom \u00e0 la s\u00e9rie. \u00bb. <\/p>\n<p> Nikki Nelson \/ WENN.com<\/p>\n<p> \u00ab Le final de la saison 7 (la Journ\u00e9e des fondateurs) ressemblait davantage \u00e0 la v\u00e9ritable Journ\u00e9e de la fondation qu&#039;\u00e0 la r\u00e9alit\u00e9 \u00ab, a fait remarquer quelqu&#039;un, et plusieurs autres ont acquiesc\u00e9.<\/p>\n<p> \u00ab Quand John Boy est parti \u00e0 New York et que Grand-p\u00e8re est d\u00e9c\u00e9d\u00e9, il \u00e9tait temps que la s\u00e9rie se termine \u00bb, a \u00e9crit un autre utilisateur de Reddit, commentant la fin de la s\u00e9rie.<\/p>\n<p> \u00ab La s\u00e9rie aurait d\u00fb s&#039;arr\u00eater apr\u00e8s la saison 6. La mort de grand-p\u00e8re aurait pu \u00eatre montr\u00e9e dans un t\u00e9l\u00e9film ensuite \u00bb, a rench\u00e9ri une autre personne.<\/p>\n<p> \u00ab Super \u00e9pisode, mais c&#039;est triste de le voir se terminer \u00bb, a \u00e9crit un autre fan sur Facebook.<\/p>\n<p> Quelqu&#039;un d&#039;autre a ajout\u00e9\u00a0: \u00ab\u00a0Comme on dit, toutes les bonnes choses ont une fin. Mais je n&#039;\u00e9tais pas pr\u00eat \u00e0 ce que Les Walton s&#039;arr\u00eatent. Je suis juste content que \u00e7a ait dur\u00e9 aussi longtemps.\u00a0\u00ab.<\/p>\n<p> Plus de quarante ans apr\u00e8s, de nombreux t\u00e9l\u00e9spectateurs l&#039;appellent encore ainsi. <em>\u00abLes Walton\u00bb<\/em> Une s\u00e9rie t\u00e9l\u00e9vis\u00e9e qu&#039;ils regardent encore et encore. Qu&#039;ils aient aim\u00e9 la fin ou qu&#039;ils auraient pr\u00e9f\u00e9r\u00e9 une autre, la s\u00e9rie continue d&#039;\u00e9voquer pour les fans l&#039;importance de la famille et d&#039;une \u00e9poque plus simple.<\/p>\n<p> Lisez d&#039;autres articles de Closer Weekly.<\/p>\n<ul>\n<li>\n<p> Les psychologues affirment que la retraite forc\u00e9e peut \u00eatre l&#039;un des coups les plus douloureux de la vie \u2013 voici pourquoi.<\/p>\n<\/li>\n<li>\n<p> Adieux soudains\u00a0: pourquoi le m\u00e9chant de \u00ab\u00a0General Hospital\u00a0\u00bb s\u2019est-il enfui \u00e0 la derni\u00e8re minute\u00a0?<\/p>\n<\/li>\n<li>\n<p> Sally Field, \u00e0 79 ans, \u00ab repousse toujours les limites \u00bb : \u00ab Son \u00e2ge ne la ralentira pas le moins du monde. \u00bb.<\/p>\n<\/li>\n<\/ul>\n<p> Cet article, \u00ab\u00a0Le dernier \u00e9pisode de la s\u00e9rie Les Walton n&#039;\u00e9tait pas cens\u00e9 \u00eatre la fin, et les fans en d\u00e9battent encore\u00a0\u00ab, a initialement paru sur Closer Weekly. Abonnez-vous \u00e0 <strong>Closer Weekly<\/strong> sur <strong>Yahoo<\/strong> , afin de ne pas manquer les prochains \u00e9pisodes.<\/p>","protected":false},"excerpt":{"rendered":"<p>Plus de quarante ans apr\u00e8s la fin de \u00ab\u00a0La Famille Walton\u00a0\u00bb, le final reste controvers\u00e9 aupr\u00e8s des fans. Cela peut s&#039;expliquer en partie par le fait que\u2026<\/p>","protected":false},"author":1,"featured_media":13123,"comment_status":"open","ping_status":"closed","sticky":false,"template":"","format":"standard","meta":{"footnotes":""},"categories":[6],"tags":[],"class_list":["post-13122","post","type-post","status-publish","format-standard","has-post-thumbnail","hentry","category-kinoindustriya","hvn-theme-has-thumbnail"],"_links":{"self":[{"href":"https:\/\/imgist.ru\/fr\/wp-json\/wp\/v2\/posts\/13122","targetHints":{"allow":["GET"]}}],"collection":[{"href":"https:\/\/imgist.ru\/fr\/wp-json\/wp\/v2\/posts"}],"about":[{"href":"https:\/\/imgist.ru\/fr\/wp-json\/wp\/v2\/types\/post"}],"author":[{"embeddable":true,"href":"https:\/\/imgist.ru\/fr\/wp-json\/wp\/v2\/users\/1"}],"replies":[{"embeddable":true,"href":"https:\/\/imgist.ru\/fr\/wp-json\/wp\/v2\/comments?post=13122"}],"version-history":[{"count":1,"href":"https:\/\/imgist.ru\/fr\/wp-json\/wp\/v2\/posts\/13122\/revisions"}],"predecessor-version":[{"id":156649,"href":"https:\/\/imgist.ru\/fr\/wp-json\/wp\/v2\/posts\/13122\/revisions\/156649"}],"wp:featuredmedia":[{"embeddable":true,"href":"https:\/\/imgist.ru\/fr\/wp-json\/wp\/v2\/media\/13123"}],"wp:attachment":[{"href":"https:\/\/imgist.ru\/fr\/wp-json\/wp\/v2\/media?parent=13122"}],"wp:term":[{"taxonomy":"category","embeddable":true,"href":"https:\/\/imgist.ru\/fr\/wp-json\/wp\/v2\/categories?post=13122"},{"taxonomy":"post_tag","embeddable":true,"href":"https:\/\/imgist.ru\/fr\/wp-json\/wp\/v2\/tags?post=13122"}],"curies":[{"name":"wp","href":"https:\/\/api.w.org\/{rel}","templated":true}]}}