{"id":13308,"date":"2026-06-05T06:18:57","date_gmt":"2026-06-05T03:18:57","guid":{"rendered":"https:\/\/imgist.ru\/richard-gir-priznalsya-chto-emu-gluboko-stydno-v-emoczionalnom-zayavlenii\/"},"modified":"2026-08-29T12:11:47","modified_gmt":"2026-08-29T09:11:47","slug":"richard-gere-a-admis-dans-une-declaration-emouvante-avoir-profondement-honte","status":"publish","type":"post","link":"https:\/\/imgist.ru\/fr\/richard-gir-priznalsya-chto-emu-gluboko-stydno-v-emoczionalnom-zayavlenii\/","title":{"rendered":"Richard Gere a admis, dans une d\u00e9claration \u00e9mouvante, \u00eatre \u00ab profond\u00e9ment honteux \u00bb."},"content":{"rendered":"<p>Jeudi, Richard Gere a \u00e9voqu\u00e9 la situation politique dans son pays d&#039;origine, les \u00c9tats-Unis, lors d&#039;un \u00e9v\u00e9nement co-organis\u00e9 par le Hertie Center for Basic Human Rights et l&#039;association caritative qui porte son nom, la Fondation Gere.<\/p>\n<p> L&#039;homme politique de 76 ans, s&#039;exprimant lors d&#039;un \u00e9v\u00e9nement \u00e0 Berlin, a d\u00e9clar\u00e9 qu&#039;il avait \u00ab profond\u00e9ment honte \u00bb de ce que les \u00c9tats-Unis \u00e9taient devenus sous la direction de Donald Trump, \u00e9lu pr\u00e9sident en novembre 2024.<\/p>\n<p> \u00ab Vous est-il jamais venu \u00e0 l&#039;esprit que l&#039;Am\u00e9rique puisse sombrer \u00e0 un tel niveau ? Avez-vous jamais imagin\u00e9 qu&#039;un tel fou puisse devenir pr\u00e9sident des \u00c9tats-Unis et chercher \u00e0 les d\u00e9truire ? \u00bb a-t-il demand\u00e9 \u00e0 l&#039;auditoire. <\/p>\n<p> Richard a admis qu&#039;il avait \u00ab profond\u00e9ment honte \u00bb des bouleversements politiques aux \u00c9tats-Unis (AFP via Getty Images).<\/p>\n<p> \u00ab L\u2019histoire de l\u2019humanit\u00e9 est, \u00e0 bien des \u00e9gards, une histoire de migrations et de d\u00e9placements de population. C\u2019est l\u2019histoire de peuples qui s\u2019adaptent, construisent, contribuent et r\u00eavent. Et pourtant, pour une raison qui m\u2019\u00e9chappe, dans les d\u00e9bats contemporains, on parle souvent des migrants et des r\u00e9fugi\u00e9s comme s\u2019ils \u00e9taient diff\u00e9rents de nous. \u00bb.<\/p>\n<p> Il a poursuivi\u00a0: \u00ab\u00a0Je crois qu\u2019on m\u2019a trait\u00e9 d\u2019extraterrestre aujourd\u2019hui. D\u2019extraterrestre. C\u2019est la derni\u00e8re fois que j\u2019entendrai parler d\u2019eux. Avant, c\u2019\u00e9taient des nuisibles, mais maintenant, ce sont des extraterrestres. J\u2019en ai profond\u00e9ment honte, je tiens \u00e0 ce que vous le sachiez.\u00a0\u00bb.<\/p>\n<p> \u00ab Ils appartiennent \u00e0 une autre cat\u00e9gorie, comme si leurs espoirs, leurs craintes et leurs aspirations \u00e9taient moins l\u00e9gitimes que les n\u00f4tres \u00bb, a ajout\u00e9 Richard. \u00ab La v\u00e9rit\u00e9 est simple : nous sommes tous li\u00e9s par le mouvement, par notre humanit\u00e9 commune, par les chemins que nous avons emprunt\u00e9s avant nous. \u00bb. <\/p>\n<p> Dans le pass\u00e9, il a ouvertement exprim\u00e9 son m\u00e9pris pour Trump (dpa\/picture alliance via Getty I).<\/p>\n<p> Un p\u00e8re de trois enfants, qui a consacr\u00e9 sa vie \u00e0 l&#039;humanitaire, a d\u00e9plor\u00e9 de ne pas en avoir fait assez pendant la campagne \u00e9lectorale pour informer les citoyens sur leurs options politiques. \u00ab Je n&#039;ai pas suffisamment \u0153uvr\u00e9 pour convaincre mon entourage, proche ou lointain, qu&#039;\u00e9lire cet homme \u00e0 la pr\u00e9sidence des \u00c9tats-Unis \u00e9tait une folie \u00bb, a-t-il d\u00e9clar\u00e9 en juin dernier lors du Freedom Forum \u00e0 Oslo, en Norv\u00e8ge.<\/p>\n<p> <strong>Pour en savoir plus sur la vie de famille de Richard, consultez les informations ci-dessous\u2026<\/strong><\/p>\n<p> Apr\u00e8s l&#039;\u00e9lection de Trump \u00e0 la pr\u00e9sidence en 2024, Richard s&#039;est install\u00e9 en Espagne avec sa femme, Alejandra Silva, et leurs deux plus jeunes fils, James et Alexander. La famille y a v\u00e9cu un an avant de retourner aux \u00c9tats-Unis, o\u00f9 r\u00e9side le fils a\u00een\u00e9 de l&#039;acteur, Homer.<\/p>\n<h3> Vous aimerez peut-\u00eatre aussi<\/h3>\n<ol>\n<li>\n<h3> Les fils de Richard Gere ont tellement grandi sur ces rares photos in\u00e9dites prises par leur m\u00e8re, Alejandra.<\/h3>\n<\/li>\n<li>\n<h3> Le fils a\u00een\u00e9 de Richard Gere a \u00e9voqu\u00e9 sa relation \u00e9troite avec son c\u00e9l\u00e8bre p\u00e8re.<\/h3>\n<\/li>\n<li>\n<h3> Richard Gere adore ses trois enfants, et sa femme le qualifie de \u00ab p\u00e8re merveilleux \u00bb.<\/h3>\n<\/li>\n<\/ol>\n<p> \u00ab C&#039;\u00e9tait merveilleux \u00bb, a dit Richard. <strong>magazine HELLO!<\/strong> \u00c0 propos de son s\u00e9jour dans ce pays europ\u00e9en\u00a0: \u00ab\u00a0Nous sommes de retour ici maintenant, mais notre famille a pass\u00e9 un an en Espagne. Et le plus important, c\u2019est qu\u2019Ale \u00e9tait vraiment heureuse avec sa famille, ses amis, la culture et la ville. Et la nourriture aussi.\u00a0\u00bb. <\/p>\n<p> Richard et Alejandra ont d\u00e9m\u00e9nag\u00e9 en Espagne en 2024.<\/p>\n<p> \u00c9toile <em>film \u00ab Pretty Woman \u00bb<\/em> Je vous l&#039;ai dit plus t\u00f4t <em><em>Magazine People<\/em><\/em> , Il a confi\u00e9 que l&#039;Espagne repr\u00e9sentait un changement bienvenu par rapport au \u00ab stress \u00bb de la vie aux \u00c9tats-Unis. \u00ab Ma femme est si heureuse en Espagne, et c&#039;est ce qu&#039;il y a de mieux \u00bb, a-t-il d\u00e9clar\u00e9. \u00ab Elle a une famille et des amis formidables. \u00bb. <\/p>\n<p> Il a v\u00e9cu un an en Espagne avec sa femme, ses deux fils et son beau-fils (Instagram\/ @alejandragere)<\/p>\n<p> \u00ab La culture espagnole se caract\u00e9rise par une atmosph\u00e8re tr\u00e8s ouverte et joyeuse \u00bb, a ajout\u00e9 Richard. \u00ab Les gens ici sont tr\u00e8s amicaux, ouverts et beaucoup moins stress\u00e9s qu&#039;aux \u00c9tats-Unis. \u00bb.<\/p>\n<p> \u00ab C&#039;est un endroit tr\u00e8s joyeux. Et les Italiens le sont aussi. Je veux dire, \u00eatre en Italie, \u00eatre en Espagne, c&#039;est \u00eatre en contact avec des cultures latino-am\u00e9ricaines qui appr\u00e9hendent la vie de mani\u00e8re totalement diff\u00e9rente de la n\u00f4tre. \u00bb.<\/p>","protected":false},"excerpt":{"rendered":"<p>Jeudi, Richard Gere a \u00e9voqu\u00e9 la situation politique dans son pays d&#039;origine, les \u00c9tats-Unis, lors d&#039;un \u00e9v\u00e9nement co-organis\u00e9 par le Centre pour les droits fondamentaux de l&#039;homme\u2026<\/p>","protected":false},"author":1,"featured_media":13309,"comment_status":"open","ping_status":"closed","sticky":false,"template":"","format":"standard","meta":{"footnotes":""},"categories":[5],"tags":[],"class_list":["post-13308","post","type-post","status-publish","format-standard","has-post-thumbnail","hentry","category-selebriti","hvn-theme-has-thumbnail"],"_links":{"self":[{"href":"https:\/\/imgist.ru\/fr\/wp-json\/wp\/v2\/posts\/13308","targetHints":{"allow":["GET"]}}],"collection":[{"href":"https:\/\/imgist.ru\/fr\/wp-json\/wp\/v2\/posts"}],"about":[{"href":"https:\/\/imgist.ru\/fr\/wp-json\/wp\/v2\/types\/post"}],"author":[{"embeddable":true,"href":"https:\/\/imgist.ru\/fr\/wp-json\/wp\/v2\/users\/1"}],"replies":[{"embeddable":true,"href":"https:\/\/imgist.ru\/fr\/wp-json\/wp\/v2\/comments?post=13308"}],"version-history":[{"count":4,"href":"https:\/\/imgist.ru\/fr\/wp-json\/wp\/v2\/posts\/13308\/revisions"}],"predecessor-version":[{"id":156855,"href":"https:\/\/imgist.ru\/fr\/wp-json\/wp\/v2\/posts\/13308\/revisions\/156855"}],"wp:featuredmedia":[{"embeddable":true,"href":"https:\/\/imgist.ru\/fr\/wp-json\/wp\/v2\/media\/13309"}],"wp:attachment":[{"href":"https:\/\/imgist.ru\/fr\/wp-json\/wp\/v2\/media?parent=13308"}],"wp:term":[{"taxonomy":"category","embeddable":true,"href":"https:\/\/imgist.ru\/fr\/wp-json\/wp\/v2\/categories?post=13308"},{"taxonomy":"post_tag","embeddable":true,"href":"https:\/\/imgist.ru\/fr\/wp-json\/wp\/v2\/tags?post=13308"}],"curies":[{"name":"wp","href":"https:\/\/api.w.org\/{rel}","templated":true}]}}