{"id":13347,"date":"2026-06-05T07:14:28","date_gmt":"2026-06-05T04:14:28","guid":{"rendered":"https:\/\/imgist.ru\/sag-aftra-ratificzirovala-chetyrehletnee-soglashenie-so-studiyami-i-strimingovymi-servisami\/"},"modified":"2026-06-05T07:14:28","modified_gmt":"2026-06-05T04:14:28","slug":"sag-aftra-ratifie-un-accord-de-quatre-ans-avec-les-studios-et-les-services-de-streaming","status":"publish","type":"post","link":"https:\/\/imgist.ru\/fr\/sag-aftra-ratificzirovala-chetyrehletnee-soglashenie-so-studiyami-i-strimingovymi-servisami\/","title":{"rendered":"SAG-AFTRA a ratifi\u00e9 un accord de quatre ans avec les studios et les services de streaming."},"content":{"rendered":"<p>Les membres du syndicat SAG-AFTRA ont ratifi\u00e9 un accord de quatre ans conclu d\u00e9but mai avec les studios et les services de streaming par les n\u00e9gociateurs syndicaux.<\/p>\n<p> 91,42 % des votants ont approuv\u00e9 le contrat, tandis que 8,58 % ont vot\u00e9 contre. 19,25 % des membres \u00e9ligibles de l&#039;organisation ont particip\u00e9 au vote.<\/p>\n<p> <strong>Plus d&#039;articles du Hollywood Reporter<\/strong><\/p>\n<ul>\n<li>\n<p> Les syndicats condamnent \u00ab l\u2019atteinte \u00bb \u00e0 l\u2019ind\u00e9pendance de CBS News par la haute direction.<\/p>\n<\/li>\n<li>\n<p> La vid\u00e9o des coulisses du clip \u00ab Euphoria \u00bb de Sydney Sweeney attire l&#039;attention sur le manque de femmes occupant des postes peu r\u00e9mun\u00e9r\u00e9s \u00e0 Hollywood.<\/p>\n<\/li>\n<li>\n<p> Cond\u00e9 Nast et le syndicat parviennent \u00e0 un accord concernant le licenciement des \u00ab quatre \u00bb (exclusif)<\/p>\n<\/li>\n<\/ul>\n<p> Dans sa d\u00e9claration, le pr\u00e9sident de SAG-AFTRA, Sean Astin, a affirm\u00e9\u00a0: \u00ab\u00a0Je suis fier des membres de SAG-AFTRA et de la force dont ils font preuve pour poursuivre notre objectif commun. Cet accord s\u2019appuie sur les acquis de leur combat et ouvre la voie \u00e0 une nouvelle \u00e9tape de l\u2019\u00e9volution de notre secteur. Il apporte des am\u00e9liorations salariales significatives, renforce la protection contre l\u2019intelligence artificielle et l\u2019usurpation d\u2019identit\u00e9 num\u00e9rique, p\u00e9rennise les r\u00e9gimes de prestations des membres et prend en compte les r\u00e9alit\u00e9s des artistes interpr\u00e8tes d\u2019aujourd\u2019hui.\u00a0\u00bb.<\/p>\n<p> \u00ab Nos membres ont toujours compris que prot\u00e9ger l\u2019avenir de cette profession implique de se pr\u00e9parer aux changements avant qu\u2019ils ne surviennent. Cet accord t\u00e9moigne de cet engagement et de la force collective de notre syndicat \u00bb, a conclu Astin.<\/p>\n<p> Ce vote met fin \u00e0 une p\u00e9riode de n\u00e9gociations relativement calme pour le syndicat, du moins compar\u00e9e aux pourparlers de 2023, lorsqu&#039;un groupe de travailleurs syndiqu\u00e9s avait men\u00e9 une gr\u00e8ve de 118 jours en raison de leurs inqui\u00e9tudes concernant l&#039;intelligence artificielle g\u00e9n\u00e9rative et les salaires \u00e0 l&#039;\u00e8re du streaming.<\/p>\n<p> Cette fois-ci, la SAG-AFTRA a entam\u00e9 des n\u00e9gociations avec l&#039;Alliance des producteurs de films et de t\u00e9l\u00e9vision (AMPTP), ax\u00e9es sur le renforcement du discours relatif \u00e0 l&#039;intelligence artificielle et l&#039;augmentation des salaires de ses membres. Parall\u00e8lement, les studios et les plateformes de streaming se sont efforc\u00e9s de conclure un accord \u00e0 plus long terme que les contrats triennaux habituels afin de garantir la stabilit\u00e9 de l&#039;emploi sur la dur\u00e9e.<\/p>\n<p> L&#039;accord pr\u00e9liminaire conclu le 2 mai a \u00e9t\u00e9 une bonne nouvelle pour les deux parties. L&#039;AMPTP a obtenu un contrat de quatre ans, et la SAG-AFTRA pouvait se targuer d&#039;un projet tr\u00e8s attendu de fusion des deux r\u00e9gimes de retraite de la SAG-AFTRA, rest\u00e9s distincts depuis la fusion de la Screen Actors Guild avec l&#039;American Federation of Television and Radio Artists en 2012.<\/p>\n<p> Concernant l&#039;IA, l&#039;accord oblige les producteurs \u00e0 n&#039;utiliser des interpr\u00e8tes synth\u00e9tiques, g\u00e9n\u00e9r\u00e9s par IA, que si ceux-ci apportent une \u00ab\u00a0valeur ajout\u00e9e significative\u00a0\u00bb au projet. Il fixe un montant minimum de r\u00e9mun\u00e9ration, ainsi que des droits d&#039;auteur pour l&#039;utilisation de copies num\u00e9riques cr\u00e9\u00e9es ind\u00e9pendamment (une repr\u00e9sentation hybride combinant performance humaine et IA g\u00e9n\u00e9rative). Les entreprises doivent \u00e9galement justifier d&#039;un \u00ab\u00a0motif commercial clair\u00a0\u00bb pour num\u00e9riser un interpr\u00e8te et cr\u00e9er une copie num\u00e9rique.<\/p>\n<p> En mati\u00e8re de r\u00e9mun\u00e9ration, SAG-AFTRA et AMPTP ont convenu d&#039;une augmentation annuelle du salaire minimum de trois pour cent, ainsi que d&#039;une augmentation de un pour cent du taux de prime d&#039;assurance maladie, \u00e0 compter du 1er juillet. Les parties ont convenu de recommander des ajustements au r\u00e9gime d&#039;assurance maladie pour tenir compte de l&#039;inflation des soins de sant\u00e9, notamment une augmentation trimestrielle unique des primes et une modification du seuil d&#039;admissibilit\u00e9.<\/p>\n<p> Dans le secteur en plein essor du microdrame, les deux parties ont convenu que le syndicat pourrait entamer des n\u00e9gociations sur les conditions de travail si les entreprises commen\u00e7aient \u00e0 produire ces courts projets \u00ab sur une base plus exp\u00e9rimentale \u00bb.<\/p>\n<p> Dans une interview <em>THR<\/em> , Dans une d\u00e9claration concernant l&#039;accord de 2026, Duncan Crabtree-Ireland, directeur ex\u00e9cutif national de la SAG-AFTRA, a indiqu\u00e9 que le syndicat avait profit\u00e9 de l&#039;int\u00e9r\u00eat des entreprises pour un accord \u00e0 plus long terme afin de s&#039;attaquer \u00e0 des probl\u00e8mes plus urgents. \u00ab De toute \u00e9vidence, les entreprises souhaitaient un accord \u00e0 plus long terme \u00bb, a d\u00e9clar\u00e9 M. Crabtree-Ireland. \u00ab Qu&#039;aurions-nous pu accomplir que nous n&#039;aurions pas pu accomplir en poursuivant cette id\u00e9e ? C&#039;est ainsi que nous en sommes arriv\u00e9s l\u00e0. \u00bb.<\/p>\n<p> Duncan Crabtree-Ireland, directeur ex\u00e9cutif national de la SAG-AFTRA, a men\u00e9 les n\u00e9gociations au nom du syndicat, et Greg Hessinger, pr\u00e9sident de l&#039;AMPTP, a men\u00e9 les n\u00e9gociations au nom des studios.<\/p>\n<p> Dans un communiqu\u00e9 relatif \u00e0 l&#039;accord ratifi\u00e9, l&#039;AMPTP a d\u00e9clar\u00e9\u00a0: \u00ab\u00a0La direction de la SAG-AFTRA a fait preuve d&#039;un v\u00e9ritable engagement en faveur du partenariat et, conjugu\u00e9s \u00e0 l&#039;accord conclu avec la WGA, ces accords d\u00e9montrent ce qui peut \u00eatre r\u00e9alis\u00e9 lorsque l&#039;industrie \u0153uvre \u00e0 des solutions concr\u00e8tes qui soutiennent sa p\u00e9rennit\u00e9.\u00a0\u00bb L&#039;organisation a ajout\u00e9\u00a0: \u00ab\u00a0Nous sommes impatients de consolider ce succ\u00e8s.\u00a0\u00bb.<\/p>\n<p> <strong>Le meilleur du Hollywood Reporter<\/strong><\/p>\n<ul>\n<li>\n<p> Comment Warner Brothers a d\u00e9but\u00e9 son activit\u00e9 cin\u00e9matographique<\/p>\n<\/li>\n<li>\n<p> D\u00e9couvrez les cr\u00e9ateurs de mondes : les principaux producteurs physiques d&#039;Hollywood en 2023.<\/p>\n<\/li>\n<li>\n<p> Men in Blazers, le podcast de football pr\u00e9f\u00e9r\u00e9 d&#039;Hollywood, vise un empire mondial.<\/p>\n<\/li>\n<\/ul>\n<p> Abonnez-vous \u00e0 la newsletter de THR. Pour les derni\u00e8res actualit\u00e9s, suivez-nous sur Facebook, Twitter et Instagram.<\/p>","protected":false},"excerpt":{"rendered":"<p>Les membres de la SAG-AFTRA ont ratifi\u00e9 d\u00e9but mai l&#039;accord de quatre ans conclu entre les studios et les plateformes de streaming par les n\u00e9gociateurs syndicaux. 91,42 % des votants ont approuv\u00e9 le contrat.<\/p>","protected":false},"author":1,"featured_media":13348,"comment_status":"open","ping_status":"closed","sticky":false,"template":"","format":"standard","meta":{"footnotes":""},"categories":[6],"tags":[],"class_list":["post-13347","post","type-post","status-publish","format-standard","has-post-thumbnail","hentry","category-kinoindustriya","hvn-theme-has-thumbnail"],"_links":{"self":[{"href":"https:\/\/imgist.ru\/fr\/wp-json\/wp\/v2\/posts\/13347","targetHints":{"allow":["GET"]}}],"collection":[{"href":"https:\/\/imgist.ru\/fr\/wp-json\/wp\/v2\/posts"}],"about":[{"href":"https:\/\/imgist.ru\/fr\/wp-json\/wp\/v2\/types\/post"}],"author":[{"embeddable":true,"href":"https:\/\/imgist.ru\/fr\/wp-json\/wp\/v2\/users\/1"}],"replies":[{"embeddable":true,"href":"https:\/\/imgist.ru\/fr\/wp-json\/wp\/v2\/comments?post=13347"}],"version-history":[{"count":0,"href":"https:\/\/imgist.ru\/fr\/wp-json\/wp\/v2\/posts\/13347\/revisions"}],"wp:featuredmedia":[{"embeddable":true,"href":"https:\/\/imgist.ru\/fr\/wp-json\/wp\/v2\/media\/13348"}],"wp:attachment":[{"href":"https:\/\/imgist.ru\/fr\/wp-json\/wp\/v2\/media?parent=13347"}],"wp:term":[{"taxonomy":"category","embeddable":true,"href":"https:\/\/imgist.ru\/fr\/wp-json\/wp\/v2\/categories?post=13347"},{"taxonomy":"post_tag","embeddable":true,"href":"https:\/\/imgist.ru\/fr\/wp-json\/wp\/v2\/tags?post=13347"}],"curies":[{"name":"wp","href":"https:\/\/api.w.org\/{rel}","templated":true}]}}